{"id":967,"date":"2010-04-27T18:52:20","date_gmt":"2010-04-27T18:52:20","guid":{"rendered":"http:\/\/litci.org\/pt\/2010\/04\/27\/a-pedofilia-e-o-vaticano\/"},"modified":"2010-04-27T18:52:20","modified_gmt":"2010-04-27T18:52:20","slug":"a-pedofilia-e-o-vaticano","status":"publish","type":"post","link":"https:\/\/litci.org\/pt\/2010\/04\/27\/a-pedofilia-e-o-vaticano\/","title":{"rendered":"A pedofilia e o Vaticano"},"content":{"rendered":"\n<div>\n\t<i><img loading=\"lazy\" decoding=\"async\" align=\"left\" height=\"101\" hspace=\"3\" src=\"http:\/\/litci.org\/pt\/wp-content\/uploads\/2015\/10\/papa_opt.jpg\" vspace=\"3\" width=\"150\" \/>S\u00e9rie de den\u00fancias revela como a Igreja acoberta os crimes de abuso contra crian\u00e7as pelo mundo.<\/i><\/div>\n<div>\n\t\u00a0<\/div>\n<div \/>\n\tDe tempos em tempos, o tema da pedofilia na Igreja Cat\u00f3lica ressurge atrav\u00e9s de den\u00fancia localizada em alguma par\u00f3quia num lugar distante.<br \/>\n\t<!--more--><br \/>\n\t\u00a0O assunto dura pouco. A Igreja, apoiada pela m\u00eddia e pelas autoridades, logo consegue abafar o caso.<\/div>\n<div>\n\t\u00a0<\/div>\n<div>\n\tDesta vez, recentes den\u00fancias tiveram mais contund\u00eancia do que esperavam os padres e a Santa S\u00e9. Uma declara\u00e7\u00e3o do jornal <i>The New York Times<\/i> desatou uma s\u00e9rie de den\u00fancias e deixou claro que n\u00e3o s\u00e3o casos localizados que acontecem. Segundo o jornal norte-americano, o atual papa Bento XVI e o Vaticano acobertaram o reverendo Lawrence Murphy, que teria abusado de 200 meninos surdos no Kentucky, EUA, nos anos 1950 e 1960.<\/div>\n<div>\n\t\u00a0<\/div>\n<div>\n\tO epis\u00f3dio, carregado de crueldade, veio \u00e0 tona porque as v\u00edtimas resolveram mover um processo contra o Vaticano por neglig\u00eancia. A Igreja, agora, quer recorrer \u00e0 imunidade diplom\u00e1tica para impedir que o papa tenha de depor. Bento XVI era, ent\u00e3o, o cardeal Joseph Ratzinger. O padre ped\u00f3filo n\u00e3o s\u00f3 foi protegido como manteve seu cargo e todas as suas fun\u00e7\u00f5es.<\/div>\n<div>\n\t\u00a0<\/div>\n<div>\n\tJunto com isso, uma outra omiss\u00e3o criminosa do papa teria ocorrido na d\u00e9cada de 1980. Ratzinger, \u00e0 \u00e9poca arcebispo de Munique, Alemanha, apoiou o retorno \u00e0s fun\u00e7\u00f5es de um padre que fazia tratamento psicol\u00f3gico por ter cometido abusos sexuais.<\/div>\n<div>\n\t\u00a0<\/div>\n<div>\n\tDepois que o fato veio a p\u00fablico, v\u00e1rias outras den\u00fancias come\u00e7aram a surgir, principalmente na Europa. Na Alemanha, at\u00e9 o irm\u00e3o do papa, sacerdote Georg Ratzinger, esteve envolvido em den\u00fancias, mas negou conhecer os casos e foi inocentado pelo Vaticano.<\/div>\n<div>\n\t\u00a0<\/div>\n<div>\n\tO papa minimizou os abusos. Na missa do Domingo de Ramos, Ratzinger disse que n\u00e3o se intimidar\u00e1 com o que chamou de <i>&ldquo;maledic\u00eancias da opini\u00e3o dominante&rdquo;<\/i>. A opini\u00e3o do Vaticano, expressa em seus comunicados desde ent\u00e3o, \u00e9 que existe uma conspira\u00e7\u00e3o para atacar a Igreja Cat\u00f3lica a todo custo.<\/div>\n<div>\n\t\u00a0<\/div>\n<div>\n\tSobre os esc\u00e2ndalos escondidos pelo papa e pelos bispos, o cardeal Jos\u00e9\u00a0 Saraiva Martins, assessor pr\u00f3ximo do papa, disse, em entrevista \u00e0 Folha Online, que <i>&ldquo;h\u00e1 um plano bem organizado, com um objetivo muito claro&rdquo;<\/i>. S\u00f3 n\u00e3o disse que objetivo \u00e9 este, nem por que, nem quem estaria fazendo isso.<\/div>\n<div>\n\t\u00a0<\/div>\n<div>\n\tA Igreja, como se n\u00e3o bastasse, justifica o sil\u00eancio dizendo que era justo proteger a imagem da institui\u00e7\u00e3o. Alega, como se isso justificasse os abusos, que h\u00e1 gente e advogados oportunistas querendo ganhar dinheiro com as den\u00fancias. O que isso muda na vida das v\u00edtimas? Esta \u00e9 a verdadeira moral da Igreja.<\/div>\n<div>\n\t\u00a0<\/div>\n<div>\n\t<b>Quem \u00e9 Bento XVI?<\/b><\/div>\n<div>\n\t\u00a0<\/div>\n<div>\n\tEntre os anos 1960 e 1980, correntes como a Teologia da Liberta\u00e7\u00e3o trataram de aglutinar setores que, naquele momento de efervesc\u00eancia, poderiam caminhar rumo a uma alternativa revolucion\u00e1ria. Para isso, incorporavam elementos das reivindica\u00e7\u00f5es e uma linguagem t\u00edpica da esquerda para atrair esses setores para dentro da estrutura da Igreja.<\/div>\n<div>\n\t\u00a0<\/div>\n<div>\n\tO Vaticano, a fim de atingir a base oper\u00e1ria nos principais pa\u00edses cat\u00f3licos, tolerava esse tipo de manifesta\u00e7\u00e3o, que questionava v\u00e1rios conceitos tradicionais da Igreja. Durante o papado anterior, de Jo\u00e3o Paulo II, por\u00e9m, a c\u00fapula da Igreja resolveu mudar de pol\u00edtica e n\u00e3o mais permitir contesta\u00e7\u00f5es \u00e0 doutrina oficial. Foi parte desse pontificado a defesa aberta da restaura\u00e7\u00e3o capitalista na Pol\u00f4nia e em todo o Leste europeu e o apelo \u00e0 paz com ditadores como Pinochet.\u00a0<\/div>\n<div>\n\t\u00a0<\/div>\n<div>\n\tO atual papa Bento XVI, naquele momento, era o bra\u00e7o forte e o ide\u00f3logo de Jo\u00e3o Paulo II. Ratzinger travou uma guerra contra qualquer manifesta\u00e7\u00e3o dissidente de setores da Igreja, como a Teologia da Liberta\u00e7\u00e3o, considerada marxista por ele. N\u00e3o \u00e0 toa, ganhou o apelido de Rottweiller de Deus. Foi ele que pessoalmente, quando ainda era arcebispo, puniu disciplinarmente Leonardo Boff, figura importante da Teologia da Liberta\u00e7\u00e3o.<\/div>\n<div>\n\t\u00a0<\/div>\n<div>\n\tJoseph Ratzinger j\u00e1 havia sido membro da juventude hitlerista antes de se tornar religioso. Chegou a servir ao Ex\u00e9rcito alem\u00e3o no final da Segunda Guerra Mundial. J\u00e1 padre, provou ser um anticomunista feroz nas d\u00e9cadas de 1960 e 1970. Em 1981, tornou-se presidente da Congrega\u00e7\u00e3o da Doutrina da F\u00e9, \u00f3rg\u00e3o que substituiu a Inquisi\u00e7\u00e3o em 1965.<\/div>\n<div>\n\t\u00a0<\/div>\n<div>\n\tA congrega\u00e7\u00e3o \u00e9 respons\u00e1vel por censurar poss\u00edveis dissidentes e condenar ao sil\u00eancio qualquer cat\u00f3lico que se oponha \u00e0 doutrina oficial pregada pelo Vaticano. Ratzinger \u00e9 a demonstra\u00e7\u00e3o de que a Igreja nunca mudou os conceitos e a concep\u00e7\u00e3o que tinha desde sua cria\u00e7\u00e3o, passando pela Idade M\u00e9dia, quando teve mais poder. Trata-se de um aparato pol\u00edtico que, com o tempo, foi se adaptando aos novos tempos sem, contudo, perder seu car\u00e1ter reacion\u00e1rio. \u00a0<\/div>\n<div>\n\t\u00a0<\/div>\n<div>\n\t<b>Hipocrisia para manter o poder<\/b><\/div>\n<div>\n\t\u00a0<\/div>\n<div>\n\tAt\u00e9\u00a0 o s\u00e9culo VIII era permitido aos religiosos casar e ter filhos. Os recursos materiais da Igreja, roubados da sociedade, acabavam sendo usados por estas fam\u00edlias. Ou seja, economicamente, o celibato foi uma tentativa de restringir os herdeiros da fortuna da institui\u00e7\u00e3o, deixando a sua administra\u00e7\u00e3o nas m\u00e3os de poucos.<\/div>\n<div>\n\t\u00a0<\/div>\n<div>\n\tOs impulsos sexuais reprimidos pelo celibato s\u00e3o parte da explica\u00e7\u00e3o para o abuso de mulheres e de crian\u00e7as. Isso pode explicar os in\u00fameros casos de pedofilia praticados por padres e sacerdotes em diversas partes do mundo.<\/div>\n<div>\n\t\u00a0<\/div>\n<div>\n\tQuando os casos v\u00eam \u00e0\u00a0tona, o papel que a Santa S\u00e9 cumpre \u00e9 o de esconder a fei\u00fara que convive diariamente com a sua doutrina, tentando inclusive desmoralizar as v\u00edtimas.<\/div>\n<div>\n\t\u00a0<\/div>\n<div>\n\tPerante o Vaticano, a homossexualidade \u00e9 uma doen\u00e7a. O direito ao aborto \u00e9 severamente condenado. O movimento feminista deve ser banido, junto com os m\u00e9todos contraceptivos. Para prevenir a Aids e doen\u00e7as sexualmente transmiss\u00edveis, a abstin\u00eancia \u00e9 o \u00fanico m\u00e9todo aceit\u00e1vel. O sexo sem fins reprodutivos \u00e9 imoral.<\/div>\n<div>\n\t\u00a0<\/div>\n<div>\n\tA moral e a hipocrisia da Igreja s\u00f3 revelam que os abusos contra jovens s\u00e3o tratados com uma normalidade cruel. E a atual crise demonstra o car\u00e1ter fechado e corporativo do Vaticano que, para se preservar, acoberta crimes e criminosos por anos.<\/div>\n<div>\n\t\u00a0<\/div>\n<div>\n\t<i>Fonte: PSTU &#8211; Jornal Opini\u00e3o Socialista no. 402<\/i><\/div>\n<div>\n\t\u00a0<\/div>\n<div>\n\tArtigo Relacionado: <a href=\"http:\/\/www.litci.org\/novosite\/?p=988\">Pedofilia e o clero <\/a><\/div>\n","protected":false},"excerpt":{"rendered":"<p>S\u00e9rie de den\u00fancias revela como a Igreja acoberta os crimes de abuso contra crian\u00e7as pelo mundo. \u00a0 De tempos em tempos, o tema da pedofilia na Igreja Cat\u00f3lica ressurge atrav\u00e9s de den\u00fancia localizada em alguma par\u00f3quia num lugar distante.<\/p>\n","protected":false},"author":13,"featured_media":3880,"menu_order":0,"comment_status":"open","ping_status":"open","sticky":false,"template":"","format":"standard","meta":{"litci_post_political_author":"","footnotes":""},"categories":[8069],"tags":[],"class_list":["post-967","post","type-post","status-publish","format-standard","has-post-thumbnail","hentry","category-nepal"],"fimg_url":"https:\/\/litci.org\/pt\/wp-content\/uploads\/2015\/10\/papa_opt.jpg","categories_names":["Nepal"],"author_info":{"name":"Javier f","pic":"https:\/\/secure.gravatar.com\/avatar\/38f104112503b4b2d43a8972576238b0824db79ccc991f981595fcbc569b0601?s=96&d=mm&r=g"},"political_author":null,"tagline":"","_links":{"self":[{"href":"https:\/\/litci.org\/pt\/wp-json\/wp\/v2\/posts\/967","targetHints":{"allow":["GET"]}}],"collection":[{"href":"https:\/\/litci.org\/pt\/wp-json\/wp\/v2\/posts"}],"about":[{"href":"https:\/\/litci.org\/pt\/wp-json\/wp\/v2\/types\/post"}],"author":[{"embeddable":true,"href":"https:\/\/litci.org\/pt\/wp-json\/wp\/v2\/users\/13"}],"replies":[{"embeddable":true,"href":"https:\/\/litci.org\/pt\/wp-json\/wp\/v2\/comments?post=967"}],"version-history":[{"count":0,"href":"https:\/\/litci.org\/pt\/wp-json\/wp\/v2\/posts\/967\/revisions"}],"wp:featuredmedia":[{"embeddable":true,"href":"https:\/\/litci.org\/pt\/wp-json\/wp\/v2\/media\/3880"}],"wp:attachment":[{"href":"https:\/\/litci.org\/pt\/wp-json\/wp\/v2\/media?parent=967"}],"wp:term":[{"taxonomy":"category","embeddable":true,"href":"https:\/\/litci.org\/pt\/wp-json\/wp\/v2\/categories?post=967"},{"taxonomy":"post_tag","embeddable":true,"href":"https:\/\/litci.org\/pt\/wp-json\/wp\/v2\/tags?post=967"}],"curies":[{"name":"wp","href":"https:\/\/api.w.org\/{rel}","templated":true}]}}