{"id":82993,"date":"2026-08-31T19:58:36","date_gmt":"2026-08-31T19:58:36","guid":{"rendered":"https:\/\/litci.org\/pt\/?p=82993"},"modified":"2026-08-31T19:59:07","modified_gmt":"2026-08-31T19:59:07","slug":"nao-nos-calarao-nem-uma-voz-pela-palestina-sera-silenciada","status":"publish","type":"post","link":"https:\/\/litci.org\/pt\/2026\/08\/31\/nao-nos-calarao-nem-uma-voz-pela-palestina-sera-silenciada\/","title":{"rendered":"N\u00e3o nos calar\u00e3o: nem uma voz pela Palestina ser\u00e1 silenciada"},"content":{"rendered":"\n<p>Foi definido para 24 de setembro o julgamento em segunda inst\u00e2ncia do recurso contra a condena\u00e7\u00e3o a dois anos de pris\u00e3o em regime aberto, imposta pela 4\u00aa&nbsp;Vara Criminal da Justi\u00e7a Federal de S\u00e3o Paulo ao presidente nacional do PSTU, Jos\u00e9 Maria de Almeida, o Z\u00e9 Maria. Vamos a mais um cap\u00edtulo da persegui\u00e7\u00e3o sionista \u00e0queles e \u00e0quelas que ousam levantar suas vozes para denunciar o genoc\u00eddio do povo palestino e os 78 anos de ocupa\u00e7\u00e3o de suas terras pelo Estado colonialista e racista de Israel.<\/p>\n\n\n\n<p>A alega\u00e7\u00e3o do Minist\u00e9rio P\u00fablico est\u00e1 baseada na surrada fal\u00e1cia que equipara antissionismo a antissemitismo para da\u00ed inventar uma acusa\u00e7\u00e3o de racismo contra todos e todas que denunciem as atrocidades praticadas por Israel contra o povo palestino. A verdade por tr\u00e1s de tudo isso \u00e9 o desespero das organiza\u00e7\u00f5es sionistas que atuam em nosso pa\u00eds (Confedera\u00e7\u00e3o Israelita Brasileira, Federa\u00e7\u00e3o Israelita de S\u00e3o Paulo), que t\u00eam cada vez mais dificuldade para defender o indefens\u00e1vel \u2013 o genoc\u00eddio do povo palestino praticado pelo Estado sionista.<\/p>\n\n\n\n<p>Infelizmente n\u00e3o constitui uma surpresa o fato de o poder judici\u00e1rio do pa\u00eds ser usado como instrumento para isso. As rela\u00e7\u00f5es do sionismo com a elite econ\u00f4mica do pa\u00eds propiciam essa instrumentaliza\u00e7\u00e3o. A senten\u00e7a proferida pelo juiz da 4\u00aa&nbsp;Vara Criminal da Justi\u00e7a Federal n\u00e3o tem nem um resqu\u00edcio de base legal e faz parte de uma ofensiva que atinge n\u00e3o apenas Z\u00e9 Maria, mas dezenas de outros ativistas e dirigentes pol\u00edticos em nosso pa\u00eds, como Jos\u00e9 Genoino, ex-presidente do PT, e Breno Altman do portal OperaMundi.<\/p>\n\n\n\n<p>\u201cDizer que o Estado de Israel tem que acabar n\u00e3o tem nada a ver com fazer prega\u00e7\u00e3o contra o povo judeu; \u00e9 o mesmo que dizer que o Estado de<em>apartheid<\/em>da \u00c1frica do Sul tinha que terminar, e isso n\u00e3o significava pregar a morte dos brancos sul-africanos, mas defender o fim de um Estado de segrega\u00e7\u00e3o racial\u201d, afirma Z\u00e9 Maria.<\/p>\n\n\n\n<figure class=\"wp-block-image\"><img decoding=\"async\" src=\"https:\/\/opiniaosocialista.com.br\/content\/images\/2026\/08\/MARCHA-MUNDIAL-POR-GAZA-SP-15-06-2025-59--1-.webp\" alt=\"\"\/><\/figure>\n\n\n\n<h3 class=\"wp-block-heading\" id=\"precedente-perigoso\">Precedente perigoso<\/h3>\n\n\n\n<h2 class=\"wp-block-heading\" id=\"um-ataque-%C3%A0s-liberdades-democr%C3%A1ticas\">Um ataque \u00e0s liberdades democr\u00e1ticas<\/h2>\n\n\n\n<p>Seria um erro considerar que essa condena\u00e7\u00e3o se resume a um ataque ao camarada Z\u00e9 Maria. Trata-se de uma ofensiva que visa criminalizar um direito democr\u00e1tico fundamental: o livre direito a expressar suas opini\u00f5es que cada cidad\u00e3o desse pa\u00eds tem conforme a Constitui\u00e7\u00e3o Federal. Um direito e uma liberdade fundamental conquistada a duras penas na luta contra a ditadura militar. Ou seja, atinge a todos e a todas que prezam por esse direito b\u00e1sico em qualquer democracia. Sem falar que, se a moda pegar, amanh\u00e3 pode ser criminalizado o direito a expressar uma opini\u00e3o cr\u00edtica ao governo, aos patr\u00f5es etc.<\/p>\n\n\n\n<p>A luta contra a condena\u00e7\u00e3o de Z\u00e9 Maria precisa ser tomada, ent\u00e3o, por todos e todas que defendem as liberdades democr\u00e1ticas. Trata-se de enfrentar uma ofensiva, impulsionada pelo sionismo, para criminalizar a defesa da luta do povo palestino, que se expressa tamb\u00e9m nos processos abertos contra v\u00e1rios outros dirigentes e ativistas, no Projeto de Lei 1424\/26 da deputada Tabata Amaral (PSB-SP), no ataque e sequestro dos participantes da Global Flotilha Sumud etc. Derrotar essa ofensiva e fortalecer a luta em defesa do povo palestino \u2013 esse precisa ser nosso objetivo.<\/p>\n\n\n\n<p>Outro erro que precisamos evitar \u00e9 concentrar nossos esfor\u00e7os para derrotar os ataques realizados pelas organiza\u00e7\u00f5es sionistas deixando em segundo plano a defesa da luta do povo palestino. A luta contra a condena\u00e7\u00e3o de Z\u00e9 Maria e demais ativistas e dirigentes processados, para impedir a aprova\u00e7\u00e3o do PL de Tabata Amaral etc., \u00e9 indissoci\u00e1vel do nosso esfor\u00e7o para elevar ainda mais as vozes e as mobiliza\u00e7\u00f5es em nosso pa\u00eds em apoio ao povo palestino e den\u00fancia do Estado racista e colonialista de Israel.<\/p>\n\n\n\n<figure class=\"wp-block-image\"><img decoding=\"async\" src=\"https:\/\/opiniaosocialista.com.br\/content\/images\/2026\/08\/audiencia-palestina-MG--1-.webp\" alt=\"\"\/><figcaption class=\"wp-element-caption\">Audi\u00eancia p\u00fablica em defesa do povo palestino em Belo Horizonte (MG)<\/figcaption><\/figure>\n\n\n\n<h2 class=\"wp-block-heading\" id=\"intensificar-a-campanha-contra-a-condena%C3%A7%C3%A3o-de-z%C3%A9-maria\">Intensificar a campanha contra a condena\u00e7\u00e3o de Z\u00e9 Maria<\/h2>\n\n\n\n<p>A campanha contra a condena\u00e7\u00e3o de Z\u00e9 Maria tem tido bastante repercuss\u00e3o e gerado in\u00fameras manifesta\u00e7\u00f5es de solidariedade e apoio. Al\u00e9m do ato pol\u00edtico realizado em S\u00e3o Paulo, que lan\u00e7ou a campanha, tivemos um ato importante no Rio de Janeiro e outro muito concorrido em Belo Horizonte, na Assembleia Legislativa de Minas Gerais. Foram centenas de notas e mo\u00e7\u00f5es de solidariedade recebidas de entidades e movimentos do Brasil e de diversos outros pa\u00edses.<\/p>\n\n\n\n<p>Agora, marcado o julgamento, \u00e9 preciso intensificar a campanha. Refor\u00e7ar a necessidade do envio de notas e mo\u00e7\u00f5es de apoio das entidades e movimentos que ainda n\u00e3o o fizeram para os desembargadores que comp\u00f5em a junta designada para julgar o recurso apresentado contra a condena\u00e7\u00e3o sofrida pelo camarada na primeira inst\u00e2ncia. E intensificar nossa luta em defesa do povo palestino e a den\u00fancia das atrocidades cometidas pelo Estado de Israel, seguindo inclusive com a cobran\u00e7a ao governo brasileiro para que rompa rela\u00e7\u00f5es diplom\u00e1ticas, econ\u00f4micas e militares com o Estado sionista.<\/p>\n\n\n\n<p>A Palestina ser\u00e1 livre, do rio Jord\u00e3o ao mar!<\/p>\n\n\n\n<h3 class=\"wp-block-heading\" id=\"pela-absolvi%C3%A7%C3%A3o-de-z%C3%A9-maria\">Pela absolvi\u00e7\u00e3o de Z\u00e9 Maria<\/h3>\n\n\n\n<p><strong>Envie mo\u00e7\u00f5es e mensagens<\/strong><\/p>\n\n\n\n<p>Desembargador Federal Helio Edydio de Matos Nogueira&nbsp;<a href=\"mailto:gab1241@trf3.jus.br\"><u>gab1241@trf3.jus.br<\/u><\/a><br>Desembargador Federal Jos\u00e9 Marcos Lunardeli&nbsp;<a href=\"mailto:gabjl@trf3.jus.br\"><u>gabjl@trf3.jus.br<\/u><\/a><br>Desembargador Federal Fausto Martins De Sanctis&nbsp;<a href=\"mailto:gabfs@trf3.jus.br\"><u>gabfs@trf3.jus.br<\/u><\/a><br>Desembargador Federal Nino Oliveira Toldo&nbsp;<a href=\"mailto:gabnt@trf3.jus.br\"><u>gabnt@trf3.jus.br<\/u><\/a><br>Com c\u00f3pia para&nbsp;<a href=\"mailto:liberdadesdemocraticaszemaria@gmail.com\"><u>liberdadesdemocraticaszemaria@gmail.com<\/u><\/a><a href=\"https:\/\/opiniaosocialista.com.br\/domitila-nos-ensinou-a-nao-ter-medo-entrevista-com-coletivo-de-mulheres-trabalhadoras-na-bolivia\/\" target=\"_blank\" rel=\"noopener\"><\/a><\/p>\n","protected":false},"excerpt":{"rendered":"<p>Foi definido para 24 de setembro o julgamento em segunda inst\u00e2ncia do recurso contra a condena\u00e7\u00e3o a dois anos de pris\u00e3o em regime aberto, imposta pela 4\u00aa&nbsp;Vara Criminal da Justi\u00e7a Federal de S\u00e3o Paulo ao presidente nacional do PSTU, Jos\u00e9 Maria de Almeida, o Z\u00e9 Maria. Vamos a mais um cap\u00edtulo da persegui\u00e7\u00e3o sionista \u00e0queles [&hellip;]<\/p>\n","protected":false},"author":7,"featured_media":82994,"menu_order":12,"comment_status":"open","ping_status":"open","sticky":false,"template":"","format":"standard","meta":{"litci_post_political_author":"PSTU Brasil","footnotes":""},"categories":[228,8068],"tags":[9720,9463,1745],"class_list":["post-82993","post","type-post","status-publish","format-standard","has-post-thumbnail","hentry","category-palestina","category-especial-palestina","tag-absolvicao-de-ze-maria","tag-palestina-livre-do-rio-ao-mar","tag-pstu-brasil-2"],"fimg_url":"https:\/\/litci.org\/pt\/wp-content\/uploads\/2026\/08\/Captura-de-tela_31-8-2026_165735_opiniaosocialista.com_.br_.jpeg","categories_names":["Especial Palestina","Palestina"],"author_info":{"name":"lena","pic":"https:\/\/secure.gravatar.com\/avatar\/b9eb35b4c023b96c29c4a145a82c6c381b68f2c889c5427106ad5aab6df45b9d?s=96&d=mm&r=g"},"political_author":"PSTU Brasil","tagline":"N\u00e3o \u00e0 condena\u00e7\u00e3o de Z\u00e9 Maria por defender o povo palestino","_links":{"self":[{"href":"https:\/\/litci.org\/pt\/wp-json\/wp\/v2\/posts\/82993","targetHints":{"allow":["GET"]}}],"collection":[{"href":"https:\/\/litci.org\/pt\/wp-json\/wp\/v2\/posts"}],"about":[{"href":"https:\/\/litci.org\/pt\/wp-json\/wp\/v2\/types\/post"}],"author":[{"embeddable":true,"href":"https:\/\/litci.org\/pt\/wp-json\/wp\/v2\/users\/7"}],"replies":[{"embeddable":true,"href":"https:\/\/litci.org\/pt\/wp-json\/wp\/v2\/comments?post=82993"}],"version-history":[{"count":1,"href":"https:\/\/litci.org\/pt\/wp-json\/wp\/v2\/posts\/82993\/revisions"}],"predecessor-version":[{"id":82995,"href":"https:\/\/litci.org\/pt\/wp-json\/wp\/v2\/posts\/82993\/revisions\/82995"}],"wp:featuredmedia":[{"embeddable":true,"href":"https:\/\/litci.org\/pt\/wp-json\/wp\/v2\/media\/82994"}],"wp:attachment":[{"href":"https:\/\/litci.org\/pt\/wp-json\/wp\/v2\/media?parent=82993"}],"wp:term":[{"taxonomy":"category","embeddable":true,"href":"https:\/\/litci.org\/pt\/wp-json\/wp\/v2\/categories?post=82993"},{"taxonomy":"post_tag","embeddable":true,"href":"https:\/\/litci.org\/pt\/wp-json\/wp\/v2\/tags?post=82993"}],"curies":[{"name":"wp","href":"https:\/\/api.w.org\/{rel}","templated":true}]}}