{"id":82990,"date":"2026-08-31T19:49:53","date_gmt":"2026-08-31T19:49:53","guid":{"rendered":"https:\/\/litci.org\/pt\/?p=82990"},"modified":"2026-08-31T19:59:18","modified_gmt":"2026-08-31T19:59:18","slug":"angola-repressao-e-resistencia-aos-50-anos-de-ditadura","status":"publish","type":"post","link":"https:\/\/litci.org\/pt\/2026\/08\/31\/angola-repressao-e-resistencia-aos-50-anos-de-ditadura\/","title":{"rendered":"Angola: Repress\u00e3o e resistencia aos 50 anos de ditadura"},"content":{"rendered":"\n<p>No passado dia 09 de agosto de 2026, chegaram da prov\u00edncia do U\u00edge informa\u00e7\u00f5es que davam conta do acto de agress\u00e3o e repress\u00e3o policial que resultou em mais de 31 feridos, 10 dos quais com alguma gravidade.<\/p>\n\n\n\n<p>A situa\u00e7\u00e3o deu-se quando a UNITA, maior partido da \u201coposi\u00e7\u00e3o\u201d em Angola, realizava um acto pol\u00edtico, segundo as informa\u00e7\u00f5es, previamente comunicada ao governo aos \u00f3rg\u00e3os de seguran\u00e7a p\u00fablica (pol\u00edcia), mais ainda assim, a pol\u00edcia sob as habituais ordens superiores reprimiu violentamente o acto sob o olhar sereno e permissivo do governo e das autoridades do Estado angolano.<\/p>\n\n\n\n<p>Em reac\u00e7\u00e3o a esse acto de agress\u00e3o contra o povo, vozes levantaram-se contra os constantes actos de agress\u00e3o, particularmente o Movimento Hip-Hop Terceira Divis\u00e3o, que repudiou veementemente as agress\u00f5es no U\u00edge, sendo a \u00fanica organiza\u00e7\u00e3o, at\u00e9 ao momento, que perante a intimida\u00e7\u00e3o policial e das institui\u00e7\u00f5es da Administra\u00e7\u00e3o P\u00fablica, realizou um acto p\u00fablico no dia 16 de agosto de 2026, tendo classificado a situa\u00e7\u00e3o como acto de viol\u00eancia contra as liberdades democr\u00e1ticas amplamente consagradas pela constitui\u00e7\u00e3o angolana.<\/p>\n\n\n\n<p>Por outro lado, os meios de comunica\u00e7\u00e3o p\u00fablicos (Televis\u00e3o P\u00fablica de Angola, TPA, R\u00e1dio Nacional de Angola, RNA, Jornal de Angola e TV Zimbo) descreveram a situa\u00e7\u00e3o como resultado de um acto de desobedi\u00eancia popular e por parte do partido UNITA, por insistirem na realiza\u00e7\u00e3o de um acto pol\u00edtico a pouca dist\u00e2ncia de um \u00f3rg\u00e3o de soberania (tribunal).<\/p>\n\n\n\n<p>Assistimos o pronunciamento de Adalberto da Costa J\u00fanior, presidente da UNITA, na p\u00e1gina oficial do <em>facebook <\/em>do seu partido, na sequ\u00eancia dos actos de agress\u00e3o policial no U\u00edge, que descreve a situa\u00e7\u00e3o como \u201cacto de viol\u00eancia da pol\u00edcia republicana\u201d e aconselhou a popula\u00e7\u00e3o a n\u00e3o reagir as agress\u00f5es policiais, garantindo efectuar ac\u00e7\u00f5es de den\u00fancia dos actos de viol\u00eancia protagonizadas pela \u201cpol\u00edcia republicana\u201d junto da comunidade internacional. Enquanto isso, as pessoas agredidas tiveram que encontrar formas de lidar com as dores f\u00edsicas causadas pelos porretes, sem falar dos ferimentos a balas e da intoxica\u00e7\u00e3o por g\u00e1s lacrimog\u00e9nios lan\u00e7adas contra a popula\u00e7\u00e3o.<\/p>\n\n\n\n<p>Actos de repress\u00e3o policial tem sido recorrente em Angola, diante desta situa\u00e7\u00e3o, que solu\u00e7\u00f5es e estrat\u00e9gias vi\u00e1veis se apresentam face a situa\u00e7\u00e3o de extrema ditadura?<\/p>\n\n\n\n<p>Houve quem apontasse que a solu\u00e7\u00e3o passa por levar a luta dentro das institui\u00e7\u00f5es p\u00fablicas, sobretudo, dos \u00f3rg\u00e3os de justi\u00e7a interna e externa denunciando os actos de viol\u00eancia, repress\u00e3o e agress\u00e3o contra o povo.<\/p>\n\n\n\n<p>Entendemos que vivemos diante de uma ditadura do sistema capitalista, assim sendo, a solu\u00e7\u00e3o n\u00e3o passa pela luta a partir dos \u00f3rg\u00e3os de justi\u00e7a interna e externa, mas sim pela lutapelo fim da ditadura e constru\u00e7\u00e3o de uma sociedade onde a preocupa\u00e7\u00e3o central seja o povo trabalhador. N\u00e3o devemos confiar nas institui\u00e7\u00f5es internacionais porque s\u00e3o todas pro capitalistas, a nossa luta mais do que nacional \u00e9 sobretudo internacional, temos que ganhar consci\u00eancia que at\u00e9 os partidos nacionais, tidos como oposi\u00e7\u00e3o, n\u00e3o s\u00e3o para n\u00f3s alternativas vi\u00e1veis, a chegadas destes ao poder apenas colocar o pa\u00eds num cen\u00e1rio de reforma pol\u00edtica, ou seja, o sistema pol\u00edtico capitalista permaneceria, apenas mudaria os actores, o poder pol\u00edtico e econ\u00f3mico continuaria nas m\u00e3os de um pequeno grupo pessoas enquanto a grande maioria das pessoas continuaria em situa\u00e7\u00e3o de extrema vulnerabilidade financeira, social e pior, continuar\u00edamos a viver repress\u00e3o e ditadura social.<\/p>\n\n\n\n<p>Por fim, deixamos uma palavra de apre\u00e7o a todos os companheiros que a meio a tanta dificuldade e press\u00e3o social, t\u00eam levado avante a luta revolucion\u00e1ria em Angola, nesse quesito, particular destaque a Terceira Divis\u00e3o, que mesmo com as v\u00e1rias dificuldades financeiras, bloqueios institucionais e boicotes t\u00eam se mantidos firmes na luta, sendo os primeiros, em Angola, a apresentarem como alternativa pol\u00edtica <strong>pelo fim da ditadura do MPLA, pela convoca\u00e7\u00e3o de uma Assembl\u00e9ia Constituinte que acabe com as leis ditatoriais e lute por um governo dos trabalhadores e do povo pobre<\/strong>. Apresentamos tamb\u00e9m uma palavra de apre\u00e7o a todos os presos pol\u00edticos e suas fam\u00edlias.<\/p>\n\n\n\n<p>Viva a luta revolucion\u00e1ria e abaixo o sistema capitalista e imperialista!<\/p>\n\n\n\n<p>\u00a0\u00a0\u00a0\u00a0\u00a0\u00a0\u00a0\u00a0\u00a0\u00a0\u00a0\u00a0<\/p>\n","protected":false},"excerpt":{"rendered":"<p>No passado dia 09 de agosto de 2026, chegaram da prov\u00edncia do U\u00edge informa\u00e7\u00f5es que davam conta do acto de agress\u00e3o e repress\u00e3o policial que resultou em mais de 31 feridos, 10 dos quais com alguma gravidade. A situa\u00e7\u00e3o deu-se quando a UNITA, maior partido da \u201coposi\u00e7\u00e3o\u201d em Angola, realizava um acto pol\u00edtico, segundo as [&hellip;]<\/p>\n","protected":false},"author":7,"featured_media":82991,"menu_order":11,"comment_status":"open","ping_status":"open","sticky":false,"template":"","format":"standard","meta":{"litci_post_political_author":"Lilas Bernardo","footnotes":""},"categories":[1415,208],"tags":[1416,9719],"class_list":["post-82990","post","type-post","status-publish","format-standard","has-post-thumbnail","hentry","category-angola","category-africa","tag-angola-2","tag-lilas-bernardo"],"fimg_url":"https:\/\/litci.org\/pt\/wp-content\/uploads\/2026\/08\/Angola.jpeg","categories_names":["\u00c1frica","Angola"],"author_info":{"name":"lena","pic":"https:\/\/secure.gravatar.com\/avatar\/b9eb35b4c023b96c29c4a145a82c6c381b68f2c889c5427106ad5aab6df45b9d?s=96&d=mm&r=g"},"political_author":"Lilas Bernardo","tagline":"","_links":{"self":[{"href":"https:\/\/litci.org\/pt\/wp-json\/wp\/v2\/posts\/82990","targetHints":{"allow":["GET"]}}],"collection":[{"href":"https:\/\/litci.org\/pt\/wp-json\/wp\/v2\/posts"}],"about":[{"href":"https:\/\/litci.org\/pt\/wp-json\/wp\/v2\/types\/post"}],"author":[{"embeddable":true,"href":"https:\/\/litci.org\/pt\/wp-json\/wp\/v2\/users\/7"}],"replies":[{"embeddable":true,"href":"https:\/\/litci.org\/pt\/wp-json\/wp\/v2\/comments?post=82990"}],"version-history":[{"count":1,"href":"https:\/\/litci.org\/pt\/wp-json\/wp\/v2\/posts\/82990\/revisions"}],"predecessor-version":[{"id":82992,"href":"https:\/\/litci.org\/pt\/wp-json\/wp\/v2\/posts\/82990\/revisions\/82992"}],"wp:featuredmedia":[{"embeddable":true,"href":"https:\/\/litci.org\/pt\/wp-json\/wp\/v2\/media\/82991"}],"wp:attachment":[{"href":"https:\/\/litci.org\/pt\/wp-json\/wp\/v2\/media?parent=82990"}],"wp:term":[{"taxonomy":"category","embeddable":true,"href":"https:\/\/litci.org\/pt\/wp-json\/wp\/v2\/categories?post=82990"},{"taxonomy":"post_tag","embeddable":true,"href":"https:\/\/litci.org\/pt\/wp-json\/wp\/v2\/tags?post=82990"}],"curies":[{"name":"wp","href":"https:\/\/api.w.org\/{rel}","templated":true}]}}