{"id":82509,"date":"2026-05-01T02:51:55","date_gmt":"2026-05-01T02:51:55","guid":{"rendered":"https:\/\/litci.org\/pt\/?p=82509"},"modified":"2026-05-01T02:52:16","modified_gmt":"2026-05-01T02:52:16","slug":"quatro-brasileiros-sao-sequestrados-por-israel-apos-interceptacao-de-flotilha-humanitaria","status":"publish","type":"post","link":"https:\/\/litci.org\/pt\/2026\/05\/01\/quatro-brasileiros-sao-sequestrados-por-israel-apos-interceptacao-de-flotilha-humanitaria\/","title":{"rendered":"Quatro brasileiros s\u00e3o sequestrados por Israel ap\u00f3s intercepta\u00e7\u00e3o de flotilha humanit\u00e1ria"},"content":{"rendered":"\n<p>Quatro brasileiros est\u00e3o entre os sequestrados pelas for\u00e7as de ocupa\u00e7\u00e3o israelense ap\u00f3s a intercepta\u00e7\u00e3o de uma flotilha humanit\u00e1ria internacional no mar Mediterr\u00e2neo.<\/p>\n\n\n\n<p>Thiago \u00c1vila, Mandi Coelho Marzall, Leandro Lanfredi e Thainara Rog\u00e9rio foram levados enquanto se encontravam a mais de 1.200 quil\u00f4metros da Palestina, em \u00e1guas internacionais pr\u00f3ximas \u00e0 ilha de Creta, na Gr\u00e9cia.<\/p>\n\n\n\n<p>Ao todo, 22 embarca\u00e7\u00f5es da Global Sumud Flotilla foram interceptadas. A miss\u00e3o, de car\u00e1ter civil e humanit\u00e1rio, re\u00fane participantes de diversos pa\u00edses com o objetivo de denunciar o bloqueio imposto \u00e0 Faixa de Gaza e levar ajuda ao povo palestino.<\/p>\n\n\n\n<p>Segundo informa\u00e7\u00f5es da coordena\u00e7\u00e3o da flotilha, aproximadamente 180 pessoas foram sequestradas durante a opera\u00e7\u00e3o. Relatos apontam que as embarca\u00e7\u00f5es foram sobrevoadas por drones, monitoradas por navios militares e abordadas por lanchas que se identificaram como for\u00e7as de Israel.<\/p>\n\n\n\n<h3 class=\"wp-block-heading\" id=\"brasileiros-sequestrados-por-israel\">Brasileiros sequestrados por Israel<\/h3>\n\n\n\n<p>Mandi Coelho \u00e9 militante socialista e internacionalista do PSTU, integrante da Liga Internacional dos Trabalhadores \u2013 Quarta Internacional (LIT-QI). Comunicadora digital, \u00e9 pr\u00e9-candidata a deputada federal por S\u00e3o Paulo, estudante de Letras na USP e dirigente estudantil, atuando no Centro Acad\u00eamico de Letras (CAELL) e no Diret\u00f3rio Central dos Estudantes (DCE).<\/p>\n\n\n\n<p>Leandro Lanfredi \u00e9 petroleiro da Petrobras Transporte, diretor do Sindipetro-RJ e da Federa\u00e7\u00e3o Nacional dos Petroleiros (FNP), com atua\u00e7\u00e3o destacada nas lutas da categoria.<\/p>\n\n\n\n<p>Thiago \u00c1vila \u00e9 ativista internacionalista e ambientalista, com trajet\u00f3ria em a\u00e7\u00f5es de solidariedade internacional.<\/p>\n\n\n\n<p>Thainara Rog\u00e9rio \u00e9 ativista brasileira e integrava a embarca\u00e7\u00e3o Magic Boat. Por possuir passaporte espanhol, participava da flotilha compondo a delega\u00e7\u00e3o catal\u00e3.<\/p>\n\n\n\n<h3 class=\"wp-block-heading\" id=\"abandono-deliberado-de-civis\">Abandono deliberado de civis<\/h3>\n\n\n\n<p>Em declara\u00e7\u00e3o oficial, a Global Sumud Flotilla denunciou que \u201cna noite passada, o mundo testemunhou Israel exportando sua doutrina militar de abandono planejado, quando for\u00e7as navais israelenses interceptaram, abordaram e sistematicamente desativaram e destru\u00edram v\u00e1rias embarca\u00e7\u00f5es da flotilha em um ataque em \u00e1guas internacionais\u201d. Segundo a organiza\u00e7\u00e3o, mais de 180 civis de diversos pa\u00edses foram diretamente atingidos pela opera\u00e7\u00e3o.<\/p>\n\n\n\n<p>A declara\u00e7\u00e3o afirma ainda que, ap\u00f3s deter participantes, danificar embarca\u00e7\u00f5es e bloquear comunica\u00e7\u00f5es, as for\u00e7as israelenses recuaram, deixando civis \u201cintencionalmente abandonados em barcos sem energia e danificados, na trajet\u00f3ria de uma grande tempestade\u201d. Para a flotilha, a a\u00e7\u00e3o reflete uma l\u00f3gica mais ampla de viola\u00e7\u00e3o sistem\u00e1tica de direitos e de impedimento \u00e0 ajuda humanit\u00e1ria.<\/p>\n\n\n\n<h3 class=\"wp-block-heading\" id=\"solidariedade-internacional\">Solidariedade internacional<\/h3>\n\n\n\n<p>Diante da gravidade da situa\u00e7\u00e3o, familiares e organiza\u00e7\u00f5es solid\u00e1rias exigem do governos europeus e do governo Lula o acompanhamento imediato do caso, a garantia da integridade f\u00edsica, o resgate dos ativistas sequestrados e a ruptura das rela\u00e7\u00f5es diplom\u00e1ticas e econ\u00f4micas com Israel, j\u00e1.<\/p>\n\n\n\n<p>Tamb\u00e9m fazem um chamado \u00e0 constru\u00e7\u00e3o de uma ampla campanha internacional de solidariedade, em defesa dos ativistas detidos e do direito \u00e0 ajuda humanit\u00e1ria ao povo palestino.<\/p>\n\n\n\n<p>J\u00e1 est\u00e3o sendo organizados protestos em pa\u00edses como Gr\u00e9cia, Espanha, It\u00e1lia e Brasil, em apoio \u00e0 flotilha e pela liberdade dos ativistas sequestrados por Israel.<a href=\"https:\/\/www.opiniaosocialista.com.br\/ativistas-brasileiros-integram-flotilha-internacional-que-zarpa-rumo-a-gaza-em-missao-humanitaria\/\" target=\"_blank\" rel=\"noopener\"><\/a><a href=\"https:\/\/www.opiniaosocialista.com.br\/author\/roberto-aguiar-da-redacao-pstu-org-br\/\" target=\"_blank\" rel=\"noopener\"><\/a><\/p>\n","protected":false},"excerpt":{"rendered":"<p>Quatro brasileiros est\u00e3o entre os sequestrados pelas for\u00e7as de ocupa\u00e7\u00e3o israelense ap\u00f3s a intercepta\u00e7\u00e3o de uma flotilha humanit\u00e1ria internacional no mar Mediterr\u00e2neo. Thiago \u00c1vila, Mandi Coelho Marzall, Leandro Lanfredi e Thainara Rog\u00e9rio foram levados enquanto se encontravam a mais de 1.200 quil\u00f4metros da Palestina, em \u00e1guas internacionais pr\u00f3ximas \u00e0 ilha de Creta, na Gr\u00e9cia. Ao [&hellip;]<\/p>\n","protected":false},"author":7,"featured_media":82510,"menu_order":12,"comment_status":"open","ping_status":"open","sticky":false,"template":"","format":"standard","meta":{"litci_post_political_author":"PSTU Brasil","footnotes":""},"categories":[228,8068],"tags":[9251,1055,9576],"class_list":["post-82509","post","type-post","status-publish","format-standard","has-post-thumbnail","hentry","category-palestina","category-especial-palestina","tag-global-sumud-flotilla","tag-mandi-coelho","tag-tiago-avila"],"fimg_url":"https:\/\/litci.org\/pt\/wp-content\/uploads\/2026\/05\/thiago-avila-mandi.png","categories_names":["Especial Palestina","Palestina"],"author_info":{"name":"lena","pic":"https:\/\/secure.gravatar.com\/avatar\/b9eb35b4c023b96c29c4a145a82c6c381b68f2c889c5427106ad5aab6df45b9d?s=96&d=mm&r=g"},"political_author":"PSTU Brasil","tagline":"","_links":{"self":[{"href":"https:\/\/litci.org\/pt\/wp-json\/wp\/v2\/posts\/82509","targetHints":{"allow":["GET"]}}],"collection":[{"href":"https:\/\/litci.org\/pt\/wp-json\/wp\/v2\/posts"}],"about":[{"href":"https:\/\/litci.org\/pt\/wp-json\/wp\/v2\/types\/post"}],"author":[{"embeddable":true,"href":"https:\/\/litci.org\/pt\/wp-json\/wp\/v2\/users\/7"}],"replies":[{"embeddable":true,"href":"https:\/\/litci.org\/pt\/wp-json\/wp\/v2\/comments?post=82509"}],"version-history":[{"count":1,"href":"https:\/\/litci.org\/pt\/wp-json\/wp\/v2\/posts\/82509\/revisions"}],"predecessor-version":[{"id":82511,"href":"https:\/\/litci.org\/pt\/wp-json\/wp\/v2\/posts\/82509\/revisions\/82511"}],"wp:featuredmedia":[{"embeddable":true,"href":"https:\/\/litci.org\/pt\/wp-json\/wp\/v2\/media\/82510"}],"wp:attachment":[{"href":"https:\/\/litci.org\/pt\/wp-json\/wp\/v2\/media?parent=82509"}],"wp:term":[{"taxonomy":"category","embeddable":true,"href":"https:\/\/litci.org\/pt\/wp-json\/wp\/v2\/categories?post=82509"},{"taxonomy":"post_tag","embeddable":true,"href":"https:\/\/litci.org\/pt\/wp-json\/wp\/v2\/tags?post=82509"}],"curies":[{"name":"wp","href":"https:\/\/api.w.org\/{rel}","templated":true}]}}