{"id":82506,"date":"2026-04-29T03:28:16","date_gmt":"2026-04-29T03:28:16","guid":{"rendered":"https:\/\/litci.org\/pt\/?p=82506"},"modified":"2026-04-29T03:28:29","modified_gmt":"2026-04-29T03:28:29","slug":"cuba-debate-com-jones-manoel","status":"publish","type":"post","link":"https:\/\/litci.org\/pt\/2026\/04\/29\/cuba-debate-com-jones-manoel\/","title":{"rendered":"Cuba: debate com Jones Manoel"},"content":{"rendered":"\n<p>Viajei a Cuba para prestar minha solidariedade \u00e0 ilha que sofre um bloqueio h\u00e1 mais de 60 anos e agora est\u00e1 sob a mira de Trump, amea\u00e7ada por uma invas\u00e3o e impedida de receber petr\u00f3leo. Neste v\u00eddeo, discuto as recentes posi\u00e7\u00f5es apresentadas no v\u00eddeo de Jones Manoel:<\/p>\n\n\n\n<p><\/p>\n\n\n\n<p><a href=\"https:\/\/www.youtube.com\/watch?v=mQmnXDStoNM\" target=\"_blank\" rel=\"noopener\">(4) Cuba: debate com Jones Manoel &#8211; YouTube<\/a><\/p>\n\n\n\n<p><\/p>\n","protected":false},"excerpt":{"rendered":"<p>Viajei a Cuba para prestar minha solidariedade \u00e0 ilha que sofre um bloqueio h\u00e1 mais de 60 anos e agora est\u00e1 sob a mira de Trump, amea\u00e7ada por uma invas\u00e3o e impedida de receber petr\u00f3leo. Neste v\u00eddeo, discuto as recentes posi\u00e7\u00f5es apresentadas no v\u00eddeo de Jones Manoel: (4) Cuba: debate com Jones Manoel &#8211; YouTube<\/p>\n","protected":false},"author":7,"featured_media":82499,"menu_order":10,"comment_status":"open","ping_status":"open","sticky":false,"template":"","format":"standard","meta":{"litci_post_political_author":"Hertz Dias","footnotes":""},"categories":[1182],"tags":[4129,2557,2737],"class_list":["post-82506","post","type-post","status-publish","format-standard","has-post-thumbnail","hentry","category-cuba","tag-cuba-e-capitalismo","tag-hertz-dias","tag-jones-manoel"],"fimg_url":"https:\/\/litci.org\/pt\/wp-content\/uploads\/2026\/04\/Captura-de-tela_29-4-2026_01357_litci.org_.jpeg","categories_names":["Cuba"],"author_info":{"name":"lena","pic":"https:\/\/secure.gravatar.com\/avatar\/b9eb35b4c023b96c29c4a145a82c6c381b68f2c889c5427106ad5aab6df45b9d?s=96&d=mm&r=g"},"political_author":"Hertz Dias","tagline":"","_links":{"self":[{"href":"https:\/\/litci.org\/pt\/wp-json\/wp\/v2\/posts\/82506","targetHints":{"allow":["GET"]}}],"collection":[{"href":"https:\/\/litci.org\/pt\/wp-json\/wp\/v2\/posts"}],"about":[{"href":"https:\/\/litci.org\/pt\/wp-json\/wp\/v2\/types\/post"}],"author":[{"embeddable":true,"href":"https:\/\/litci.org\/pt\/wp-json\/wp\/v2\/users\/7"}],"replies":[{"embeddable":true,"href":"https:\/\/litci.org\/pt\/wp-json\/wp\/v2\/comments?post=82506"}],"version-history":[{"count":2,"href":"https:\/\/litci.org\/pt\/wp-json\/wp\/v2\/posts\/82506\/revisions"}],"predecessor-version":[{"id":82508,"href":"https:\/\/litci.org\/pt\/wp-json\/wp\/v2\/posts\/82506\/revisions\/82508"}],"wp:featuredmedia":[{"embeddable":true,"href":"https:\/\/litci.org\/pt\/wp-json\/wp\/v2\/media\/82499"}],"wp:attachment":[{"href":"https:\/\/litci.org\/pt\/wp-json\/wp\/v2\/media?parent=82506"}],"wp:term":[{"taxonomy":"category","embeddable":true,"href":"https:\/\/litci.org\/pt\/wp-json\/wp\/v2\/categories?post=82506"},{"taxonomy":"post_tag","embeddable":true,"href":"https:\/\/litci.org\/pt\/wp-json\/wp\/v2\/tags?post=82506"}],"curies":[{"name":"wp","href":"https:\/\/api.w.org\/{rel}","templated":true}]}}