{"id":82480,"date":"2026-04-24T00:15:55","date_gmt":"2026-04-24T00:15:55","guid":{"rendered":"https:\/\/litci.org\/pt\/?p=82480"},"modified":"2026-04-26T00:17:40","modified_gmt":"2026-04-26T00:17:40","slug":"camarada-jan-talpe-ate-o-socialismo-sempre","status":"publish","type":"post","link":"https:\/\/litci.org\/pt\/2026\/04\/24\/camarada-jan-talpe-ate-o-socialismo-sempre\/","title":{"rendered":"Camarada Jan Talpe! At\u00e9 o Socialismo Sempre!"},"content":{"rendered":"<p>A todos os camaradas da Liga Internacional dos Trabalhadores \u2013 Quarta Internacional<\/p>\n<p>Informamos a todos os nossos militantes e simpatizantes de nossa organiza\u00e7\u00e3o o falecimento do companheiro Jan Talpe, membro da LCT da B\u00e9lgica e da Comiss\u00e3o de Moral Internacional. \u00c9 uma perda muito dolorosa que nos comove profundamente. N\u00e3o porque tenha sido inesperada nem surpreendente. Mas ao contr\u00e1rio, porque foi uma decis\u00e3o consciente e seu desfecho foi uma angustiante espera para todos aqueles que durante muitos anos apreciamos esse ser humano e camarada excepcional e desfrutamos de sua generosidade sem limites, de sua capacidade e lucidez, de seu humor fraternal e sua humildade.<\/p>\n<p>Sem d\u00favida, ele foi nosso militante decano. Continuou com seus 92 anos ativo, org\u00e2nico e disciplinado at\u00e9 suas \u00faltimas horas de vida. Nunca pretendia ser dirigente. Mas em sua extensa e intensa trajet\u00f3ria de vida e militante formou e construiu quadros revolucion\u00e1rios em v\u00e1rios pa\u00edses e fez importantes contribui\u00e7\u00f5es te\u00f3ricas, que foram publicadas por nossa organiza\u00e7\u00e3o internacional.<\/p>\n<p>Seu p\u00e9riplo ideol\u00f3gico, pol\u00edtico e geogr\u00e1fico \u00e9 impactante. Nascido em 1933 na B\u00e9lgica em meio ao auge do nazismo no seio de uma fam\u00edlia cat\u00f3lica, educado na \u201ccaridade\u201d, decidiu em sua juventude precoce consagrar sua vida ao sacerd\u00f3cio. Em sua forma\u00e7\u00e3o, al\u00e9m de se formar em teologia, estudou e se doutorou em F\u00edsica.<\/p>\n<p>Como mission\u00e1rio no Brasil, na \u00e9poca da ditadura de Castelo Branco, se comoveu com as pen\u00farias das massas exploradas e oprimidas. Ali bebeu pela primeira vez no marxismo. Se radicalizou e atuou na luta dos oprimidos de forma decidida e org\u00e2nica. E em conson\u00e2ncia com suas convic\u00e7\u00f5es, se estruturou em um bairro oper\u00e1rio. O estado dos exploradores o perseguiu e encarcerou durante 6 meses. Uma forte campanha na B\u00e9lgica e internacional conseguiu sua liberta\u00e7\u00e3o e ele foi deportado.<\/p>\n<p>No capitulou nem se quebrou. Rompeu com a Igreja e iniciou uma nova busca. Nessa longa marcha, retornou \u00e0 Am\u00e9rica Latina, visitou o Chile depois de conhecer na Fran\u00e7a Loly \u2013 a companheira de sua vida e m\u00e3e de seus filhos \u2013 que participava de atividades contra a ditadura de Pinochet. E se radicou na Argentina. Foi l\u00e1, na regi\u00e3o metropolitana de Buenos Aires, e no contexto da guerra das Malvinas, que se relacionou com a LIT-CI e se integrou \u00e0 funda\u00e7\u00e3o do MAS da Argentina desde seus in\u00edcios.<\/p>\n<p>Passada uma d\u00e9cada, quando as rebeli\u00f5es na Europa Oriental e na URSS contra os efeitos da restaura\u00e7\u00e3o capitalista representavam uma oportunidade e um desafio para a LIT-CI, Jan e Loly estiveram na linha de frente e, junto com seus dois filhos, se radicaram na Alemanha Oriental. L\u00e1, dedicaram enormes esfor\u00e7os junto ao \u201cEquipe do Leste\u201d que agrupava a regi\u00e3o: da B\u00e9lgica e Alemanha \u00e0 Pol\u00f4nia, Ucr\u00e2nia e R\u00fassia inclu\u00eddas. O dom\u00ednio fluente de v\u00e1rios idiomas de Jan e Loly os fez um pilar fundamental para numerosas tradu\u00e7\u00f5es de textos e interpreta\u00e7\u00f5es em eventos de toda a Europa e outros pa\u00edses.<\/p>\n<p>Nossa querida companheira Loly faleceu em 2014 e todos n\u00f3s sempre a lembramos como um emblema para a LIT-CI. Poder\u00edamos continuar relatando extensivamente a trajet\u00f3ria exemplar e motivadora de Jan at\u00e9 hoje. Somente em janeiro de 2026, o estado do Brasil concedeu a anistia a Jan. Mas nossa maior homenagem a Jan hoje \u00e9 compartilhar sua mensagem de despedida:<\/p>\n<p>\u201cDear comrades in struggle,<\/p>\n<p>Minhas condi\u00e7\u00f5es de sa\u00fade se deterioram dia ap\u00f3s dia, ao ponto de se tornar cada vez mais dif\u00edcil de ficar vivo. Decidi ir embora. E me despe\u00e7o de voc\u00eas com um sorriso.<\/p>\n<p>Um sorriso por ter podido viver. Viver, como um dos 300 milh\u00f5es de mam\u00edferos dotados de capacidade cognitiva, em um planeta em que essa esp\u00e9cie est\u00e1 amea\u00e7ada de desaparecer \u2013como desapareceram os dinossauros h\u00e1 algumas dezenas de milh\u00f5es de anos\u2013 se n\u00e3o se inverter a calamidade de ter como objetivo concentrar o conforto dos bens de uso em uma \u00ednfima minoria que disp\u00f5e a seu gosto dos meios para produzi-los, em vez de fomentar o desenvolvimento dos \u00faltimos para proporcionar cada vez mais e melhores bens de uso para o conjunto dos humanos do planeta. Um sorriso por ter podido participar da luta para enfrentar essa calamidade.<\/p>\n<p>Com minha m\u00e3e, aprendi a fazer o bem ao pr\u00f3ximo, mas sem entender quem faz o mal. E sem entender por que h\u00e1 pr\u00f3ximos \u00abbons\u00bb e pr\u00f3ximos \u00abmaus\u00bb, de acordo com o lugar onde nasceram, ou de acordo com os pais que tiveram. Os \u00abmaus\u00bb eram os que roubam o emprego do \u00abbom\u00bb.<\/p>\n<p>Em essas nove d\u00e9cadas de anos \u2013ou pelo menos desde a idade em que ao meu redor disseram \u00abj\u00e1 pode se vestir s\u00f3\u00bb at\u00e9 que come\u00e7aram a dizer \u00abainda pode se vestir s\u00f3\u00bb\u2013 aprendi que os \u00abmaus\u00bb o eram porque maltratavam os \u00abbons\u00bb, e que havia uma luta entre maus e bons. Aprendi a escolher lado nessa luta. Juntei-me aos \u00abbons\u00bb, para enfrentar os \u00abmaus\u00bb. E nessas lutas, tive a oportunidade de encontrar pessoas que puderam me explicar melhor o que \u00e9 esse \u00abmaltratar\u00bb.<\/p>\n<p>Aprendi que \u00abluta de classes\u00bb n\u00e3o \u00e9 uma m\u00e1 palavra. Aprendi que \u00abh\u00e1 burgueses e prolet\u00e1rios\u00bb. E que h\u00e1 luta entre eles.<\/p>\n<p>Eu escolhi um lado. Estudei o que isso implicava, a partir do que um tal Karl e seu amigo Friedrich, e depois Vladimir Ilich e Lev Dav\u00eddovich explicaram, e o que eles fizeram ao participar ativamente dessa luta. E hoje, na v\u00e9spera de ter que p\u00f4r um termo a esta vida de luta, estou orgulhoso de ter me comportado durante dezenas de anos essencialmente coerente com isso, consciente das minhas fraquezas.<\/p>\n<p>Um sorriso porque, durante meio s\u00e9culo, pude ser acompanhado por Loli, a m\u00e3e dos meus filhos, com sua abnegada e consequente luta, junto com esses prolet\u00e1rios, contra esses burgueses.<\/p>\n<p>Camaradas de luta, hoje, 20 de abril de 2026, lhes solto a m\u00e3o, com um grande sorriso.<\/p>","protected":false},"excerpt":{"rendered":"<p>A todos os camaradas da Liga Internacional dos Trabalhadores \u2013 Quarta Internacional Informamos a todos os nossos militantes e simpatizantes de nossa organiza\u00e7\u00e3o o falecimento do companheiro Jan Talpe, membro da LCT da B\u00e9lgica e da Comiss\u00e3o de Moral Internacional. \u00c9 uma perda muito dolorosa que nos comove profundamente. N\u00e3o porque tenha sido inesperada nem [&hellip;]<\/p>\n","protected":false},"author":7,"featured_media":82481,"menu_order":10,"comment_status":"open","ping_status":"open","sticky":false,"template":"","format":"standard","meta":{"litci_post_political_author":"Liga internacional de los trabajadores","footnotes":""},"categories":[3588],"tags":[4421,9573,5349,5093,457],"class_list":["post-82480","post","type-post","status-publish","format-standard","has-post-thumbnail","hentry","category-lit-qi-e-partidos","tag-jan-talpe","tag-legado-politico","tag-liga-internacional-dos-trabalhadores","tag-luta-de-classes","tag-militancia-revolucionaria"],"fimg_url":"https:\/\/litci.org\/pt\/wp-content\/uploads\/2026\/04\/1000194769.jpg","categories_names":["Lit-QI e Partidos"],"author_info":{"name":"lena","pic":"https:\/\/secure.gravatar.com\/avatar\/b9eb35b4c023b96c29c4a145a82c6c381b68f2c889c5427106ad5aab6df45b9d?s=96&d=mm&r=g"},"political_author":"Liga internacional de los trabajadores","tagline":"A luta de classes e a solidariedade prolet\u00e1ria como legado de Jan Talpe.","_links":{"self":[{"href":"https:\/\/litci.org\/pt\/wp-json\/wp\/v2\/posts\/82480","targetHints":{"allow":["GET"]}}],"collection":[{"href":"https:\/\/litci.org\/pt\/wp-json\/wp\/v2\/posts"}],"about":[{"href":"https:\/\/litci.org\/pt\/wp-json\/wp\/v2\/types\/post"}],"author":[{"embeddable":true,"href":"https:\/\/litci.org\/pt\/wp-json\/wp\/v2\/users\/7"}],"replies":[{"embeddable":true,"href":"https:\/\/litci.org\/pt\/wp-json\/wp\/v2\/comments?post=82480"}],"version-history":[{"count":3,"href":"https:\/\/litci.org\/pt\/wp-json\/wp\/v2\/posts\/82480\/revisions"}],"predecessor-version":[{"id":82484,"href":"https:\/\/litci.org\/pt\/wp-json\/wp\/v2\/posts\/82480\/revisions\/82484"}],"wp:featuredmedia":[{"embeddable":true,"href":"https:\/\/litci.org\/pt\/wp-json\/wp\/v2\/media\/82481"}],"wp:attachment":[{"href":"https:\/\/litci.org\/pt\/wp-json\/wp\/v2\/media?parent=82480"}],"wp:term":[{"taxonomy":"category","embeddable":true,"href":"https:\/\/litci.org\/pt\/wp-json\/wp\/v2\/categories?post=82480"},{"taxonomy":"post_tag","embeddable":true,"href":"https:\/\/litci.org\/pt\/wp-json\/wp\/v2\/tags?post=82480"}],"curies":[{"name":"wp","href":"https:\/\/api.w.org\/{rel}","templated":true}]}}