{"id":82428,"date":"2026-04-02T15:37:52","date_gmt":"2026-04-02T15:37:52","guid":{"rendered":"https:\/\/litci.org\/pt\/?p=82428"},"modified":"2026-04-11T20:01:30","modified_gmt":"2026-04-11T20:01:30","slug":"fora-imperialismo-ianque-uma-viagem-em-apoio-ao-povo-cubano","status":"publish","type":"post","link":"https:\/\/litci.org\/pt\/2026\/04\/02\/fora-imperialismo-ianque-uma-viagem-em-apoio-ao-povo-cubano\/","title":{"rendered":"Fora imperialismo ianque! Uma viagem em apoio ao povo cubano"},"content":{"rendered":"\n<h3 class=\"wp-block-heading\"><\/h3>\n\n\n\n<p>Na \u00faltima semana, estive em Cuba. O pa\u00eds da revolu\u00e7\u00e3o mais celebrada do continente, uma pequena ilha do Caribe que enfrentou um imp\u00e9rio e conquistou n\u00e3o s\u00f3 sua independ\u00eancia como tamb\u00e9m educa\u00e7\u00e3o, sa\u00fade e, por alguns anos, uma economia planificada voltada \u00e0s necessidades dos trabalhadores e povo cubano.<\/p>\n\n\n\n<p>Hoje, Cuba est\u00e1 amea\u00e7ada de ocupa\u00e7\u00e3o militar por Trump. Diante de tanta import\u00e2ncia hist\u00f3rica para os revolucion\u00e1rios e da necessidade de prestar minha solidariedade nesse momento de ataque imperialista, desembarquei em Cuba tentando entender por que essa revolu\u00e7\u00e3o n\u00e3o existe mais, por que suas conquistas est\u00e3o sendo perdidas e o que existe hoje \u00e9 um sistema capitalista operando com grande controle sobre a economia da ilha, coordenado por um regime repressivo que vigia a popula\u00e7\u00e3o.<\/p>\n\n\n<div class=\"wp-block-image\">\n<figure class=\"aligncenter\"><img decoding=\"async\" src=\"https:\/\/www.opiniaosocialista.com.br\/wp-content\/uploads\/2026\/03\/apagao-Cuba-1024x537.png\" alt=\"\" class=\"wp-image-105647\"\/><\/figure><\/div>\n\n\n<p><\/p>\n\n\n\n<h4 class=\"wp-block-heading\">Dia 1: dos apag\u00f5es ao di\u00e1logo com o governo Trump<\/h4>\n\n\n\n<p>Cheguei e j\u00e1 vivi a \u201cexperi\u00eancia completa\u201d, como disseram os cubanos, rindo de sua pr\u00f3pria situa\u00e7\u00e3o. Logo no primeiro dia nos deparamos com as consequ\u00eancias da pol\u00edtica de Trump, impedindo o envio de petr\u00f3leo da Venezuela para Cuba. Ficamos mais de trinta horas sem energia, sem \u00e1gua e sem internet, um impacto imenso para a popula\u00e7\u00e3o que j\u00e1 vive sob um cen\u00e1rio de muitas car\u00eancias.<\/p>\n\n\n\n<p>No fim da tarde, ao conversar com os cubanos, soubemos do an\u00fancio das medidas de abertura comercial em um di\u00e1logo com os Estados Unidos, garantindo a possibilidade de investimentos nos setores energ\u00e9ticos, de infraestrutura em geral e at\u00e9 financeiro.<\/p>\n\n\n\n<p>A pergunta que os cubanos nos fizeram foi: \u201cPor que em uma semana dialogam com os Estados Unidos e em mais de 60 anos n\u00e3o conseguem ouvir a pr\u00f3pria popula\u00e7\u00e3o?\u201d<\/p>\n\n\n\n<h4 class=\"wp-block-heading\">Dia 2: fome, pessoas em situa\u00e7\u00e3o de rua e desigualdades latino-americanas<\/h4>\n\n\n\n<p>No segundo dia segu\u00edamos sem luz, mas com g\u00e1s. Hav\u00edamos levado goma de tapioca do Brasil, caf\u00e9 e alguns temperos para tentar cozinhar por l\u00e1. Fomos em busca de alguma prote\u00edna. O \u00fanico supermercado que encontramos foi um das \u201cTiendas MLC\u201d, lugares dolarizados que vendem produtos importados a pre\u00e7os exorbitantes.<\/p>\n\n\n\n<p>Nas ruas, vi amontoados de lixo e pessoas catando comida neles. Vi uma senhora pegar um ovo e depois se desfazer dele, pois estava podre. Fiquei de cora\u00e7\u00e3o partido, mas, ao mesmo tempo, repleto de \u00f3dio. O bloqueio econ\u00f4mico hist\u00f3rico imposto a Cuba tem culpa, mas o principal respons\u00e1vel tem nome: capitalismo. A mis\u00e9ria e a fome s\u00e3o produtos da restaura\u00e7\u00e3o do capitalismo na ilha. Gastando onze vezes mais com turismo que com comida, o governo cubano escolhe suas prioridades, e as evid\u00eancias est\u00e3o nos documentos p\u00fablicos.<\/p>\n\n\n\n<h4 class=\"wp-block-heading\">Dia 3: a falta de liberdades democr\u00e1ticas<\/h4>\n\n\n\n<p>Ao longo da viagem, fomos recepcionados por jovens ativistas cr\u00edticos ao regime. S\u00e3o socialistas, radicalmente anti-imperialistas e organizam uma cozinha solid\u00e1ria numa par\u00f3quia e nas ruas de Habana Vieja, um bairro popular. Alguns deles s\u00e3o ex-presos pol\u00edticos por terem participado das mobiliza\u00e7\u00f5es de 11 de julho de 2021, as quais exigiam comida, rem\u00e9dios, emprego e liberdades democr\u00e1ticas. Eles eram apenas alguns dos mais de 1.700 cubanos que foram presos nos dias e meses seguintes aos protestos. Quase 400 seguem encarcerados. Uma dessas pessoas \u00e9 Brenda, jovem trans com v\u00e1rias comorbidades e jogada em um pres\u00eddio masculino.<\/p>\n\n\n\n<p>A arbitrariedade das pris\u00f5es e a dureza das penas revela o \u00f3dio do regime a qualquer tipo de contesta\u00e7\u00e3o. Uma dessas ativistas nos contou que h\u00e1 um grande conte\u00fado de ra\u00e7a e classe nessas pris\u00f5es. Pobres e pretos seguem encarcerados, enquanto aos brancos e setores m\u00e9dios o destino \u00e9 o ex\u00edlio for\u00e7ado.<\/p>\n\n\n\n<h4 class=\"wp-block-heading\">Dia 4: a restaura\u00e7\u00e3o do capitalismo<\/h4>\n\n\n\n<p>Ao ver tanto sofrimento, lembrei-me das duas principais caricaturas que existem de Cuba. Uma \u00e9 da extrema direita, que diz que o pa\u00eds \u00e9 socialista para associar o socialismo \u00e0 pobreza, \u00e0 fome e ao autoritarismo. Por outro lado, quase toda a esquerda nega que exista pobreza e autoritarismo e romantiza a ilha chamando-a de \u201c\u00faltimo basti\u00e3o do socialismo\u201d e \u201creserva moral da humanidade\u201d. A extrema direita nega que exista um bloqueio criminoso h\u00e1 quase setenta anos. J\u00e1 a esquerda nega que o capitalismo tenha sido restaurado. No limite, o que parece \u00e9 o encontro dos dois extremos: ambos dizem que Cuba \u00e9 socialista.<\/p>\n\n\n\n<p>O que nenhum dos dois lados consegue explicar \u00e9: por que, mesmo com bloqueio econ\u00f4mico e com a crise econ\u00f4mica mundial dos anos 1970, Cuba passou de um dos pa\u00edses mais pobres do mundo a um pa\u00eds sem desemprego, fome, prostitui\u00e7\u00e3o, analfabetismo e mortalidade infantil? Por que tinha o melhor sistema de sa\u00fade e educa\u00e7\u00e3o da Am\u00e9rica Latina? Por que se orgulhava de ser uma pot\u00eancia mundial nos esportes? A resposta \u00e9 simples: naquela \u00e9poca, a economia cubana, apesar de fr\u00e1gil, n\u00e3o estava voltada para a l\u00f3gica do mercado capitalista, mas planificada para atender \u00e0s necessidades de seu povo.<\/p>\n\n\n\n<p>Por\u00e9m, a partir dos anos 1990, o regime do Partido Comunista cubano acabou com o monop\u00f3lio do com\u00e9rcio exterior, com a planifica\u00e7\u00e3o da economia e come\u00e7ou a privatizar empresas estatais. O imperialismo europeu voltou \u00e0 ilha, focado na explora\u00e7\u00e3o do turismo. Produto disso, uma burguesia surgiu dentro do pr\u00f3prio partido e entre altos funcion\u00e1rios do regime.<\/p>\n\n\n\n<p>Hoje, Trump est\u00e1 em busca n\u00e3o s\u00f3 de entrar na ilha no terreno econ\u00f4mico, mas de a recolonizar, um plano semelhante ao da Venezuela.<\/p>\n\n\n\n<h4 class=\"wp-block-heading\">Dia 5: o que querem os trabalhadores cubanos?<\/h4>\n\n\n\n<p>Fui a Cuba determinado a entender a realidade e conversar com a popula\u00e7\u00e3o. Nesses dias, conversei com ativistas, com o povo cubano e andei pelas quebradas do Centro Habana e de Habana Vieja. O que ouvi e vi n\u00e3o tem nada a ver com o que a esquerda mundial fala do povo cubano. O que os cubanos querem, pelo menos a maioria deles, \u00e9 o fim de duas coisas: do embargo econ\u00f4mico e da ditadura. Mas esse desejo por liberdades democr\u00e1ticas \u00e9 t\u00e3o intenso, e a falta de uma alternativa pela esquerda tamb\u00e9m, que hoje boa parte dos cubanos se diz de direita ou anticomunista, sobretudo a gera\u00e7\u00e3o mais nova.<\/p>\n\n\n\n<p>Infelizmente, aqueles que continuam dizendo que Cuba \u00e9 socialista, talvez n\u00e3o saibam, mas fazem propaganda gratuita para a direita que afirma a mesma coisa, ainda que com inten\u00e7\u00f5es diferentes.<\/p>\n\n\n\n<p>Para construir uma nova consci\u00eancia revolucion\u00e1ria de esquerda e socialista no pa\u00eds \u00e9 necess\u00e1rio ouvir e confiar no povo cubano, reconstruir sua identidade como classe e apoiar a forma\u00e7\u00e3o de sindicatos, movimentos e organiza\u00e7\u00f5es que lutem por uma vida digna, direitos e um pa\u00eds mais justo.<\/p>\n\n\n<div class=\"wp-block-image\">\n<figure class=\"aligncenter\"><img decoding=\"async\" src=\"https:\/\/www.opiniaosocialista.com.br\/wp-content\/uploads\/2026\/03\/flotilha-cuba.png\" alt=\"\" class=\"wp-image-105648\"\/><\/figure><\/div>\n\n\n<p><\/p>\n\n\n\n<h4 class=\"wp-block-heading\">Dia 6: a Flotilla da Solidariedade \u2013 doa\u00e7\u00f5es bem-vindas, apoio ao regime recha\u00e7ado<\/h4>\n\n\n\n<p>Fomos a Cuba prestar nossa solidariedade anti-imperialista e levar doa\u00e7\u00f5es para a flotilha \u201cConvoy Nuestra Am\u00e9rica\u201d. Os alimentos foram entregues para uma cozinha solid\u00e1ria, os medicamentos levar\u00edamos para o ato de recep\u00e7\u00e3o da flotilha. Chegamos na segunda-feira (16) e a Flotilha chegaria no s\u00e1bado (21). Passamos a semana toda buscando informa\u00e7\u00f5es sobre onde seria o grande ato com os cubanos, mas essa informa\u00e7\u00e3o n\u00e3o existia.<\/p>\n\n\n\n<p>Perguntamos \u00e0 popula\u00e7\u00e3o, e ningu\u00e9m sabia de nada. Nas poucas horas com luz, a televis\u00e3o tampouco anunciou qualquer concentra\u00e7\u00e3o contra o imperialismo e de recebimento das doa\u00e7\u00f5es. Tudo muito estranho, afinal, Cuba estava diante de uma agress\u00e3o imperialista dos Estados Unidos e o m\u00ednimo que se esperava era que o governo convocasse o povo \u00e0s ruas.<\/p>\n\n\n\n<p>Ficamos sabendo que houve um ato fechado na sexta-feira (20), com convidados selecionados. N\u00e3o havia povo, apenas delega\u00e7\u00f5es internacionais e o Partido Comunista de Cuba. No dia seguinte, ocorreu outro pequeno ato, novamente sem povo cubano. Fica a pergunta: quem \u00e9 a maior amea\u00e7a ao regime cubano, Trump ou o povo cubano?<\/p>\n\n\n\n<p>Infelizmente, a flotilha foi utilizada a favor do regime, e seu potencial como demonstra\u00e7\u00e3o de for\u00e7a anti-imperialista foi perdido ao n\u00e3o ter participa\u00e7\u00e3o popular.<\/p>\n\n\n<div class=\"wp-block-image\">\n<figure class=\"aligncenter\"><img decoding=\"async\" src=\"https:\/\/www.opiniaosocialista.com.br\/wp-content\/uploads\/2026\/03\/DJI_20260316130351_0016_D-scaled-e1774567106860-1024x956.png\" alt=\"\" class=\"wp-image-105649\"\/><\/figure><\/div>\n\n\n<p><\/p>\n\n\n\n<h4 class=\"wp-block-heading\">Dia 7: que ajuda real podemos dar ao povo cubano?<\/h4>\n\n\n\n<p>Depois de uma semana em Cuba, n\u00e3o tenho d\u00favidas sobre a for\u00e7a desse povo. Uma pequena ilha cheia de vida, com uma cultura explosiva e um povo cr\u00edtico, inteligente e que anseia viver com dignidade.<\/p>\n\n\n\n<p>O que nunca houve em Cuba foi uma confian\u00e7a real do regime na for\u00e7a dos trabalhadores. A organiza\u00e7\u00e3o popular, a democracia direta e o destino dos cubanos foram sendo sufocados. Pensar e ser diferente sempre foi um crime, como mostram as repress\u00f5es e as UMAPs (campos de trabalhos for\u00e7ados) para as quais foram, al\u00e9m de dissidentes pol\u00edticos, gays, artistas e todos que n\u00e3o combinavam com o regime autorit\u00e1rio.<\/p>\n\n\n\n<p>Ser solid\u00e1rio a um povo \u00e9 entender seus anseios, ouvir seus reclamos por justi\u00e7a e direitos b\u00e1sicos. \u00c9 tamb\u00e9m apresentar uma outra vis\u00e3o de socialismo que n\u00e3o seja autoritarismo e escassez.<\/p>\n\n\n\n<p>Ap\u00f3s esses dias, sei que nossa luta por uma Cuba soberana, independente e livre do imperialismo \u00e9 mais necess\u00e1ria do que nunca, mas ela s\u00f3 pode existir confiando na for\u00e7a do povo cubano.<\/p>\n\n\n\n<p>Ouvir os cubanos agora \u00e9 fortalecer suas lutas contra a repress\u00e3o, o autoritarismo e a mis\u00e9ria. Por isso, n\u00e3o podemos deixar de exigir: liberdade aos presos pol\u00edticos e fim das condena\u00e7\u00f5es arbitr\u00e1rias.<\/p>\n\n\n\n<p>No Brasil, devemos exigir do governo que envie petr\u00f3leo a Cuba e lute pelo fim do embargo. Devemos lutar pela autonomia de Cuba em cada local de trabalho, estudo ou movimento. Mas sem nunca ocultar a verdade.<\/p>\n\n\n\n<p>Cuba n\u00e3o \u00e9 socialista porque socialismo n\u00e3o \u00e9 mis\u00e9ria. Socialismo s\u00e3o as necessidades coletivas atendidas. N\u00e3o \u00e9 socialista porque socialismo \u00e9 democracia oper\u00e1ria, com participa\u00e7\u00e3o ativa do povo. N\u00e3o \u00e9 socialista porque n\u00e3o pode ser um regime autorit\u00e1rio e de privil\u00e9gios.<\/p>\n\n\n\n<p>Vamos prestar nossa solidariedade ao povo cubano, e ela come\u00e7a por olhar a realidade e dizer a verdade.<\/p>\n","protected":false},"excerpt":{"rendered":"<p>Na \u00faltima semana, estive em Cuba. O pa\u00eds da revolu\u00e7\u00e3o mais celebrada do continente, uma pequena ilha do Caribe que enfrentou um imp\u00e9rio e conquistou n\u00e3o s\u00f3 sua independ\u00eancia como tamb\u00e9m educa\u00e7\u00e3o, sa\u00fade e, por alguns anos, uma economia planificada voltada \u00e0s necessidades dos trabalhadores e povo cubano. Hoje, Cuba est\u00e1 amea\u00e7ada de ocupa\u00e7\u00e3o militar [&hellip;]<\/p>\n","protected":false},"author":7,"featured_media":82429,"menu_order":8,"comment_status":"open","ping_status":"open","sticky":false,"template":"","format":"standard","meta":{"litci_post_political_author":"Hertz Dias","footnotes":""},"categories":[1182],"tags":[1183,9549,2557,192],"class_list":["post-82428","post","type-post","status-publish","format-standard","has-post-thumbnail","hentry","category-cuba","tag-cuba-3","tag-cuba-e-trump","tag-hertz-dias","tag-socialismo"],"fimg_url":"https:\/\/litci.org\/pt\/wp-content\/uploads\/2026\/04\/hertz_cuba.png","categories_names":["Cuba"],"author_info":{"name":"lena","pic":"https:\/\/secure.gravatar.com\/avatar\/b9eb35b4c023b96c29c4a145a82c6c381b68f2c889c5427106ad5aab6df45b9d?s=96&d=mm&r=g"},"political_author":"Hertz Dias","tagline":"","_links":{"self":[{"href":"https:\/\/litci.org\/pt\/wp-json\/wp\/v2\/posts\/82428","targetHints":{"allow":["GET"]}}],"collection":[{"href":"https:\/\/litci.org\/pt\/wp-json\/wp\/v2\/posts"}],"about":[{"href":"https:\/\/litci.org\/pt\/wp-json\/wp\/v2\/types\/post"}],"author":[{"embeddable":true,"href":"https:\/\/litci.org\/pt\/wp-json\/wp\/v2\/users\/7"}],"replies":[{"embeddable":true,"href":"https:\/\/litci.org\/pt\/wp-json\/wp\/v2\/comments?post=82428"}],"version-history":[{"count":2,"href":"https:\/\/litci.org\/pt\/wp-json\/wp\/v2\/posts\/82428\/revisions"}],"predecessor-version":[{"id":82431,"href":"https:\/\/litci.org\/pt\/wp-json\/wp\/v2\/posts\/82428\/revisions\/82431"}],"wp:featuredmedia":[{"embeddable":true,"href":"https:\/\/litci.org\/pt\/wp-json\/wp\/v2\/media\/82429"}],"wp:attachment":[{"href":"https:\/\/litci.org\/pt\/wp-json\/wp\/v2\/media?parent=82428"}],"wp:term":[{"taxonomy":"category","embeddable":true,"href":"https:\/\/litci.org\/pt\/wp-json\/wp\/v2\/categories?post=82428"},{"taxonomy":"post_tag","embeddable":true,"href":"https:\/\/litci.org\/pt\/wp-json\/wp\/v2\/tags?post=82428"}],"curies":[{"name":"wp","href":"https:\/\/api.w.org\/{rel}","templated":true}]}}