{"id":81692,"date":"2025-10-11T23:00:42","date_gmt":"2025-10-11T23:00:42","guid":{"rendered":"https:\/\/litci.org\/pt\/?p=81692"},"modified":"2025-10-18T23:01:19","modified_gmt":"2025-10-18T23:01:19","slug":"dina-boluarte-caiu-nenhuma-confianca-no-governo-de-transicao-fora-jeri-e-o-congresso-criminoso-todos-ao-15-de-outubro","status":"publish","type":"post","link":"https:\/\/litci.org\/pt\/2025\/10\/11\/dina-boluarte-caiu-nenhuma-confianca-no-governo-de-transicao-fora-jeri-e-o-congresso-criminoso-todos-ao-15-de-outubro\/","title":{"rendered":"Dina Boluarte caiu! Nenhuma confian\u00e7a no &#8220;governo de transi\u00e7\u00e3o&#8221;! Fora Jer\u00ed e o Congresso criminoso! Todos ao \u00a015 de outubro!"},"content":{"rendered":"\n<p>Por: PST-Peru<\/p>\n\n\n\n<p>Dina Boluarte caiu! A respons\u00e1vel pela feroz repress\u00e3o no Sul e pelo assassinato direto de 49 pessoas durante os dias de protesto n\u00e3o \u00e9 mais a presidente do pa\u00eds.<\/p>\n\n\n\n<p>E embora tenha sido formalmente destitu\u00edda do cargo pelo legislativo, sua queda n\u00e3o \u00e9 resultado das a\u00e7\u00f5es de &#8220;oposi\u00e7\u00e3o&#8221; de <em>Fuerza Popular, Renovaci\u00f3n Popular, Avanza Pa\u00eds, Per\u00fa Libre<\/em> e outros partidos que comp\u00f5em este Congresso, como querem nos fazer acreditar.<\/p>\n\n\n\n<p>Boluarte cai como consequ\u00eancia da luta dos pobres e trabalhadores contra sua incapacidade de enfrentar a criminalidade que sufoca a economia popular. Uma luta que atingiu um novo \u00e1pice com a retumbante greve dos trabalhadores do transporte, com paralisa\u00e7\u00e3o na \u00faltima segunda-feira, 6 de outubro, combinada com a marcha de 45 dias do povo de Pataz, que deve chegar a Lima nesta segunda-feira, 13 de outubro, para protestar contra a ina\u00e7\u00e3o do governo e do Congresso diante da atividade criminosa naquela prov\u00edncia.<\/p>\n\n\n\n<p>\u00c9 neste contexto de escalada de rep\u00fadio e mobiliza\u00e7\u00e3o contra o governo, que se preparava para a pr\u00f3xima quarta-feira, 15 de outubro, a chamada &#8220;paralisa\u00e7\u00e3o nacional&#8221; convocada pela juventude e setores populares, e \u00e0 qual diversos setores oper\u00e1rios e populares, organizados e individuais, v\u00eam aderindo, que os partidos que at\u00e9 ontem apoiavam Boluarte e aplaudiam sua repress\u00e3o decidiram destitu\u00ed-la. N\u00e3o querem arcar com as responsabilidades de um governo amplamente repudiado e, assim, afetar suas perspectivas eleitorais em abril pr\u00f3ximo, nem exacerbar a indigna\u00e7\u00e3o oper\u00e1ria e popular, e se expor a uma revolta social que os deixaria sem salva\u00e7\u00e3o.<\/p>\n\n\n\n<p>Esses partidos esperam que a sa\u00edda de Boluarte e a forma\u00e7\u00e3o de um &#8220;governo de transi\u00e7\u00e3o&#8221;, liderado por Jos\u00e9 Jer\u00ed, acusado de enriquecimento il\u00edcito e abuso sexual, desacelerem a escalada das lutas que caracterizam a atual situa\u00e7\u00e3o pol\u00edtica do pa\u00eds, enquanto prosseguem sua ofensiva contra as m\u00ednimas conquistas democr\u00e1ticas arrancadas pelo povo ap\u00f3s a queda da ditadura de Fujimori.<\/p>\n\n\n\n<p>Portanto, n\u00f3s, do Partido Socialista dos Trabalhadores, denunciamos claramente: O PACTO CORRUPTO E CRIMINAL DE IMPUNIDADE N\u00c3O FOI ROMPIDO COM A QUEDA DE BOLUARTE! N\u00c3O H\u00c1 MOTIVO PARA PARAR DE SE MOBILIZAR! N\u00c3O H\u00c1 NADA DE BOM OU BEN\u00c9FICO PARA O POVO TRABALHADOR NO GOVERNO DE JER\u00cd!<\/p>\n\n\n\n<p>Primeiro, porque manter\u00e1 intacto o modelo econ\u00f4mico neoliberal que entrega os recursos do pa\u00eds \u00e0s transnacionais de minera\u00e7\u00e3o e petr\u00f3leo, mas tamb\u00e9m \u00e0 economia ilegal e criminosa. O mesmo modelo que superexplora a classe oper\u00e1ria e vem impondo demiss\u00f5es coletivas em diversas f\u00e1bricas e locais de trabalho.<\/p>\n\n\n\n<p>Segundo, porque \u00e9 composto pelos mesmos partidos corruptos e reacion\u00e1rios que dominaram o Congresso e apoiaram Boluarte, livrando-a das acusa\u00e7\u00f5es pelos assassinatos de 49 lutadores\/as durante a repress\u00e3o no Sul, e que representa os partidos mais retr\u00f3grados, autorit\u00e1rios e patronais do pa\u00eds.<\/p>\n\n\n\n<p>E, finalmente, porque o pr\u00f3prio Jer\u00ed faz parte dessa imund\u00edcie pol\u00edtica: acusado de corrup\u00e7\u00e3o quando chefiou a Comiss\u00e3o de Or\u00e7amento do Congresso e de abuso sexual, Jer\u00ed \u00e9 um fiel representante de um Congresso que legislou a favor de quadrilhas criminosas para se proteger, al\u00e9m de ter votado a favor da Lei de Anistia que premia impunemente os militares e policiais que, durante as d\u00e9cadas de 1980 e 1990, massacraram a popula\u00e7\u00e3o pobre e inocente do nosso pa\u00eds sob o pretexto da luta contra o terrorismo.<\/p>\n\n\n\n<p>\u00c9 por isso que n\u00e3o h\u00e1 como confiar no novo governo. Pelo contr\u00e1rio, devemos continuar a mobiliza\u00e7\u00e3o at\u00e9 que Jer\u00ed e o Congresso sejam derrubados! Instamos a dire\u00e7\u00e3o da CGTP a abandonar seus c\u00e1lculos eleitorais e convocar imediatamente uma Paralisa\u00e7\u00e3o Nacional combativa que mobilize os trabalhadores das minas, f\u00e1bricas e empresas de todo o pa\u00eds, sob o risco de trair os interesses da classe trabalhadora e do povo peruano, erguendo as bandeiras do Sul combativo e exigindo o fechamento do Congresso e a queda de Jer\u00ed.<\/p>\n\n\n\n<p>E, al\u00e9m disso, convocar as organiza\u00e7\u00f5es de luta de todo o povo a assumirem os governos do pa\u00eds. Porque SOMENTE UM GOVERNO DAS ORGANIZA\u00c7\u00d5ES DEMOCR\u00c1TICAS E DE LUTA DOS TRABALHADORES E DO POVO pode enfrentar a podrid\u00e3o em que se transformou esta democracia corrupta, assassina e dominada pelos patr\u00f5es. S\u00f3 esse governo poder\u00e1 abrir caminho para solu\u00e7\u00f5es fundamentais aos problemas que o nosso povo atravessa e garantir\u00e1 uma ASSEMBLEIA CONSTITUINTE que recupere os nossos recursos naturais das m\u00e3os das transnacionais mineiras e petrol\u00edferas, que entregue a terra aos camponeses\/as, que pro\u00edba demiss\u00f5es, demiss\u00f5es coletivas e suspens\u00f5es, garantir sa\u00fade e educa\u00e7\u00e3o de qualidade e muito mais.<\/p>\n\n\n\n<p>Pris\u00e3o e puni\u00e7\u00e3o exemplar para a assassina Dina Boluarte!<\/p>\n\n\n\n<p>POR UM GOVERNO DE ORGANIZA\u00c7\u00d5ES DE TRABALHADORES,<\/p>\n\n\n\n<p>TRABALHADORAS E DO POVO PARA ACABAR COM ESTA DEMOCRACIA CORRUPTA, PATRONAL E ASSASSINA!<\/p>\n","protected":false},"excerpt":{"rendered":"<p>Por: PST-Peru Dina Boluarte caiu! A respons\u00e1vel pela feroz repress\u00e3o no Sul e pelo assassinato direto de 49 pessoas durante os dias de protesto n\u00e3o \u00e9 mais a presidente do pa\u00eds. E embora tenha sido formalmente destitu\u00edda do cargo pelo legislativo, sua queda n\u00e3o \u00e9 resultado das a\u00e7\u00f5es de &#8220;oposi\u00e7\u00e3o&#8221; de Fuerza Popular, Renovaci\u00f3n Popular, [&hellip;]<\/p>\n","protected":false},"author":7,"featured_media":81693,"menu_order":0,"comment_status":"open","ping_status":"open","sticky":false,"template":"","format":"standard","meta":{"litci_post_political_author":"PST Peru","footnotes":""},"categories":[300,5620],"tags":[8481,9083],"class_list":["post-81692","post","type-post","status-publish","format-standard","has-post-thumbnail","hentry","category-peru","category-america-latina","tag-dina-boluarte","tag-pst-peru-3"],"fimg_url":"https:\/\/litci.org\/pt\/wp-content\/uploads\/2025\/10\/Captura-de-tela_18-10-2025_195949_litci.org_.jpeg","categories_names":["Am\u00e9rica Latina","Peru"],"author_info":{"name":"lena","pic":"https:\/\/secure.gravatar.com\/avatar\/b9eb35b4c023b96c29c4a145a82c6c381b68f2c889c5427106ad5aab6df45b9d?s=96&d=mm&r=g"},"political_author":"PST Peru","tagline":"","_links":{"self":[{"href":"https:\/\/litci.org\/pt\/wp-json\/wp\/v2\/posts\/81692","targetHints":{"allow":["GET"]}}],"collection":[{"href":"https:\/\/litci.org\/pt\/wp-json\/wp\/v2\/posts"}],"about":[{"href":"https:\/\/litci.org\/pt\/wp-json\/wp\/v2\/types\/post"}],"author":[{"embeddable":true,"href":"https:\/\/litci.org\/pt\/wp-json\/wp\/v2\/users\/7"}],"replies":[{"embeddable":true,"href":"https:\/\/litci.org\/pt\/wp-json\/wp\/v2\/comments?post=81692"}],"version-history":[{"count":1,"href":"https:\/\/litci.org\/pt\/wp-json\/wp\/v2\/posts\/81692\/revisions"}],"predecessor-version":[{"id":81694,"href":"https:\/\/litci.org\/pt\/wp-json\/wp\/v2\/posts\/81692\/revisions\/81694"}],"wp:featuredmedia":[{"embeddable":true,"href":"https:\/\/litci.org\/pt\/wp-json\/wp\/v2\/media\/81693"}],"wp:attachment":[{"href":"https:\/\/litci.org\/pt\/wp-json\/wp\/v2\/media?parent=81692"}],"wp:term":[{"taxonomy":"category","embeddable":true,"href":"https:\/\/litci.org\/pt\/wp-json\/wp\/v2\/categories?post=81692"},{"taxonomy":"post_tag","embeddable":true,"href":"https:\/\/litci.org\/pt\/wp-json\/wp\/v2\/tags?post=81692"}],"curies":[{"name":"wp","href":"https:\/\/api.w.org\/{rel}","templated":true}]}}