{"id":81560,"date":"2025-09-27T13:28:24","date_gmt":"2025-09-27T13:28:24","guid":{"rendered":"https:\/\/litci.org\/pt\/?p=81560"},"modified":"2025-10-01T13:29:10","modified_gmt":"2025-10-01T13:29:10","slug":"lula-discursa-na-onu-o-que-seu-governo-nao-faz-na-pratica","status":"publish","type":"post","link":"https:\/\/litci.org\/pt\/2025\/09\/27\/lula-discursa-na-onu-o-que-seu-governo-nao-faz-na-pratica\/","title":{"rendered":"Lula discursa na ONU o que seu governo n\u00e3o faz na pr\u00e1tica"},"content":{"rendered":"\n<p>Por: PSTU Brasil<\/p>\n\n\n\n<p>Na abertura da Assembleia Geral da ONU, Lula fez um discurso sobre defesa da soberania, contra o genoc\u00eddio promovido pelo Estado de Israel, contra a ultradireita e de combate \u00e0 pobreza. Mas, na pr\u00e1tica, seu governo n\u00e3o toma medidas contra nenhuma dessas quest\u00f5es.<\/p>\n\n\n\n<p>N\u00e3o se combate a pobreza e a fome de verdade sem uma mudan\u00e7a estrutural no Brasil, que enfrente as desigualdades sociais e o baixo n\u00edvel industrial e tecnol\u00f3gico do pa\u00eds. O dom\u00ednio dos capitalistas brasileiros e estrangeiros, aliado \u00e0 subalternidade em rela\u00e7\u00e3o ao imperialismo, \u00e9 justamente o que impede que desenvolvamos o pa\u00eds a servi\u00e7o dos interesses dos trabalhadores.<\/p>\n\n\n\n<p>\u00c9 preciso revogar o arcabou\u00e7o fiscal, acabar com a escala 6\u00d71, reduzir a jornada de trabalho e aumentar sal\u00e1rios, zerar o imposto para todos os trabalhadores, fazendo com que os lucros dos bilion\u00e1rios capitalistas paguem a conta da crise fiscal que atravessa o pa\u00eds. N\u00e3o existe combate \u00e0 pobreza hoje que n\u00e3o passe por isso. Basta ver que o aumento do sal\u00e1rio m\u00ednimo anunciado este ano \u00e9 insuficiente diante da infla\u00e7\u00e3o dos alimentos e \u00e9 muito pouco comparado aos lucros dos 250 maiores grupos capitalistas.<\/p>\n\n\n\n<p>N\u00e3o adianta tamb\u00e9m discursar contra a tentativa de golpe da ultradireita quando, no Brasil, Lula mant\u00e9m gente de direita e do centr\u00e3o no governo, que est\u00e3o tramando a anistia a golpistas. Enquanto isso, deputados do PT votam na famigerada PEC da Blindagem. Lula ainda acena para a redu\u00e7\u00e3o de pena de Bolsonaro, e faz corpo mole para derrotar o projeto de anistia. Vai deixando a direita se criar, agradando os capitalistas, tudo em nome de manter a governabilidade burguesa.<\/p>\n\n\n\n<h4 class=\"wp-block-heading\">Pela ruptura total com o Estado de Israel e uma verdadeira soberania<\/h4>\n\n\n\n<p>Discursar contra o genoc\u00eddio \u00e9 muito pouco diante do cen\u00e1rio atual. Passou da hora de o Brasil romper rela\u00e7\u00f5es com Israel. Mas, ao contr\u00e1rio disso, a Petrobras continua enviando petr\u00f3leo ao pa\u00eds, que vira combust\u00edvel para os tanques do ex\u00e9rcito israelense. Espanha e It\u00e1lia colocaram navios para proteger os ativistas que est\u00e3o se solidarizando; o Brasil deveria fazer o mesmo, ainda mais porque h\u00e1 brasileiros na flotilha que se dirige a Gaza.<\/p>\n\n\n\n<p>Sobre soberania, o governo vem comemorando porque o discurso de Trump mudou de tom com o Brasil. Trump afirmou que rolou uma \u201cqu\u00edmica\u201d entre ele e Lula, convidando o mandat\u00e1rio brasileiro a uma reuni\u00e3o. O que aconteceu, por\u00e9m, parece algo mais que uma repentina paix\u00e3o.<\/p>\n\n\n\n<p>Houve uma articula\u00e7\u00e3o entre grandes empres\u00e1rios brasileiros e o governo Lula, representado por Alckmin, para negociar nos EUA. Na pauta: as cobi\u00e7adas terras raras e a garantia dos interesses das big techs no Brasil. O aceno de Trump para Lula na ONU \u00e9 precedido pela disposi\u00e7\u00e3o do governo Lula de entregar riquezas nacionais que interessam aos monop\u00f3lios dos EUA.<\/p>\n\n\n\n<p>A narrativa do PT tenta mostrar que o governo Lula dobrou Trump e n\u00e3o se submeteu aos ataques do imperialismo estadunidense. A realidade \u00e9 que, ao contr\u00e1rio das palavras em favor da soberania, o Brasil aceitou o tarifa\u00e7o, seguiu as ordens da burguesia covarde e pr\u00f3-imperialista, negando-se a qualquer tipo de retalia\u00e7\u00e3o (mesmo quando os EUA ampliam as san\u00e7\u00f5es contra representantes do governo e do Judici\u00e1rio), e agora coloca na mesa as terras raras para serem entregues ao l\u00edder supremo do imperialismo.<\/p>\n\n\n\n<p>Esses acordos significar\u00e3o uma maior entrega do pa\u00eds aos interesses dos monop\u00f3lios dos EUA. N\u00e3o \u00e9 uma postura soberana de Lula quando afirma: \u201cEu fiquei feliz quando Trump disse que pintou uma qu\u00edmica boa entre n\u00f3s\u201d. Ou quando diz que torce para dar certo a rela\u00e7\u00e3o do Brasil com os EUA e que \u201cn\u00e3o h\u00e1 por que Brasil e Estados Unidos viverem em conflito\u201d. A rela\u00e7\u00e3o dos EUA com o Brasil \u00e9 de nos submeter como col\u00f4nia, instalando suas transnacionais aqui para superexplorar nosso povo, tomando as riquezas nacionais e sufocando nosso desenvolvimento, nos mantendo dependentes e subdesenvolvidos.<\/p>\n\n\n\n<h4 class=\"wp-block-heading\">Lutas pelo mundo mostram o caminho<\/h4>\n\n\n\n<p>H\u00e1 manifesta\u00e7\u00f5es de massas na Fran\u00e7a contra os ataques aos trabalhadores promovidos pelo governo. Vimos uma greve geral em apoio \u00e0 Palestina na It\u00e1lia. Manifesta\u00e7\u00f5es contra o aumento do custo de vida no Equador enfrentam o governo de direita de Noboa. Um levante derrubou o governo capitalista do Nepal, controlado por um partido que, de comunista, s\u00f3 tinha o nome. E segue a luta dos trabalhadores, imigrantes e setores populares nos EUA contra o autoritarismo e os planos capitalistas de Trump.<\/p>\n\n\n\n<p>Se \u00e9 verdade que h\u00e1 ultradireita e ataques aos trabalhadores, tamb\u00e9m \u00e9 verdade que h\u00e1 resist\u00eancia e luta que apontam o caminho para enfrentar os capitalistas e construir uma alternativa para os trabalhadores. Aqui no Brasil \u00e9 preciso refor\u00e7ar as mobiliza\u00e7\u00f5es contra os ataques do imperialismo estadunidense, denunciar qualquer tentativa de entrega dos nossos recursos e soberania e fazer avan\u00e7ar a mobiliza\u00e7\u00e3o da classe trabalhadora nas ruas, com independ\u00eancia de classe, por uma verdadeira soberania e direitos para os trabalhadores.<\/p>\n\n\n\n<h4 class=\"wp-block-heading\">Um programa socialista e a constru\u00e7\u00e3o de uma alternativa revolucion\u00e1ria<\/h4>\n\n\n\n<p>Para transformar essa luta em vit\u00f3ria, n\u00e3o basta denunciar e resistir: \u00e9 preciso levantar um programa que unifique a classe trabalhadora em torno de uma sa\u00edda socialista para a crise. Isso significa romper com o arcabou\u00e7o fiscal, taxar fortemente os lucros dos bilion\u00e1rios, estatizar, sob controle dos trabalhadores, os setores estrat\u00e9gicos, como petr\u00f3leo, energia, minera\u00e7\u00e3o e tecnologia, al\u00e9m de reorganizar a economia para atender \u00e0s necessidades sociais, e n\u00e3o ao lucro de um punhado de capitalistas.<\/p>\n\n\n\n<p>\u00c9 urgente tamb\u00e9m construir uma alternativa pol\u00edtica independente, que n\u00e3o se submeta \u00e0 concilia\u00e7\u00e3o de classes do PT e seja capaz de enfrentar de verdade os projetos reacion\u00e1rios da direita e da extrema direita. A experi\u00eancia mostra que confiar na \u201cgovernabilidade burguesa\u201d, como faz o PT, s\u00f3 fortalece nossos inimigos. Precisamos de uma organiza\u00e7\u00e3o revolucion\u00e1ria, enraizada nas f\u00e1bricas, nos locais de trabalho, nos bairros populares, na juventude, capaz de dirigir as lutas e as transformar em for\u00e7a social para enfrentar o capitalismo.<\/p>\n\n\n\n<p>E, com a classe trabalhadora \u00e0 frente, construir um governo pr\u00f3prio dos trabalhadores sem patr\u00f5es, que abra caminho para uma revolu\u00e7\u00e3o socialista. S\u00f3 assim ser\u00e1 poss\u00edvel derrotar o imperialismo, romper com a explora\u00e7\u00e3o capitalista e conquistar de fato soberania e uma vida digna para os trabalhadores.<\/p>\n","protected":false},"excerpt":{"rendered":"<p>Por: PSTU Brasil Na abertura da Assembleia Geral da ONU, Lula fez um discurso sobre defesa da soberania, contra o genoc\u00eddio promovido pelo Estado de Israel, contra a ultradireita e de combate \u00e0 pobreza. Mas, na pr\u00e1tica, seu governo n\u00e3o toma medidas contra nenhuma dessas quest\u00f5es. N\u00e3o se combate a pobreza e a fome de [&hellip;]<\/p>\n","protected":false},"author":7,"featured_media":81561,"menu_order":0,"comment_status":"open","ping_status":"open","sticky":false,"template":"","format":"standard","meta":{"litci_post_political_author":"PSTU Brasil","footnotes":""},"categories":[121,5620],"tags":[9273,190],"class_list":["post-81560","post","type-post","status-publish","format-standard","has-post-thumbnail","hentry","category-brasil","category-america-latina","tag-lula-na-onu","tag-pstu-brasil"],"fimg_url":"https:\/\/litci.org\/pt\/wp-content\/uploads\/2025\/10\/lula.jpeg","categories_names":["Am\u00e9rica Latina","Brasil"],"author_info":{"name":"lena","pic":"https:\/\/secure.gravatar.com\/avatar\/b9eb35b4c023b96c29c4a145a82c6c381b68f2c889c5427106ad5aab6df45b9d?s=96&d=mm&r=g"},"political_author":"PSTU Brasil","tagline":"","_links":{"self":[{"href":"https:\/\/litci.org\/pt\/wp-json\/wp\/v2\/posts\/81560","targetHints":{"allow":["GET"]}}],"collection":[{"href":"https:\/\/litci.org\/pt\/wp-json\/wp\/v2\/posts"}],"about":[{"href":"https:\/\/litci.org\/pt\/wp-json\/wp\/v2\/types\/post"}],"author":[{"embeddable":true,"href":"https:\/\/litci.org\/pt\/wp-json\/wp\/v2\/users\/7"}],"replies":[{"embeddable":true,"href":"https:\/\/litci.org\/pt\/wp-json\/wp\/v2\/comments?post=81560"}],"version-history":[{"count":1,"href":"https:\/\/litci.org\/pt\/wp-json\/wp\/v2\/posts\/81560\/revisions"}],"predecessor-version":[{"id":81562,"href":"https:\/\/litci.org\/pt\/wp-json\/wp\/v2\/posts\/81560\/revisions\/81562"}],"wp:featuredmedia":[{"embeddable":true,"href":"https:\/\/litci.org\/pt\/wp-json\/wp\/v2\/media\/81561"}],"wp:attachment":[{"href":"https:\/\/litci.org\/pt\/wp-json\/wp\/v2\/media?parent=81560"}],"wp:term":[{"taxonomy":"category","embeddable":true,"href":"https:\/\/litci.org\/pt\/wp-json\/wp\/v2\/categories?post=81560"},{"taxonomy":"post_tag","embeddable":true,"href":"https:\/\/litci.org\/pt\/wp-json\/wp\/v2\/tags?post=81560"}],"curies":[{"name":"wp","href":"https:\/\/api.w.org\/{rel}","templated":true}]}}