{"id":81322,"date":"2025-07-24T16:05:19","date_gmt":"2025-07-24T16:05:19","guid":{"rendered":"https:\/\/litci.org\/pt\/?p=81322"},"modified":"2025-07-24T16:05:20","modified_gmt":"2025-07-24T16:05:20","slug":"rebeldia-nota-de-esclarecimento-sobre-a-plenaria-final-do-congresso-da-une","status":"publish","type":"post","link":"https:\/\/litci.org\/pt\/2025\/07\/24\/rebeldia-nota-de-esclarecimento-sobre-a-plenaria-final-do-congresso-da-une\/","title":{"rendered":"REBELDIA: Nota de esclarecimento sobre a plen\u00e1ria final do Congresso da UNE"},"content":{"rendered":"\n<h6 class=\"wp-block-heading\"><strong>Por: Rebeldia &#8211; Juventude da Revolu\u00e7\u00e3o Socialista<\/strong><\/h6>\n\n\n\n<p>Militantes do Coletivo Rebeldia no 60\u00ba Congresso da UNE em Goi\u00e2nia (GO)<\/p>\n\n\n\n<p>Diante da atitude autorit\u00e1ria do Fa\u00edsca de tentar impedir nossa passagem na plen\u00e1ria final da UNE, houve um empurra-empurra entre o Rebeldia e o Fa\u00edsca, em que eles vieram pra cima e n\u00f3s nos defendemos. Mas houve um disparo de spray de pimenta que condenamos energicamente. Depois de muita apura\u00e7\u00e3o, identificamos que um estudante que estava em nossa delega\u00e7\u00e3o cometeu esta a\u00e7\u00e3o individual e unilateral completamente equivocada.<\/p>\n\n\n\n<p>Queremos declarar que desautorizamos completamente esta a\u00e7\u00e3o. N\u00e3o foi feita em nosso nome e se trata de um erro individual de um estudante da base da nossa delega\u00e7\u00e3o.<\/p>\n\n\n\n<p>Primeiro, pedimos desculpas a todos os estudantes do plen\u00e1rio, em especial do Fa\u00edsca. Em especial, tamb\u00e9m, ao Juntos, pois a bancada foi afetada pelo g\u00e1s. Mas tamb\u00e9m devemos desculpas a todos do plen\u00e1rio.<a href=\"https:\/\/www.opiniaosocialista.com.br\/contribua\/?utm_source=opiniao&amp;utm_medium=contribua-v1&amp;utm_campaign=regular\" target=\"_blank\" rel=\"noopener\"><\/a><\/p>\n\n\n\n<p>N\u00e3o \u00e9 nosso m\u00e9todo, concep\u00e7\u00e3o ou linha pol\u00edtica a\u00e7\u00f5es desse tipo. Defendemos a democracia oper\u00e1ria, nenhuma coa\u00e7\u00e3o ao livre debate ou ao direito de ir e vir, nenhuma viol\u00eancia que vise interditar a for\u00e7a dos argumentos no interior do movimento oper\u00e1rio ou estudantil. Pelo contr\u00e1rio, nascemos lutando contra essa pr\u00e1tica introduzida pelas burocracias e pelo stalinismo.<\/p>\n\n\n\n<p>E, neste caso, ainda que estiv\u00e9ssemos apenas defendendo nosso direito de acessar nosso lugar no plen\u00e1rio, n\u00e3o se justifica a utiliza\u00e7\u00e3o de g\u00e1s de pimenta. N\u00e3o t\u00ednhamos orienta\u00e7\u00e3o ou objetivo de fazer isso.<\/p>\n\n\n\n<p>Por isso, est\u00e1vamos prezando pela constru\u00e7\u00e3o da maneira mais saud\u00e1vel poss\u00edvel dos espa\u00e7os do congresso assim como da Oposi\u00e7\u00e3o de Esquerda.<\/p>\n\n\n\n<h4 class=\"wp-block-heading\"><strong>O que aconteceu detalhadamente?<\/strong><\/h4>\n\n\n\n<p>Minutos antes, o Fa\u00edsca teve a postura autorit\u00e1ria de tentar impedir a passagem de alguns militantes do Rebeldia que carregavam o almo\u00e7o para o plen\u00e1rio antes da nossa bancada chegar. Nenhuma organiza\u00e7\u00e3o impede o tr\u00e2nsito dos ativistas que organizam e preparam as coisas pelo plen\u00e1rio, ainda mais porque a disposi\u00e7\u00e3o do espa\u00e7o foi previamente acordada entre todos coletivos.<\/p>\n\n\n\n<p>Mas ap\u00f3s isso, mais uma vez, eles tentaram impedir a passagem de seis militantes do Rebeldia que estavam prestes a ajudar na organiza\u00e7\u00e3o do espa\u00e7o destinado a n\u00f3s no plen\u00e1rio, para a chegada da coluna.<\/p>\n\n\n\n<p>Nesse momento, o Fa\u00edsca impediu a nossa passagem fazendo uma barreira f\u00edsica e gritando. Ao tentarem entrar, os militantes come\u00e7aram a ser agredidos pelo Fa\u00edsca e houve um empurra-empurra. \u00c9 isso que pode ser visto nos v\u00eddeos divulgados pelo pr\u00f3prio Fa\u00edsca, em que ficam percept\u00edveis as agress\u00f5es do Fa\u00edsca e a nossa milit\u00e2ncia se defendendo.<\/p>\n\n\n\n<p>N\u00f3s n\u00e3o temos v\u00eddeos porque ningu\u00e9m nosso filmou. N\u00e3o t\u00ednhamos a inten\u00e7\u00e3o de entrar em confronto com ningu\u00e9m, mas sim apenas entrar no nosso espa\u00e7o no plen\u00e1rio.<\/p>\n\n\n\n<p>\u00c9 neste contexto que acontece o erro individual de um estudante da nossa delega\u00e7\u00e3o. Uma atitude completamente equivocada que prejudicou o congresso.<\/p>\n\n\n\n<h4 class=\"wp-block-heading\"><strong>H\u00e1 que cessar as provoca\u00e7\u00e3o autorit\u00e1rias do Fa\u00edsca<\/strong><\/h4>\n\n\n\n<p>Desde o primeiro dia do Congresso da UNE (Conune), o Fa\u00edsca tem adotado uma postura de intimida\u00e7\u00e3o e provoca\u00e7\u00e3o contra a nossa milit\u00e2ncia.<\/p>\n\n\n\n<p>Durante a manifesta\u00e7\u00e3o que fizemos no ato do Lula, os militantes do Fa\u00edsca empurraram nossa milit\u00e2ncia e puxaram a blusa de uma companheira, com um n\u00edtido objetivo de intimidar.<\/p>\n\n\n\n<p>Na plen\u00e1ria anterior de resolu\u00e7\u00f5es, o Fa\u00edsca tensionou com todas as organiza\u00e7\u00f5es da Oposi\u00e7\u00e3o de Esquerda com empurr\u00f5es e atitudes provocativas. Gritaram e coagiram duas militantes nossas no caminho pro banheiro<\/p>\n\n\n\n<p>Esta postura n\u00e3o ajuda a construir um movimento estudantil democr\u00e1tico e sadio.<\/p>\n\n\n\n<p>Por fim, fazemos um apelo para que se cessem todas as provoca\u00e7\u00f5es e hostilidades entre o Fa\u00edsca e n\u00f3s.<\/p>\n","protected":false},"excerpt":{"rendered":"<p>Por: Rebeldia &#8211; Juventude da Revolu\u00e7\u00e3o Socialista Militantes do Coletivo Rebeldia no 60\u00ba Congresso da UNE em Goi\u00e2nia (GO) Diante da atitude autorit\u00e1ria do Fa\u00edsca de tentar impedir nossa passagem na plen\u00e1ria final da UNE, houve um empurra-empurra entre o Rebeldia e o Fa\u00edsca, em que eles vieram pra cima e n\u00f3s nos defendemos. Mas [&hellip;]<\/p>\n","protected":false},"author":7,"featured_media":81323,"menu_order":0,"comment_status":"open","ping_status":"open","sticky":false,"template":"","format":"standard","meta":{"litci_post_political_author":"Rebeldia - Juventude da Revolu\u00e7\u00e3o Socialista","footnotes":""},"categories":[3709,121],"tags":[7636,9223,4636],"class_list":["post-81322","post","type-post","status-publish","format-standard","has-post-thumbnail","hentry","category-juventude","category-brasil","tag-congresso-une","tag-faisca","tag-juventude-rebeldia"],"fimg_url":"https:\/\/litci.org\/pt\/wp-content\/uploads\/2025\/07\/Rebeldia-Conune-1024x768-1.jpeg","categories_names":["Brasil","Juventude"],"author_info":{"name":"lena","pic":"https:\/\/secure.gravatar.com\/avatar\/b9eb35b4c023b96c29c4a145a82c6c381b68f2c889c5427106ad5aab6df45b9d?s=96&d=mm&r=g"},"political_author":"Rebeldia - Juventude da Revolu\u00e7\u00e3o Socialista","tagline":"","_links":{"self":[{"href":"https:\/\/litci.org\/pt\/wp-json\/wp\/v2\/posts\/81322","targetHints":{"allow":["GET"]}}],"collection":[{"href":"https:\/\/litci.org\/pt\/wp-json\/wp\/v2\/posts"}],"about":[{"href":"https:\/\/litci.org\/pt\/wp-json\/wp\/v2\/types\/post"}],"author":[{"embeddable":true,"href":"https:\/\/litci.org\/pt\/wp-json\/wp\/v2\/users\/7"}],"replies":[{"embeddable":true,"href":"https:\/\/litci.org\/pt\/wp-json\/wp\/v2\/comments?post=81322"}],"version-history":[{"count":1,"href":"https:\/\/litci.org\/pt\/wp-json\/wp\/v2\/posts\/81322\/revisions"}],"predecessor-version":[{"id":81324,"href":"https:\/\/litci.org\/pt\/wp-json\/wp\/v2\/posts\/81322\/revisions\/81324"}],"wp:featuredmedia":[{"embeddable":true,"href":"https:\/\/litci.org\/pt\/wp-json\/wp\/v2\/media\/81323"}],"wp:attachment":[{"href":"https:\/\/litci.org\/pt\/wp-json\/wp\/v2\/media?parent=81322"}],"wp:term":[{"taxonomy":"category","embeddable":true,"href":"https:\/\/litci.org\/pt\/wp-json\/wp\/v2\/categories?post=81322"},{"taxonomy":"post_tag","embeddable":true,"href":"https:\/\/litci.org\/pt\/wp-json\/wp\/v2\/tags?post=81322"}],"curies":[{"name":"wp","href":"https:\/\/api.w.org\/{rel}","templated":true}]}}