{"id":81189,"date":"2025-06-22T13:47:00","date_gmt":"2025-06-22T13:47:00","guid":{"rendered":"https:\/\/litci.org\/pt\/?p=81189"},"modified":"2025-07-03T22:55:47","modified_gmt":"2025-07-03T22:55:47","slug":"ante-a-nova-cupula-da-otan-nao-ao-plano-de-rearmamento-imperialista-gastos-militares-para-gastos-sociais","status":"publish","type":"post","link":"https:\/\/litci.org\/pt\/2025\/06\/22\/ante-a-nova-cupula-da-otan-nao-ao-plano-de-rearmamento-imperialista-gastos-militares-para-gastos-sociais\/","title":{"rendered":"Ante a nova c\u00fapula da OTAN: N\u00e3o ao plano de rearmamento imperialista! Gastos militares para gastos sociais!"},"content":{"rendered":"\n<p>Por: Secretariado Europeu da LIT-QI<\/p>\n\n\n\n<p>Escrevemos esta declara\u00e7\u00e3o enquanto testemunhamos o conflito entre Ir\u00e3 e Israel, que continua com seu genoc\u00eddio brutal em Gaza, e os governos europeus escondem sua cumplicidade com a entidade sionista com l\u00e1grimas de crocodilo e protestos mornos e hip\u00f3critas. Este genoc\u00eddio n\u00e3o conseguiu derrotar a resist\u00eancia palestina e reacendeu a solidariedade internacional, como vimos nas recentes mobiliza\u00e7\u00f5es que ocorreram em todo o mundo.<\/p>\n\n\n\n<p>Nesse contexto, uma nova c\u00fapula da OTAN ser\u00e1 realizada em Haia, nos dias 24 e 25 de junho. Uma c\u00fapula na qual os governos europeus se comprometer\u00e3o a um aumento acentuado em seu or\u00e7amento militar.<\/p>\n\n\n\n<p><strong>Um aumento brutal nos gastos militares at\u00e9 5% do PIB<\/strong><\/p>\n\n\n\n<p>O ponto mais importante da agenda ser\u00e1 a exig\u00eancia dos EUA de que seus s\u00f3cios europeus aumentem os gastos militares at\u00e9 5% do PIB, para que Trump possa concentrar suas for\u00e7as contra a China no Indo-Pac\u00edfico, sabendo que, pelo menos no pr\u00f3ximo per\u00edodo, os governos europeus continuar\u00e3o comprando massivamente armas americanas.<\/p>\n\n\n\n<p>Lembremos que a invas\u00e3o da Ucr\u00e2nia por Putin deu \u00e0 OTAN as condi\u00e7\u00f5es para tentar recuperar a credibilidade social perdida e se fortalecer com a entrada da Su\u00e9cia e da Finl\u00e2ndia, pa\u00edses vizinhos da R\u00fassia e historicamente neutros. Da mesma forma, Putin forneceu a desculpa perfeita para que os imperialismos europeus aumentassem seus or\u00e7amentos de defesa. A Alemanha iniciou, assim, uma guinada militarista sem precedentes desde a Segunda Guerra Mundial (um aumento de 23,2% entre 2023 e 2024). O mesmo pode ser dito para os demais pa\u00edses.<\/p>\n\n\n\n<p>No calor desse aumento cont\u00ednuo do or\u00e7amento militar, os governos t\u00eam feito campanha para nos convencer da prioridade de &#8220;<em>ajudar a Ucr\u00e2nia&#8221; (embora tenham enviado armas aos poucos, a maioria das quais obsoletas) &#8220;defender nossos valores democr\u00e1ticos e nos tornarmos independentes do sistema de defesa dos EUA<\/em>&#8220;. Isso, al\u00e9m da promessa de criar empregos no setor militar. Um caminho militarista que significar\u00e1 cortes profundos nos gastos sociais e aumento de impostos sobre a classe trabalhadora.<\/p>\n\n\n\n<p><strong>Um plano de rearmamento a servi\u00e7o de seus objetivos econ\u00f4micos e imperialistas<\/strong><\/p>\n\n\n\n<p>Esta c\u00fapula est\u00e1 sendo realizada no \u00e2mbito do Plano de Rearmamento Europeu (ReArm Europe), aprovado em mar\u00e7o pela UE, com \u20ac 150 bilh\u00f5es (SAFE) em cr\u00e9ditos militares aos governos e uma previs\u00e3o de gastar \u20ac 800 bilh\u00f5es a mais nos pr\u00f3ximos quatro anos, a serem pagos pelos diferentes or\u00e7amentos de cada pa\u00eds.<\/p>\n\n\n\n<p>Um rearmamento que nada tem a ver com garantir nossa seguran\u00e7a ou com defender a democracia e a paz, como eles alegam. Mesmo que a R\u00fassia entrasse nos pa\u00edses, se os EUA invadissem o Mar B\u00e1ltico ou ocupassem a Groenl\u00e2ndia, a OTAN n\u00e3o interviria. O verdadeiro motivo \u00e9 a tentativa da burguesia europeia de usar fundos p\u00fablicos para recuperar o dinamismo econ\u00f4mico e os lucros por meio de uma esp\u00e9cie de keynesianismo militar que favorece principalmente a ind\u00fastria militar.<\/p>\n\n\n\n<p>Quanto ao chamado &#8220;ex\u00e9rcito europeu&#8221;, seria mais um ataque do imperialismo franc\u00eas e alem\u00e3o \u00e0 soberania dos pa\u00edses perif\u00e9ricos da Europa, que carece de fundamento devido \u00e0 fragmenta\u00e7\u00e3o em diferentes Estados com interesses distintos e \u00e0 pr\u00f3pria crise existencial da UE, que a extrema direita quer reduzir \u00e0 sua express\u00e3o mais nua e crua.<\/p>\n\n\n\n<p><strong>Sobre o ataque israelense ao Ir\u00e3<\/strong><\/p>\n\n\n\n<p>Dependendo de como o conflito se desenrolar, a guerra entre Israel e o Ir\u00e3 tamb\u00e9m ter\u00e1 que fazer parte da agenda desta reuni\u00e3o. O Secret\u00e1rio-Geral da OTAN, Mark Rutte, disse estar &#8220;preocupado&#8221; e afirmou que &#8220;\u00e9 crucial trabalhar para apaziguar a situa\u00e7\u00e3o&#8221;. No entanto, os EUA permanecem e continuar\u00e3o a apoiar Israel incondicionalmente, e o imperialismo europeu tamb\u00e9m apoia seu &#8220;direito \u00e0 defesa&#8221;.<\/p>\n\n\n\n<p>De nossa parte, repudiamos esta nova agress\u00e3o do Estado sionista contra o Ir\u00e3 e apoiamos seu contra-ataque em territ\u00f3rio israelense. Fazemos isso porque \u00e9 uma express\u00e3o da luta dos povos da regi\u00e3o atacados pelo enclave militar do imperialismo, o Estado de Israel, que s\u00f3 pode se manter por meio de ofensivas militares permanentes. Estamos no <strong>campo militar<\/strong> do Ir\u00e3, mantendo nossa total independ\u00eancia pol\u00edtica em rela\u00e7\u00e3o a essa ditadura burguesa.<\/p>\n\n\n\n<p><strong>Quais interesses est\u00e3o em jogo nesta nova reuni\u00e3o da OTAN e qual \u00e9 a solu\u00e7\u00e3o que defendemos?<\/strong><\/p>\n\n\n\n<p>\u00c9 importante notar que o aumento dos gastos militares n\u00e3o se limita \u00e0 Europa. Globalmente, os gastos militares atingiram a impressionante quantia de US$ 2,8 trilh\u00f5es em 2024, um aumento de 9,4% em rela\u00e7\u00e3o a 2023. Todos os pa\u00edses membros da OTAN aumentaram.<\/p>\n\n\n\n<p>Paralelamente, assistimos ao maior n\u00famero de guerras desde a Segunda Guerra Mundial, com a Ucr\u00e2nia e Gaza em primeiro plano, travadas com novas tecnologias, como armas nucleares. S\u00e3o os drones que est\u00e3o transformando os confrontos militares.<\/p>\n\n\n\n<p>Essa corrida armamentista tem como pano de fundo a rivalidade entre os EUA, como pot\u00eancia imperialista hegem\u00f4nica cuja supremacia militar permanece inquestion\u00e1vel, e a China, como pot\u00eancia imperialista emergente, que a desafia pela hegemonia na \u00c1sia e em setores estrat\u00e9gicos da economia global.<\/p>\n\n\n\n<p>\u00c9 essa disputa (na qual a UE se encontra presa) que explica a mudan\u00e7a de pol\u00edtica externa e estrat\u00e9gia militar do governo Trump, e em particular sua guinada em dire\u00e7\u00e3o a Putin, buscando chegar a um acordo com ele \u00e0s custas da soberania, da riqueza e da integridade territorial da Ucr\u00e2nia, ignorando tamb\u00e9m as principais pot\u00eancias europeias.<\/p>\n\n\n\n<p>As rivalidades interburguesas, em pleno andamento, expressam-se agora na arena militar na multiplica\u00e7\u00e3o de acordos e alian\u00e7as militares. Estes incluem a amplia\u00e7\u00e3o e o refor\u00e7o da OTAN, o Acordo de Coopera\u00e7\u00e3o de Xangai (ACE) e o Acordo Austr\u00e1lia-Reino Unido-Estados Unidos (AU-UK-US). Da mesma forma, nas \u00faltimas d\u00e9cadas, houve o crescimento e a prolifera\u00e7\u00e3o de empresas militares privadas, subcontratadas por Estados para servir aos objetivos imperialistas de suas pr\u00f3prias multinacionais, em diferentes partes do mundo.<\/p>\n\n\n\n<p>Tudo isso tamb\u00e9m representa uma fonte de tens\u00f5es internas, divis\u00f5es e at\u00e9 mesmo incerteza quanto ao objetivo e ao futuro da organiza\u00e7\u00e3o atl\u00e2ntica. Por tr\u00e1s de sua aparente unidade sob a lideran\u00e7a dos EUA, o conflito de interesses entre os v\u00e1rios pa\u00edses imperialistas continua. Na UE, a Alemanha est\u00e1 se rearmando em alian\u00e7a com o imperialismo franc\u00eas, arrastando outros pa\u00edses, buscando uma apar\u00eancia de independ\u00eancia diante do conflito interimperialista entre China e EUA.<\/p>\n\n\n\n<p>Em outras palavras, em sua ess\u00eancia, o plano de rearmamento europeu responde \u00e0 luta de sua burguesia para defender sua fatia cada vez menor dos lucros globais. Quanto ao apoio militar \u00e0 Ucr\u00e2nia, ele tamb\u00e9m est\u00e1 a servi\u00e7o da manuten\u00e7\u00e3o de seus objetivos imperialistas. Tr\u00eas anos ap\u00f3s a invas\u00e3o de Putin e na sequ\u00eancia do Acordo de Minerais entre Trump e Zelensky, a UE tenta n\u00e3o ficar de fora do saque da Ucr\u00e2nia.<\/p>\n\n\n\n<p>O verdadeiro objetivo das pot\u00eancias europeias da OTAN \u00e9 continuar a desempenhar um papel relevante a n\u00edvel internacional e intervir em conflitos fora da UE, se necess\u00e1rio, quando os interesses das suas multinacionais estiverem amea\u00e7ados. Ao mesmo tempo, intensificam as medidas xen\u00f3fobas e racistas contra imigrantes na Europa, com expuls\u00f5es, milhares de afogamentos no mar e a cria\u00e7\u00e3o de campos de deporta\u00e7\u00e3o fora das fronteiras da UE, enquanto continuam saqueando pa\u00edses semicoloniais. O rearmamento tamb\u00e9m anda de m\u00e3os dadas com um retrocesso acentuado das j\u00e1 t\u00e9pidas medidas ambientais, enquanto a maioria da sociedade sofre as consequ\u00eancias cada vez mais evidentes das altera\u00e7\u00f5es clim\u00e1ticas.<\/p>\n\n\n\n<p>Portanto, n\u00e3o podemos esperar nada desta nova c\u00fapula de bandidos, criada pelos EUA ap\u00f3s a Segunda Guerra Mundial, que tem um hist\u00f3rico de agress\u00f5es militares, ocupa\u00e7\u00f5es e crimes que n\u00e3o fica nada a dever aos de Putin. N\u00f3s da LIT, continuaremos a denunciar que a classe trabalhadora e os povos da Europa e de todo o mundo n\u00e3o estamos mais seguros e protegidos, mas sim mais amea\u00e7ados, por esta alian\u00e7a militar!<\/p>\n\n\n\n<p>\u2022 Denunciamos o rearmamento militar europeu que est\u00e1 levando a um maior endividamento dos pa\u00edses e se traduzir\u00e1 em cada vez mais cortes sociais e mais mis\u00e9ria para a popula\u00e7\u00e3o!<\/p>\n\n\n\n<p>\u2022 Gastos militares para gastos sociais! Exigimos um aumento no or\u00e7amento para enfrentar a cat\u00e1strofe ambiental em curso, garantir educa\u00e7\u00e3o, sa\u00fade e servi\u00e7os p\u00fablicos decentes, e mais investimentos em moradias populares acess\u00edveis a todos!<\/p>\n\n\n\n<p>\u2022 Exigimos o desarmamento nuclear e a destrui\u00e7\u00e3o das armas de destrui\u00e7\u00e3o massiva que colocam em risco a exist\u00eancia da humanidade e a vida no planeta!<\/p>\n\n\n\n<p>\u2022 Dissolu\u00e7\u00e3o da OTAN e de todas as alian\u00e7as e pactos militares, e o desmantelamento de suas bases militares no exterior!<\/p>\n\n\n\n<p>\u2022 Fim das interven\u00e7\u00f5es imperialistas!<\/p>\n\n\n\n<p>\u2022 Rompimento imediato das rela\u00e7\u00f5es militares, comerciais e diplom\u00e1ticas com o Estado genocida de Israel! N\u00e3o \u00e0 falsa solu\u00e7\u00e3o de dois Estados! Viva a resist\u00eancia palestina, por uma Palestina livre do rio ao mar!<\/p>\n\n\n\n<p>\u2022 Nosso apoio e solidariedade incondicional ao povo ucraniano e seu direito de se defender contra a invas\u00e3o de Putin! Fora as tropas russas e as m\u00e3os dos EUA e da UE da Ucr\u00e2nia!<\/p>\n\n\n\n<p>\u2022 Defendemos a dissolu\u00e7\u00e3o dos ex\u00e9rcitos profissionais e for\u00e7as repressivas, ou dos crescentes ex\u00e9rcitos privados, e sua substitui\u00e7\u00e3o por um ex\u00e9rcito baseado no princ\u00edpio do povo em armas!<\/p>\n\n\n\n<p>O <strong>\u00fanico caminho para a paz \u00e9 o socialismo<\/strong><\/p>\n\n\n\n<p>Nossa exig\u00eancia de dissolu\u00e7\u00e3o da OTAN faz parte de nossa oposi\u00e7\u00e3o de princ\u00edpios a todos os blocos imperialistas e de nosso apoio ativo a todas as lutas dos trabalhadores e dos povos; como \u00e9 o caso da resist\u00eancia palestina e ucraniana, que, apesar &nbsp;da dire\u00e7\u00e3o capituladora de Zelensky j\u00e1 dura tr\u00eas anos e meio, numa guerra de liberta\u00e7\u00e3o nacional contra a agress\u00e3o imperialista russa. Neste terreno, lutamos para construir um campo independente da classe trabalhadora, que combata por um programa revolucion\u00e1rio socialista.<\/p>\n\n\n\n<p>Diante das express\u00f5es cada vez maiores da barb\u00e1rie capitalista, precisamos transformar a crescente indigna\u00e7\u00e3o e raiva que sentimos em uma guerra social contra nossos verdadeiros inimigos de classe.<\/p>\n\n\n\n<p>\u00c9 importante n\u00e3o esquecer que as organiza\u00e7\u00f5es de esquerda que hoje protestam, com raz\u00e3o, contra o aumento dos gastos militares ajudaram a fortalecer a OTAN, apoiando ou se juntando aos governos no poder, que aumentaram o or\u00e7amento da defesa. Isso \u00e9 verdade para o Podemos na Espanha, durante o primeiro governo de coaliz\u00e3o de S\u00e1nchez, ou para Portugal, ou para o PCP e o Bloco de Esquerda, durante seu apoio aos governos do PS durante a era Geringon\u00e7a.<\/p>\n\n\n\n<p>A m\u00e1xima unidade de a\u00e7\u00e3o \u00e9 necess\u00e1ria contra os planos de rearmamento dos pa\u00edses imperialistas, mas \u00e9 igualmente importante manter o debate sobre a estrat\u00e9gia para continuar a luta contra o capitalismo. Isso requer o combate \u00e0s ideias promovidas pelo falso pacifismo, pela colabora\u00e7\u00e3o de classes e por todas as formas de reformismo sem reforma, que nos dizem que a paz e a prosperidade mundiais s\u00e3o poss\u00edveis sob este sistema imperialista decadente. N\u00e3o h\u00e1 possibilidade de alcan\u00e7ar uma paz firme, duradoura e democr\u00e1tica sem um movimento revolucion\u00e1rio que a derrube e abra caminho para a tomada do poder pela classe trabalhadora e ao socialismo.<\/p>\n","protected":false},"excerpt":{"rendered":"<p>Por: Secretariado Europeu da LIT-QI Escrevemos esta declara\u00e7\u00e3o enquanto testemunhamos o conflito entre Ir\u00e3 e Israel, que continua com seu genoc\u00eddio brutal em Gaza, e os governos europeus escondem sua cumplicidade com a entidade sionista com l\u00e1grimas de crocodilo e protestos mornos e hip\u00f3critas. Este genoc\u00eddio n\u00e3o conseguiu derrotar a resist\u00eancia palestina e reacendeu a [&hellip;]<\/p>\n","protected":false},"author":7,"featured_media":81190,"menu_order":0,"comment_status":"open","ping_status":"open","sticky":false,"template":"","format":"standard","meta":{"litci_post_political_author":"LIT-QI","footnotes":""},"categories":[3677],"tags":[3183],"class_list":["post-81189","post","type-post","status-publish","format-standard","has-post-thumbnail","hentry","category-europa-mundo","tag-otan"],"fimg_url":"https:\/\/litci.org\/pt\/wp-content\/uploads\/2025\/06\/Captura-de-tela_22-6-2025_10467_www.poder360.com_.br_.jpeg","categories_names":["Europa"],"author_info":{"name":"lena","pic":"https:\/\/secure.gravatar.com\/avatar\/b9eb35b4c023b96c29c4a145a82c6c381b68f2c889c5427106ad5aab6df45b9d?s=96&d=mm&r=g"},"political_author":"LIT-QI","tagline":"","_links":{"self":[{"href":"https:\/\/litci.org\/pt\/wp-json\/wp\/v2\/posts\/81189","targetHints":{"allow":["GET"]}}],"collection":[{"href":"https:\/\/litci.org\/pt\/wp-json\/wp\/v2\/posts"}],"about":[{"href":"https:\/\/litci.org\/pt\/wp-json\/wp\/v2\/types\/post"}],"author":[{"embeddable":true,"href":"https:\/\/litci.org\/pt\/wp-json\/wp\/v2\/users\/7"}],"replies":[{"embeddable":true,"href":"https:\/\/litci.org\/pt\/wp-json\/wp\/v2\/comments?post=81189"}],"version-history":[{"count":1,"href":"https:\/\/litci.org\/pt\/wp-json\/wp\/v2\/posts\/81189\/revisions"}],"predecessor-version":[{"id":81191,"href":"https:\/\/litci.org\/pt\/wp-json\/wp\/v2\/posts\/81189\/revisions\/81191"}],"wp:featuredmedia":[{"embeddable":true,"href":"https:\/\/litci.org\/pt\/wp-json\/wp\/v2\/media\/81190"}],"wp:attachment":[{"href":"https:\/\/litci.org\/pt\/wp-json\/wp\/v2\/media?parent=81189"}],"wp:term":[{"taxonomy":"category","embeddable":true,"href":"https:\/\/litci.org\/pt\/wp-json\/wp\/v2\/categories?post=81189"},{"taxonomy":"post_tag","embeddable":true,"href":"https:\/\/litci.org\/pt\/wp-json\/wp\/v2\/tags?post=81189"}],"curies":[{"name":"wp","href":"https:\/\/api.w.org\/{rel}","templated":true}]}}