{"id":81173,"date":"2025-06-18T21:55:47","date_gmt":"2025-06-18T21:55:47","guid":{"rendered":"https:\/\/litci.org\/pt\/?p=81173"},"modified":"2025-06-18T21:55:48","modified_gmt":"2025-06-18T21:55:48","slug":"breve-relato-sobre-as-mobilizacoes-em-los-angeles","status":"publish","type":"post","link":"https:\/\/litci.org\/pt\/2025\/06\/18\/breve-relato-sobre-as-mobilizacoes-em-los-angeles\/","title":{"rendered":"Breve relato sobre as mobiliza\u00e7\u00f5es em Los Angeles"},"content":{"rendered":"\n<p>Por: Corriente Obrera<\/p>\n\n\n\n<p>Mais de 15.000 pessoas protestaram no centro da cidade e em diferentes partes de Los Angeles, Calif\u00f3rnia, no dia 08 de junho. A maioria eram mulheres jovens e latinas, com uma presen\u00e7a significativa de brancos, negros, asi\u00e1ticos e \u00e1rabes. A condena\u00e7\u00e3o das recentes batidas policiais foi categ\u00f3rica! Este foi aproximadamente o quarto dia de protestos massivos em todo o estado. Nacionalmente, houve solidariedade com as comunidades migrantes; a maioria dos protestos \u00e9 pac\u00edfica e os confrontos ocorrem quando a pol\u00edcia come\u00e7a a dispersar os protestos agressivamente. Particularmente os jovens, mulheres e homens, est\u00e3o respondendo com indigna\u00e7\u00e3o e raiva, n\u00e3o necessariamente de forma coordenada, mas o descontentamento \u00e9 n\u00edtido. N\u00e3o se trata de uma revolta que afeta toda a cidade; basta caminhar sete ou oito quarteir\u00f5es de dist\u00e2ncia do local onde os protestos est\u00e3o ocorrendo, onde tudo parece estar funcionando &#8220;normalmente&#8221;. A grande m\u00eddia est\u00e1 se concentrando mais no confronto do que em qualquer outra coisa, tentando fazer com que o protesto seja mal visto. Eles tamb\u00e9m est\u00e3o tentando criminaliz\u00e1-lo para que a guarda nacional, que j\u00e1 est\u00e1 pronta, mas mant\u00e9m um papel de retaguarda, possa intervir plenamente.<\/p>\n\n\n\n<p>N\u00f3s da &nbsp;Corriente Obrera LIT-QI: denunciamos a agress\u00e3o contra nossa classe oper\u00e1ria imigrante e convocamos os povos do mundo, a classe oper\u00e1ria internacional, a se manifestarem em solidariedade \u00e0 nossa luta. Liberdade para os presos nos protestos! Diante da repress\u00e3o, mais mobiliza\u00e7\u00e3o! No ICE<a href=\"#_ftn1\" id=\"_ftnref1\">[1]<\/a> em Los Angeles!<\/p>\n\n\n\n<p>N\u00e3o somos criminosos, somos trabalhadores! As autoridades de imigra\u00e7\u00e3o e a pol\u00edcia: a mesma imund\u00edcie! Parem as batidas! Lutar &nbsp;em solidariedade aos trabalhadores internacionais, que s\u00e3o os imigrantes!<\/p>\n\n\n\n<p>Chamamos \u00e0 constru\u00e7\u00e3o de uma frente nacional de luta, para lutar melhor e servir como f\u00f3rum pol\u00edtico para a possibilidade de come\u00e7ar a implementar m\u00e9todos oper\u00e1rios de luta, por meio de greves do mais alto n\u00edvel poss\u00edvel, que acompanhem e complementem a mobiliza\u00e7\u00e3o nas ruas. Que o rep\u00fadio n\u00e3o seja apenas contra Trump, mas contra todo o governo republicano e democrata. Vamos formar comit\u00eas de propaganda para alcan\u00e7ar os sindicatos, as f\u00e1bricas, em todos os lugares poss\u00edveis, para intervir no que est\u00e1 acontecendo no pa\u00eds. N\u00e3o esque\u00e7amos que, se atacarmos o cora\u00e7\u00e3o do inimigo, estaremos fortalecendo nossa luta, e isso se reflete nos milh\u00f5es de d\u00f3lares em lucros que a classe trabalhadora produz dia ap\u00f3s dia: \u00e9 para l\u00e1 que devemos aponatr com a greve geral, que pode parecer distante, mas que devemos come\u00e7ar a discutir.<\/p>\n\n\n\n<p>P.S.: Na segunda-feira, 9 de junho de 2025, houve mais duas mobiliza\u00e7\u00f5es que duraram a maior parte do dia e a noite. A primeira foi realizada principalmente pelo sindicato SEIU, outros l\u00edderes sindicais e representantes pol\u00edticos de Los Angeles; isso ocorreu devido \u00e0 pris\u00e3o e repress\u00e3o de um l\u00edder sindical que, embora agora em liberdade, enfrenta acusa\u00e7\u00f5es legais por suposta interfer\u00eancia policial durante os protestos. O segundo protesto foi convocado independentemente por jovens estudantes e reuniu milhares de pessoas, mas foi duramente atacado e disperso, desta vez com uma presen\u00e7a mais forte da guarda nacional.<\/p>\n\n\n\n<p>Os ataques anti-imigrantes e anti-classe oper\u00e1ria continuam; As mobiliza\u00e7\u00f5es e protestos tamb\u00e9m continuam, embora mais pessoas estejam se juntando para mostrar solidariedade \u00e0 luta dos migrantes em Los Angeles e estejam come\u00e7ando a chegar de outras cidades e estados do pa\u00eds.<\/p>\n\n\n\n<hr class=\"wp-block-separator has-alpha-channel-opacity\"\/>\n\n\n\n<p><a href=\"#_ftnref1\" id=\"_ftn1\">[1]<\/a> O ICE \u00e9 uma ag\u00eancia do Departamento de Seguran\u00e7a Interna dos EUA respons\u00e1vel pela aplica\u00e7\u00e3o das leis de imigra\u00e7\u00e3o<\/p>\n","protected":false},"excerpt":{"rendered":"<p>Por: Corriente Obrera Mais de 15.000 pessoas protestaram no centro da cidade e em diferentes partes de Los Angeles, Calif\u00f3rnia, no dia 08 de junho. A maioria eram mulheres jovens e latinas, com uma presen\u00e7a significativa de brancos, negros, asi\u00e1ticos e \u00e1rabes. A condena\u00e7\u00e3o das recentes batidas policiais foi categ\u00f3rica! Este foi aproximadamente o quarto [&hellip;]<\/p>\n","protected":false},"author":7,"featured_media":81174,"menu_order":0,"comment_status":"open","ping_status":"open","sticky":false,"template":"","format":"standard","meta":{"litci_post_political_author":"Corriente Obrera","footnotes":""},"categories":[3519],"tags":[618,9181],"class_list":["post-81173","post","type-post","status-publish","format-standard","has-post-thumbnail","hentry","category-eua","tag-corriente-obrera","tag-protestos-em-los-angeles"],"fimg_url":"https:\/\/litci.org\/pt\/wp-content\/uploads\/2025\/06\/Captura-de-tela_18-6-2025_18552_litci.org_.jpeg","categories_names":["Estados Unidos"],"author_info":{"name":"lena","pic":"https:\/\/secure.gravatar.com\/avatar\/b9eb35b4c023b96c29c4a145a82c6c381b68f2c889c5427106ad5aab6df45b9d?s=96&d=mm&r=g"},"political_author":"Corriente Obrera","tagline":"","_links":{"self":[{"href":"https:\/\/litci.org\/pt\/wp-json\/wp\/v2\/posts\/81173","targetHints":{"allow":["GET"]}}],"collection":[{"href":"https:\/\/litci.org\/pt\/wp-json\/wp\/v2\/posts"}],"about":[{"href":"https:\/\/litci.org\/pt\/wp-json\/wp\/v2\/types\/post"}],"author":[{"embeddable":true,"href":"https:\/\/litci.org\/pt\/wp-json\/wp\/v2\/users\/7"}],"replies":[{"embeddable":true,"href":"https:\/\/litci.org\/pt\/wp-json\/wp\/v2\/comments?post=81173"}],"version-history":[{"count":1,"href":"https:\/\/litci.org\/pt\/wp-json\/wp\/v2\/posts\/81173\/revisions"}],"predecessor-version":[{"id":81175,"href":"https:\/\/litci.org\/pt\/wp-json\/wp\/v2\/posts\/81173\/revisions\/81175"}],"wp:featuredmedia":[{"embeddable":true,"href":"https:\/\/litci.org\/pt\/wp-json\/wp\/v2\/media\/81174"}],"wp:attachment":[{"href":"https:\/\/litci.org\/pt\/wp-json\/wp\/v2\/media?parent=81173"}],"wp:term":[{"taxonomy":"category","embeddable":true,"href":"https:\/\/litci.org\/pt\/wp-json\/wp\/v2\/categories?post=81173"},{"taxonomy":"post_tag","embeddable":true,"href":"https:\/\/litci.org\/pt\/wp-json\/wp\/v2\/tags?post=81173"}],"curies":[{"name":"wp","href":"https:\/\/api.w.org\/{rel}","templated":true}]}}