{"id":81123,"date":"2025-06-06T12:20:44","date_gmt":"2025-06-06T12:20:44","guid":{"rendered":"https:\/\/litci.org\/pt\/?p=81123"},"modified":"2025-06-06T12:20:46","modified_gmt":"2025-06-06T12:20:46","slug":"o-aumento-historico-das-tarifas-do-monopolio-telefonico-em-cuba","status":"publish","type":"post","link":"https:\/\/litci.org\/pt\/2025\/06\/06\/o-aumento-historico-das-tarifas-do-monopolio-telefonico-em-cuba\/","title":{"rendered":"O aumento hist\u00f3rico das tarifas do monop\u00f3lio telef\u00f4nico em Cuba"},"content":{"rendered":"\n<p>Declara\u00e7\u00e3o do Coletivo <em>&#8220;Socialistas en Lucha&#8221;<\/em><\/p>\n\n\n\n<p>Na manh\u00e3 de 30 de maio de 2025, o povo cubano acordou com a not\u00edcia do aumento excessivo dos pre\u00e7os de acesso \u00e0 telefonia m\u00f3vel. A medida foi implementada sem aviso pr\u00e9vio por autoridades empresariais e funcion\u00e1rios do governo. Com essas modifica\u00e7\u00f5es dr\u00e1sticas, a empresa viola o ponto sete do contrato de servi\u00e7o de telefonia celular pr\u00e9-paga, que estabelece: &#8220;A ETECSA informar\u00e1 o cliente, com trinta (30) dias corridos de anteced\u00eancia, sobre qualquer altera\u00e7\u00e3o nos termos da presta\u00e7\u00e3o do servi\u00e7o&#8221;. Assim, a empresa viola o compromisso contratual estabelecido com os consumidores do pa\u00eds, o que constitui uma viola\u00e7\u00e3o jur\u00eddica de \u00e2mbito nacional.<\/p>\n\n\n\n<p>A ETECSA passou de oferecer uma op\u00e7\u00e3o m\u00ednima de acesso \u00e0 internet a 110 pesos cubanos para oferecer sua op\u00e7\u00e3o mais exigente, um servi\u00e7o extra, a 11.760 pesos em moeda nacional, representando uma diferen\u00e7a de mais de 10.000%, equivalente a multiplicar os custos por aproximadamente 100 vezes em seu valor m\u00e1ximo. A empresa tamb\u00e9m reduz o acesso a 6 gigabytes por m\u00eas para o primeiro servi\u00e7o; ao mesmo tempo, promove a expans\u00e3o de servi\u00e7os extras, com pre\u00e7o de 3.360 pesos cubanos, equivalente a 1,6 sal\u00e1rio m\u00ednimo ou 2,2 vezes a pens\u00e3o b\u00e1sica de um aposentado.<\/p>\n\n\n\n<p>Essa nova viola\u00e7\u00e3o visa reduzir o consumo m\u00e9dio da popula\u00e7\u00e3o, incentivando o pagamento em d\u00f3lares por meio de recargas ou remessas internacionais. Em meio a um cen\u00e1rio t\u00e3o complexo, marcado por apag\u00f5es di\u00e1rios que ultrapassam 22 horas de falta de energia em comunidades do interior, o acesso \u00e0 internet n\u00e3o \u00e9 apenas uma op\u00e7\u00e3o leg\u00edtima de entretenimento; tamb\u00e9m representa um importante mecanismo de trabalho, acesso a fontes de informa\u00e7\u00e3o e um canal de comunica\u00e7\u00e3o em uma ilha que sofre com um \u00eaxodo migrat\u00f3rio sustentado de quase dois milh\u00f5es de habitantes entre 2020 e 2025. Por esses motivos, essa medida tamb\u00e9m impacta a economia de familiares que vivem no exterior, que enfrentam desafios migrat\u00f3rios em um contexto global cada vez mais hostil para aqueles com esse status.<\/p>\n\n\n\n<p>Este \u00faltimo pacote se soma ao conjunto de medidas antipopulares de tom neoliberal promovidas pela alta c\u00fapula do Partido Comunista Cubano (PCC). O governo reafirma sua disposi\u00e7\u00e3o de promover o extrativismo econ\u00f4mico rentista, em vez de ampliar a capacidade produtiva da ind\u00fastria nacional, de forma a levar \u00e0 valoriza\u00e7\u00e3o do emprego e seu reflexo nos sal\u00e1rios dos trabalhadores. A sa\u00edda popular e revolucion\u00e1ria contra um regime empobrecedor e autorit\u00e1rio \u00e9 o caminho para restaurar a justi\u00e7a e o bem-estar do povo cubano.<\/p>\n","protected":false},"excerpt":{"rendered":"<p>Declara\u00e7\u00e3o do Coletivo &#8220;Socialistas en Lucha&#8221; Na manh\u00e3 de 30 de maio de 2025, o povo cubano acordou com a not\u00edcia do aumento excessivo dos pre\u00e7os de acesso \u00e0 telefonia m\u00f3vel. A medida foi implementada sem aviso pr\u00e9vio por autoridades empresariais e funcion\u00e1rios do governo. Com essas modifica\u00e7\u00f5es dr\u00e1sticas, a empresa viola o ponto sete [&hellip;]<\/p>\n","protected":false},"author":7,"featured_media":81124,"menu_order":0,"comment_status":"open","ping_status":"open","sticky":false,"template":"","format":"standard","meta":{"litci_post_political_author":"Coletivo \"Socialistas en Lucha\"","footnotes":""},"categories":[1182],"tags":[9167,9168],"class_list":["post-81123","post","type-post","status-publish","format-standard","has-post-thumbnail","hentry","category-cuba","tag-socialistas-en-lucha-de-cuba","tag-tarifas-cuba"],"fimg_url":"https:\/\/litci.org\/pt\/wp-content\/uploads\/2025\/06\/Captura-de-tela_6-6-2025_91945_tn.com_.ar_.jpeg","categories_names":["Cuba"],"author_info":{"name":"lena","pic":"https:\/\/secure.gravatar.com\/avatar\/b9eb35b4c023b96c29c4a145a82c6c381b68f2c889c5427106ad5aab6df45b9d?s=96&d=mm&r=g"},"political_author":"Coletivo \"Socialistas en Lucha\"","tagline":"","_links":{"self":[{"href":"https:\/\/litci.org\/pt\/wp-json\/wp\/v2\/posts\/81123","targetHints":{"allow":["GET"]}}],"collection":[{"href":"https:\/\/litci.org\/pt\/wp-json\/wp\/v2\/posts"}],"about":[{"href":"https:\/\/litci.org\/pt\/wp-json\/wp\/v2\/types\/post"}],"author":[{"embeddable":true,"href":"https:\/\/litci.org\/pt\/wp-json\/wp\/v2\/users\/7"}],"replies":[{"embeddable":true,"href":"https:\/\/litci.org\/pt\/wp-json\/wp\/v2\/comments?post=81123"}],"version-history":[{"count":1,"href":"https:\/\/litci.org\/pt\/wp-json\/wp\/v2\/posts\/81123\/revisions"}],"predecessor-version":[{"id":81125,"href":"https:\/\/litci.org\/pt\/wp-json\/wp\/v2\/posts\/81123\/revisions\/81125"}],"wp:featuredmedia":[{"embeddable":true,"href":"https:\/\/litci.org\/pt\/wp-json\/wp\/v2\/media\/81124"}],"wp:attachment":[{"href":"https:\/\/litci.org\/pt\/wp-json\/wp\/v2\/media?parent=81123"}],"wp:term":[{"taxonomy":"category","embeddable":true,"href":"https:\/\/litci.org\/pt\/wp-json\/wp\/v2\/categories?post=81123"},{"taxonomy":"post_tag","embeddable":true,"href":"https:\/\/litci.org\/pt\/wp-json\/wp\/v2\/tags?post=81123"}],"curies":[{"name":"wp","href":"https:\/\/api.w.org\/{rel}","templated":true}]}}