{"id":81112,"date":"2025-06-05T11:07:19","date_gmt":"2025-06-05T11:07:19","guid":{"rendered":"https:\/\/litci.org\/pt\/?p=81112"},"modified":"2025-07-18T22:00:03","modified_gmt":"2025-07-18T22:00:03","slug":"liberdade-para-lideres-sindicais-e-solidariedade-com-a-luta-popular-no-panama","status":"publish","type":"post","link":"https:\/\/litci.org\/pt\/2025\/06\/05\/liberdade-para-lideres-sindicais-e-solidariedade-com-a-luta-popular-no-panama\/","title":{"rendered":"Liberdade para l\u00edderes sindicais e solidariedade com a luta popular no Panam\u00e1"},"content":{"rendered":"\n<h6 class=\"wp-block-heading\">Por: CSP Conlutas<\/h6>\n\n\n\n<p><em>Privatiza\u00e7\u00e3o da previd\u00eancia social, reabertura ilegal de mina de cobre e outros ataques provocam a resist\u00eancia do povo panamenho<\/em><\/p>\n\n\n\n<p>Uma campanha internacional ganha for\u00e7a por solidariedade ao povo panamenho e pela liberta\u00e7\u00e3o dos l\u00edderes do Suntracs (Sindicato \u00danico dos Trabalhadores da Constru\u00e7\u00e3o e Similares), que est\u00e3o sendo alvos de persegui\u00e7\u00e3o e deten\u00e7\u00e3o por parte do governo de Jos\u00e9 Ra\u00fal Mulino.<\/p>\n\n\n\n<p>Eleito em maio de 2024, Mulino intensifica seus ataques contra o povo e os trabalhadores e trabalhadoras do Panam\u00e1.&nbsp;<\/p>\n\n\n\n<p>A administra\u00e7\u00e3o implementa um plano de ajuste brutal que amea\u00e7a os direitos trabalhistas e previdenci\u00e1rios conquistados ao longo de d\u00e9cadas. Um dos principais ataques \u00e9 a privatiza\u00e7\u00e3o da CSS (Caixa de Seguro Social), por meio da controversa Lei 462, aprovada pelo governo, que trata de uma reforma do sistema de previd\u00eancia, com intuito de privatizar, com&nbsp;uma poss\u00edvel transfer\u00eancia da gest\u00e3o das aposentadorias para bancos. A reforma j\u00e1&nbsp;eliminou benef\u00edcios para os trabalhadores do setor bananeiro, em sa\u00fade e nas aposentadorias.<\/p>\n\n\n\n<p>Mulino&nbsp;tamb\u00e9m busca reabrir a mina de cobre, em Donoso-Col\u00f3n, operada pela canadense First Quantum Minerals. A mina foi fechada em 2023, ap\u00f3s ser declarada inconstitucional gra\u00e7as a uma ampla mobiliza\u00e7\u00e3o ambiental.<\/p>\n\n\n\n<p>N\u00e3o bastasse tudo isso, o governo e a administra\u00e7\u00e3o do Canal do Panam\u00e1 planejam a constru\u00e7\u00e3o de uma represa no rio \u00cdndio. A iniciativa, que visa elevar o n\u00edvel do canal em \u00e9pocas de seca, resultaria na inunda\u00e7\u00e3o de vastas \u00e1reas, no deslocamento de comunidades e na destrui\u00e7\u00e3o ambiental da regi\u00e3o.&nbsp;Em abril, Mulino tamb\u00e9m assinou um memorando de entendimento com os Estados Unidos que concede acesso a tropas norte-americanas \u00e0s instala\u00e7\u00f5es a\u00e9reas e navais no Panam\u00e1, colocando em debate a quest\u00e3o da soberania nacional diante dos planos imperialistas de Donal Trump.&nbsp;<\/p>\n\n\n\n<p><strong>Greves em diversos setores<\/strong><\/p>\n\n\n\n<p>Em resposta aos ataques governamentais e empresariais, as greves se prolongam por mais de um m\u00eas, incluindo a paralisa\u00e7\u00e3o dos trabalhadores da produtora americana de bananas Chiquita, em Bocas del Toro;&nbsp;a expans\u00e3o da greve de professores por todo o pa\u00eds e a continuidade da greve da constru\u00e7\u00e3o civil. Recentemente, mobiliza\u00e7\u00f5es massivas de mulheres e profissionais da sa\u00fade ocorreram nacionalmente. Os protestos devem continuar.<\/p>\n\n\n\n<p><strong>Fortes repres\u00e1lias e repress\u00e3o<\/strong><\/p>\n\n\n\n<p>Em repres\u00e1lia \u00e0 paralisa\u00e7\u00e3o, a empresa Chiquita promete demitir de 1.600 trabalhadores que ainda fazem parte de seu quadro de funcion\u00e1rios ap\u00f3s mais de um m\u00eas de greve contra a reforma da previd\u00eancia. Iniciamente, a empresa havia demitido mais de 4 mil. Agora, anuncia a interrup\u00e7\u00e3o das opera\u00e7\u00f5es.<\/p>\n\n\n\n<p>Em uma tentativa de conter as greves e mobiliza\u00e7\u00f5es e de avan\u00e7ar com suas medidas de ajuste, o governo panamenho desencadeou uma repress\u00e3o feroz contra os manifestantes. Mulheres envolvidas nos protestos nas comunidades de Dari\u00e9n foram presas, e estudantes universit\u00e1rios foram punidos, com o reitor da Universidade Nacional do Panam\u00e1 entregando seus dados pessoais \u00e0s for\u00e7as repressivas.<\/p>\n\n\n\n<p>O governo declarou as greves ilegais, agrediu e atirou em trabalhadores que bloqueavam estradas e rodovias, e decretou estado de emerg\u00eancia em Bocas del Toro.<\/p>\n\n\n\n<p>A repress\u00e3o atingiu n\u00edveis sem precedentes, com seu ponto mais cr\u00edtico na pris\u00e3o e encarceramento dos dirigentes do Suntracs,&nbsp;forte sindicato, uma das entidades \u00e0 frente da luta popular panamenha. Desde 2022, o governo tem orquestrado julgamentos fraudulentos, resultando na pris\u00e3o preventiva dos l\u00edderes Jaime Caballero e Genaro L\u00f3pez. Sa\u00fal M\u00e9ndez, outro dirigente, aguarda asilo pol\u00edtico na embaixada boliviana, enquanto Erasmo Cerrud \u00e9 procurado como &#8220;foragido&#8221;.<\/p>\n\n\n\n<p><strong>Solidariedade internacional<\/strong><\/p>\n\n\n\n<p>Entidades sindicais, organiza\u00e7\u00f5es pol\u00edticas e movimentos presentes \u00e0 reuni\u00e3o da&nbsp;Coordena\u00e7\u00e3o Nacional da CSP-Conlutas que aconteceu neste \u00faltimo final de semana em S\u00e3o Paulo aprovaram toda solidariedade \u00e0 luta do povo panamenho.&nbsp;A exig\u00eancia \u00e9 pela liberta\u00e7\u00e3o imediata dos l\u00edderes do Suntracs detidos e perseguidos, e expressar apoio incondicional \u00e0s lutas e reivindica\u00e7\u00f5es do povo panamenho contra o governo repressivo e pr\u00f3-imperialista de Jos\u00e9 Ra\u00fal Mulino.<\/p>\n\n\n\n<p>Nesta quinta-feira (5), o Setorial Internacional da CSP-Conlutas realiza um ato em solidariedade ao povo panamenho, em frente ao consulado do Panam\u00e1, em Santos (SP), \u00e0s 10 horas.<\/p>\n\n\n\n<p>Todo apoio \u00e0 luta contra a reforma da Previd\u00eancia! Em defesa da soberania do Panam\u00e1! Basta de repress\u00e3o e persegui\u00e7\u00e3o!<\/p>\n","protected":false},"excerpt":{"rendered":"<p>Por: CSP Conlutas Privatiza\u00e7\u00e3o da previd\u00eancia social, reabertura ilegal de mina de cobre e outros ataques provocam a resist\u00eancia do povo panamenho Uma campanha internacional ganha for\u00e7a por solidariedade ao povo panamenho e pela liberta\u00e7\u00e3o dos l\u00edderes do Suntracs (Sindicato \u00danico dos Trabalhadores da Constru\u00e7\u00e3o e Similares), que est\u00e3o sendo alvos de persegui\u00e7\u00e3o e deten\u00e7\u00e3o [&hellip;]<\/p>\n","protected":false},"author":7,"featured_media":81113,"menu_order":0,"comment_status":"open","ping_status":"open","sticky":false,"template":"","format":"standard","meta":{"litci_post_political_author":"CSP Conlutas","footnotes":""},"categories":[3009],"tags":[8328,9163,9164],"class_list":["post-81112","post","type-post","status-publish","format-standard","has-post-thumbnail","hentry","category-panama","tag-csp-conlutas-2","tag-raul-molino","tag-suntracs-panama"],"fimg_url":"https:\/\/litci.org\/pt\/wp-content\/uploads\/2025\/06\/Panama.png","categories_names":["Panam\u00e1"],"author_info":{"name":"lena","pic":"https:\/\/secure.gravatar.com\/avatar\/b9eb35b4c023b96c29c4a145a82c6c381b68f2c889c5427106ad5aab6df45b9d?s=96&d=mm&r=g"},"political_author":"CSP Conlutas","tagline":"","_links":{"self":[{"href":"https:\/\/litci.org\/pt\/wp-json\/wp\/v2\/posts\/81112","targetHints":{"allow":["GET"]}}],"collection":[{"href":"https:\/\/litci.org\/pt\/wp-json\/wp\/v2\/posts"}],"about":[{"href":"https:\/\/litci.org\/pt\/wp-json\/wp\/v2\/types\/post"}],"author":[{"embeddable":true,"href":"https:\/\/litci.org\/pt\/wp-json\/wp\/v2\/users\/7"}],"replies":[{"embeddable":true,"href":"https:\/\/litci.org\/pt\/wp-json\/wp\/v2\/comments?post=81112"}],"version-history":[{"count":1,"href":"https:\/\/litci.org\/pt\/wp-json\/wp\/v2\/posts\/81112\/revisions"}],"predecessor-version":[{"id":81114,"href":"https:\/\/litci.org\/pt\/wp-json\/wp\/v2\/posts\/81112\/revisions\/81114"}],"wp:featuredmedia":[{"embeddable":true,"href":"https:\/\/litci.org\/pt\/wp-json\/wp\/v2\/media\/81113"}],"wp:attachment":[{"href":"https:\/\/litci.org\/pt\/wp-json\/wp\/v2\/media?parent=81112"}],"wp:term":[{"taxonomy":"category","embeddable":true,"href":"https:\/\/litci.org\/pt\/wp-json\/wp\/v2\/categories?post=81112"},{"taxonomy":"post_tag","embeddable":true,"href":"https:\/\/litci.org\/pt\/wp-json\/wp\/v2\/tags?post=81112"}],"curies":[{"name":"wp","href":"https:\/\/api.w.org\/{rel}","templated":true}]}}