{"id":81043,"date":"2025-05-13T19:05:42","date_gmt":"2025-05-13T19:05:42","guid":{"rendered":"https:\/\/litci.org\/pt\/?p=81043"},"modified":"2025-07-01T17:27:33","modified_gmt":"2025-07-01T17:27:33","slug":"uma-onda-de-greves-e-protestos-sacode-o-panama","status":"publish","type":"post","link":"https:\/\/litci.org\/pt\/2025\/05\/13\/uma-onda-de-greves-e-protestos-sacode-o-panama\/","title":{"rendered":"Uma onda de greves e protestos sacode o Panam\u00e1"},"content":{"rendered":"\n<h6 class=\"wp-block-heading\">Por: Lena Souza | <\/h6>\n\n\n\n<p>Trabalhadores\/as, juventude e setores populares e ind\u00edgenas do Panam\u00e1 est\u00e3o protagonizando uma onda crescente de protestos sociais em resposta \u00e0s reformas do governo de Jos\u00e9 Ra\u00fal Mulino. Bloqueios em rodovias, manifesta\u00e7\u00f5es e greves est\u00e3o se ampliando no pa\u00eds tendo como centro a derrota da Lei 462, da reforma da previd\u00eancia social. Mas as demandas tamb\u00e9m envolvem o recha\u00e7o aos acordos do governo panamenho com os Estados Unidos abrangendo o Canal do Panam\u00e1 e a entrega da soberania do pa\u00eds e a proposta de&nbsp; reabertura da mina de cobre em Donoso-Col\u00f3n, que foi fechada depois de grandes manifesta\u00e7\u00f5es em 2023<a href=\"#_ftn1\" id=\"_ftnref1\">[1]<\/a><\/p>\n\n\n\n<p>Os protestos que j\u00e1 vinham de alguns meses, contra a reforma da previd\u00eancia, se radicalizaram a partir de12 de fevereiro de 2025. Nessa data, milhares de panamenhos sa\u00edram \u00e0s ruas para manifestar-se contra as mudan\u00e7as propostas pelo governo no sistema de aposentadorias e sofreram uma pesada repress\u00e3o ap\u00f3s os trabalhadores, liderados pelo Suntracs (Sindicato \u00danico de Trabalhadores da Ind\u00fastria da Constru\u00e7\u00e3o e Similares), bloquear uma das principais avenidas da capital. A pol\u00edcia usou bombas de g\u00e1s lacrimog\u00eaneo contra os manifestantes, prendeu cerca de 500 pessoas e deixou pelo menos 16 feridos.<a href=\"#_ftn2\" id=\"_ftnref2\">[2]<\/a>&nbsp; No Primeiro de maio tamb\u00e9m houve uma ampla mobiliza\u00e7\u00e3o com protestos em v\u00e1rias cidades do pa\u00eds e atualmente al\u00e9m da constru\u00e7\u00e3o civil, professores e trabalhadores bananeiros, que j\u00e1 est\u00e3o em luta desde abril, outros setores tamb\u00e9m aderiram aos protestos, como profissionais de sa\u00fade, movimentos populares e ind\u00edgenas formando uma frente de resist\u00eancia \u00e0s pol\u00edticas governamentais atuais<a href=\"#_ftn3\" id=\"_ftnref3\">[3]<\/a>.<\/p>\n\n\n\n<h2 class=\"wp-block-heading\">A repress\u00e3o do governo n\u00e3o intimidou a resist\u00eancia<\/h2>\n\n\n\n<p>Desde 23 de abril, os\/as professores\/as est\u00e3o em greve por tempo indeterminado contra a reforma previdenci\u00e1ria. A Associa\u00e7\u00e3o de Professores do Panam\u00e1 (Asoprof) denuncia que a Lei 462 compromete o direito \u00e0 aposentadoria e aprofunda a precariza\u00e7\u00e3o da educa\u00e7\u00e3o. Mesmo com o corte de sal\u00e1rios anunciado em 12 de maio pelo minist\u00e9rio da educa\u00e7\u00e3o, o movimento continua firme. &#8220;Continuaremos apesar das intimida\u00e7\u00f5es&#8221;, afirmou Fernando \u00c1brego, dirigente da Asoprof.<\/p>\n\n\n\n<p>Os oper\u00e1rios da constru\u00e7\u00e3o, em greve, e que desde o in\u00edcio do ano est\u00e3o mobilizados denunciam uma campanha de criminaliza\u00e7\u00e3o por parte do governo, incluindo o congelamento de suas contas e a pris\u00e3o de seus membros. No entanto em uma reuni\u00e3o dos setores em luta realizada neste domingo (11\/05), o secret\u00e1rio geral do sindicato chamou os trabalhadores a permanecer unidos, com firmeza e disciplina, at\u00e9 que a Lei 462 seja revogada.<a href=\"#_ftn4\" id=\"_ftnref4\">[4]<\/a> Trabalhadores\/as bananeiros\/as, organizados no Sitraibana (Sindicato dos Trabalhadores da Ind\u00fastria da Banana, Empresas Agr\u00edcolas e Similares), tamb\u00e9m est\u00e3o em greve h\u00e1 tr\u00eas semanas na prov\u00edncia de Bocas del Toro.<\/p>\n\n\n\n<p>Enfermeiras, da ANEP (Associa\u00e7\u00e3o Nacional de Enfermeiros do Panam\u00e1), anunciaram paralisa\u00e7\u00e3o gradual a partir de 19 de maio. Os povos ind\u00edgenas, por meio da Coordenadora Nacional, anunciaram ades\u00e3o \u00e0 paralisa\u00e7\u00e3o nacional a partir de 12 de maio. Al\u00e9m das fortes greves em v\u00e1rios setores, lutadores de v\u00e1rias prov\u00edncias com a de Veraguas, Chiriqu\u00ed e Bocas del Toro mant\u00e9m bloqueios permanentes, demonstrando a for\u00e7a da mobiliza\u00e7\u00e3o.<\/p>\n\n\n\n<p>E demonstrando seu recha\u00e7o \u00e0s medidas do governo e apoio \u00e0 luta dos trabalhadores os\/as estudantes organizaram v\u00e1rias marchas e manifesta\u00e7\u00f5es para expressar sua oposi\u00e7\u00e3o \u00e0 lei 462 e exigir sua revoga\u00e7\u00e3o.<\/p>\n\n\n\n<h2 class=\"wp-block-heading\">Reforma da previd\u00eancia: ataque aos direitos<\/h2>\n\n\n\n<p>A Lei 462, aprovada em mar\u00e7o de 2025, \u00e9 vista como um presente ao capital financeiro. Aumenta a idade de aposentadoria e sinaliza para uma futura privatiza\u00e7\u00e3o da previd\u00eancia. Estimativas apontam que as pens\u00f5es podem ser reduzidas em at\u00e9 30%. Tudo isso em um processo legislativo apressado e antidemocr\u00e1tico. As organiza\u00e7\u00f5es em luta &nbsp;argumentam que a lei &#8220;mascara&#8221; o aumento da idade de aposentadoria, prejudica a previd\u00eancia social ao implementar um modelo de conta individual, e exigem a revoga\u00e7\u00e3o da lei e o retorno ao sistema solid\u00e1rio por meio do sistema de distribui\u00e7\u00e3o de benef\u00edcios definidos.<\/p>\n\n\n\n<h2 class=\"wp-block-heading\">Submiss\u00e3o ao imperialismo e espolia\u00e7\u00e3o ambiental<\/h2>\n\n\n\n<p>A ofensiva neoliberal do governo Mulino tamb\u00e9m se manifesta no desejo de reabrir a mina Cobre Panam\u00e1, operada pela canadense First Quantum Minerals, mesmo ap\u00f3s as grandes &nbsp;manifesta\u00e7\u00f5es em 2023, que obrigou a decis\u00e3o do Supremo Tribunal de Justi\u00e7a de fechamento e revoga\u00e7\u00e3o do contrato. A retomada do projeto \u00e9 um ataque direto ao meio ambiente e aos direitos das comunidades.<\/p>\n\n\n\n<p>A luta tamb\u00e9m \u00e9 pela soberania do pa\u00eds. Em abril de 2025, Mulino assinou um memorando de entendimento com os Estados Unidos que concede acesso a tropas norte-americanas \u00e0s instala\u00e7\u00f5es a\u00e9reas e navais no Panam\u00e1. Isso reacende o debate sobre a soberania panamenha em rela\u00e7\u00e3o ao Canal e o papel do imperialismo na regi\u00e3o, que est\u00e1 desenvolvido no artigo de Alejandro Iturbe: Os EUA querem recuperar seu \u201cquintal\u201d.<a href=\"#_ftn5\" id=\"_ftnref5\">[5]<\/a><\/p>\n\n\n\n<h2 class=\"wp-block-heading\">Quem \u00e9 Jos\u00e9 Ra\u00fal Mulino?<\/h2>\n\n\n\n<p>Mulino assumiu a presid\u00eancia do Panam\u00e1 em 1\u00ba de julho de 2024, ap\u00f3s vencer as elei\u00e7\u00f5es como substituto de Ricardo Martinelli<a id=\"_ftnref6\" href=\"#_ftn6\">[6]<\/a>, impedido de concorrer devido a condena\u00e7\u00f5es por corrup\u00e7\u00e3o. Para entender quem \u00e9 Mulino, torna-se importante conhecer o curr\u00edculo de corrup\u00e7\u00e3o de Ricardo Martinelli, a quem ele substituiu como candidato.<\/p>\n\n\n\n<p>Ricardo Martinelli foi presidente do Panam\u00e1&nbsp; entre 2009 e 2014 e possui um longo hist\u00f3rico de acusa\u00e7\u00f5es e processos por corrup\u00e7\u00e3o e abuso de poder. Em 2015, depois da Suprema Corte do Panam\u00e1 emitir um mandado de pris\u00e3o contra Martinelli por espionagem ilegal e desvio de fundos p\u00fablicos, ele deixou o pa\u00eds e foi para os Estados Unidos, onde em 2017, foi detido e ap\u00f3s um ano preso nos EUA foi extraditado ao Panam\u00e1, em junho de 2018, para responder aos processos.<\/p>\n\n\n\n<p>Em agosto de 2019, Martinelli foi absolvido das acusa\u00e7\u00f5es de espionagem e peculato relacionadas ao caso conhecido como &#8220;Pinchazos&#8221;, resultando na sua liberta\u00e7\u00e3o do regime de pris\u00e3o domiciliar em que estava.<\/p>\n\n\n\n<p>Em julho de 2023, Martinelli foi condenado a 10 anos e 8 meses de pris\u00e3o e ao pagamento de uma multa de US$ 19 milh\u00f5es por lavagem de dinheiro no caso &#8220;New Business&#8221;. Ap\u00f3s a confirma\u00e7\u00e3o da senten\u00e7a pela Suprema Corte do Panam\u00e1 em fevereiro de 2024, Martinelli buscou asilo na embaixada da Nicar\u00e1gua na Cidade do Panam\u00e1, alegando persegui\u00e7\u00e3o pol\u00edtica. No momento em que esse artigo est\u00e1 sendo escrito, a Col\u00f4mbia concedeu asilo pol\u00edtico a Martinelli, e o governo panamenho autorizou sua transfer\u00eancia para Bogot\u00e1<a href=\"#_ftn7\" id=\"_ftnref7\">[7]<\/a>.<\/p>\n\n\n\n<p>Mulino, que foi eleito presidente, tem hist\u00f3rico de repress\u00e3o a protestos populares durante seu per\u00edodo como ministro da Seguran\u00e7a no governo de Martinelli, incluindo a\u00e7\u00f5es violentas contra greves e manifesta\u00e7\u00f5es.<\/p>\n\n\n\n<p>Sua elei\u00e7\u00e3o mesmo com os esc\u00e2ndalos de corrup\u00e7\u00e3o envolvendo Martinelli \u00e9 a express\u00e3o da crise econ\u00f4mica capitalista e evidencia a distor\u00e7\u00e3o que representa a democracia burguesa, que manipula ideologicamente os\/as trabalhadores\/as e o povo pobre fazendo-os\/as acreditar que decidem, enquanto mant\u00e9m no poder os representantes dos ricos.<\/p>\n\n\n\n<p>Como se est\u00e1 comprovando neste momento de lutas no pa\u00eds, Mulino representa a continuidade de pol\u00edticas autorit\u00e1rias e repressivas contra movimentos sociais e sindicais, consolidando um governo alinhado aos interesses das elites econ\u00f4micas e ao imperialismo<\/p>\n\n\n\n<p>Isso refor\u00e7a a necessidade de constru\u00e7\u00e3o de uma alternativa socialista que represente os interesses da classe trabalhadora e enfrente as estruturas de poder estabelecidas pelo sistema capitalista.<\/p>\n\n\n\n<h2 class=\"wp-block-heading\">Todo apoio \u00e0 luta panamenha!<\/h2>\n\n\n\n<p>A rebeli\u00e3o no Panam\u00e1 n\u00e3o \u00e9 apenas contra uma lei, mas contra um sistema inteiro que mercantiliza os direitos sociais, entrega a soberania nacional ao imperialismo e reprime os que lutam. A classe trabalhadora, a juventude e o povo panamenho d\u00e1 um exemplo de coragem, unidade e disposi\u00e7\u00e3o de luta.<\/p>\n\n\n\n<p>Chamamos todas as organiza\u00e7\u00f5es da classe trabalhadora e da esquerda internacional a manifestar solidariedade com a luta no Panam\u00e1. Que sirva de inspira\u00e7\u00e3o para toda a Am\u00e9rica Latina.<\/p>\n\n\n\n<hr class=\"wp-block-separator has-alpha-channel-opacity\"\/>\n\n\n\n<p><a href=\"#_ftnref1\" id=\"_ftn1\">[1]<\/a> <a href=\"https:\/\/litci.org\/pt\/2024\/05\/05\/seguir-o-exemplo-da-luta-no-panama\/?utm_source=copylink&amp;utm_medium=browser\">Seguir o exemplo da luta no Panam\u00e1&nbsp;&nbsp;&nbsp;&nbsp;&nbsp; &#8211; Liga Internacional dos TrabalhadoresLiga Internacional dos Trabalhadores<\/a><\/p>\n\n\n\n<p><a href=\"#_ftnref2\" id=\"_ftn2\">[2]<\/a> <a href=\"https:\/\/www.pagina12.com.ar\/803691-masiva-protesta-en-panama-contra-la-reforma-del-sistema-de-p\" target=\"_blank\" rel=\"noopener\">Masiva protesta en Panam\u00e1 contra la reforma del sistema de pensiones&nbsp; | El Ejecutivo busca aumentar la edad jubilatoria | P\u00e1gina|12<\/a><\/p>\n\n\n\n<p><a href=\"#_ftnref3\" id=\"_ftn3\">[3]<\/a> <a href=\"https:\/\/www.prensa-latina.cu\/2025\/05\/11\/sectores-populares-de-panama-mantendran-huelga-contra-ley-del-seguro\/\" target=\"_blank\" rel=\"noopener\">Sectores populares de Panam\u00e1 mantendr\u00e1n huelga contra ley del seguro &#8211; Noticias Prensa Latina<\/a><\/p>\n\n\n\n<p><a href=\"#_ftnref4\" id=\"_ftn4\">[4]<\/a> <a href=\"https:\/\/www.prensa-latina.cu\/2025\/05\/11\/sectores-populares-de-panama-mantendran-huelga-contra-ley-del-seguro\/\" target=\"_blank\" rel=\"noopener\">Sectores populares de Panam\u00e1 mantendr\u00e1n huelga contra ley del seguro &#8211; Noticias Prensa Latina<\/a><\/p>\n\n\n\n<p><a href=\"#_ftnref5\" id=\"_ftn5\">[5]<\/a> <a href=\"https:\/\/litci.org\/pt\/2025\/04\/22\/os-eua-querem-recuperar-seu-quintal\/?utm_source=copylink&amp;utm_medium=browser\">Os EUA querem recuperar seu \u201cquintal\u201d &#8211; Liga Internacional dos TrabalhadoresLiga Internacional dos Trabalhadores<\/a><\/p>\n\n\n\n<p><a href=\"#_ftnref6\" id=\"_ftn6\">[6]<\/a> <a href=\"https:\/\/www.noticiasaominuto.com\/mundo\/2783810\/ex-presidente-do-panama-condenado-por-corrupcao-recebe-asilo-na-colombia\" target=\"_blank\" rel=\"noopener\">Ex-presidente do Panam\u00e1 condenado por corrup\u00e7\u00e3o recebe asilo na Col\u00f4mbia<\/a><\/p>\n\n\n\n<p><a href=\"#_ftnref7\" id=\"_ftn7\">[7]<\/a> <a href=\"https:\/\/www.portaltela.com\/politica\/internacional\/2025\/05\/11\/colombia-concede-asilo-politico-a-expresidente-panamenho-ricardo-martinelli\" target=\"_blank\" rel=\"noopener\">Col\u00f4mbia concede asilo pol\u00edtico a ex-presidente panamenho Ricardo Martinelli<\/a><\/p>\n","protected":false},"excerpt":{"rendered":"<p>Por: Lena Souza | Trabalhadores\/as, juventude e setores populares e ind\u00edgenas do Panam\u00e1 est\u00e3o protagonizando uma onda crescente de protestos sociais em resposta \u00e0s reformas do governo de Jos\u00e9 Ra\u00fal Mulino. Bloqueios em rodovias, manifesta\u00e7\u00f5es e greves est\u00e3o se ampliando no pa\u00eds tendo como centro a derrota da Lei 462, da reforma da previd\u00eancia social. [&hellip;]<\/p>\n","protected":false},"author":7,"featured_media":81044,"menu_order":0,"comment_status":"open","ping_status":"open","sticky":false,"template":"","format":"standard","meta":{"litci_post_political_author":"Lena Souza","footnotes":""},"categories":[3009,5620],"tags":[935,8850],"class_list":["post-81043","post","type-post","status-publish","format-standard","has-post-thumbnail","hentry","category-panama","category-america-latina","tag-lena-souza","tag-panama"],"fimg_url":"https:\/\/litci.org\/pt\/wp-content\/uploads\/2025\/05\/Panama.jpeg","categories_names":["Am\u00e9rica Latina","Panam\u00e1"],"author_info":{"name":"lena","pic":"https:\/\/secure.gravatar.com\/avatar\/b9eb35b4c023b96c29c4a145a82c6c381b68f2c889c5427106ad5aab6df45b9d?s=96&d=mm&r=g"},"political_author":"Lena Souza","tagline":"","_links":{"self":[{"href":"https:\/\/litci.org\/pt\/wp-json\/wp\/v2\/posts\/81043","targetHints":{"allow":["GET"]}}],"collection":[{"href":"https:\/\/litci.org\/pt\/wp-json\/wp\/v2\/posts"}],"about":[{"href":"https:\/\/litci.org\/pt\/wp-json\/wp\/v2\/types\/post"}],"author":[{"embeddable":true,"href":"https:\/\/litci.org\/pt\/wp-json\/wp\/v2\/users\/7"}],"replies":[{"embeddable":true,"href":"https:\/\/litci.org\/pt\/wp-json\/wp\/v2\/comments?post=81043"}],"version-history":[{"count":2,"href":"https:\/\/litci.org\/pt\/wp-json\/wp\/v2\/posts\/81043\/revisions"}],"predecessor-version":[{"id":81224,"href":"https:\/\/litci.org\/pt\/wp-json\/wp\/v2\/posts\/81043\/revisions\/81224"}],"wp:featuredmedia":[{"embeddable":true,"href":"https:\/\/litci.org\/pt\/wp-json\/wp\/v2\/media\/81044"}],"wp:attachment":[{"href":"https:\/\/litci.org\/pt\/wp-json\/wp\/v2\/media?parent=81043"}],"wp:term":[{"taxonomy":"category","embeddable":true,"href":"https:\/\/litci.org\/pt\/wp-json\/wp\/v2\/categories?post=81043"},{"taxonomy":"post_tag","embeddable":true,"href":"https:\/\/litci.org\/pt\/wp-json\/wp\/v2\/tags?post=81043"}],"curies":[{"name":"wp","href":"https:\/\/api.w.org\/{rel}","templated":true}]}}