{"id":80921,"date":"2025-04-10T00:32:20","date_gmt":"2025-04-10T00:32:20","guid":{"rendered":"https:\/\/litci.org\/pt\/?p=80921"},"modified":"2025-04-10T00:33:09","modified_gmt":"2025-04-10T00:33:09","slug":"inglaterra-a-juventude-em-luta-contra-o-sionismo-e-os-massacre-em-gaza","status":"publish","type":"post","link":"https:\/\/litci.org\/pt\/2025\/04\/10\/inglaterra-a-juventude-em-luta-contra-o-sionismo-e-os-massacre-em-gaza\/","title":{"rendered":"Inglaterra: A juventude em luta contra o sionismo e o massacre em Gaza"},"content":{"rendered":"\n<p><strong>Introdu\u00e7\u00e3o:<\/strong><\/p>\n\n\n\n<p><em>Desde o m\u00eas de outubro de 2023 uma multid\u00e3o de ingleses saiu \u00e0s ruas para protestarem contra o genoc\u00eddio praticado pelo governo sionista de Israel contra a popula\u00e7\u00e3o indefesa de Gaza. Calcula-se que s\u00f3 em Londres sa\u00edram as ruas mais de 500 mil pessoas, se tornando a maior manifesta\u00e7\u00e3o p\u00fablica em d\u00e9cadas. Os desdobramentos dessa marcha gigantesca assumiu diversas formas e intensidades. Vamos conversar com o jovem Abel, ex aluno da&nbsp; SOAS &#8211; School of Oriental and African Studies (Faculdade de Estudos Orientais e Africanos da Universidade de Londres).<\/em><\/p>\n\n\n\n<p><strong>Portal da LIT:<\/strong><\/p>\n\n\n\n<p><em>Quer\u00edamos que voc\u00ea contasse para a gente&nbsp;como \u00e9 que est\u00e3o os movimentos de solidariedade&nbsp;aos palestinos desde outubro de 2023<\/em><\/p>\n\n\n\n<p><strong>Abel:<\/strong><\/p>\n\n\n\n<p>Olhe, desde outubro de 2023, o movimento cresceu muito. Hoje o movimento \u00e9 muito maior que antes de outubro de 2023. H\u00e1 uma consci\u00eancia muito maior. As pessoas que antes tinham ideias progressistas, hoje s\u00f3 tem uma preocupa\u00e7\u00e3o: a quest\u00e3o palestina.&nbsp; As pessoas consideram que a quest\u00e3o palestina \u00e9 quest\u00e3o mais importante desta \u00e9poca. Ent\u00e3o nesses um ano e meio h\u00e1 um aprofundamento da discuss\u00e3o do problema palestina, mas tamb\u00e9m houve um certo retrocesso num\u00e9rico.<\/p>\n\n\n\n<p>O movimento cresceu muito por conta das imagens do genoc\u00eddio e pela vergonha de saber que a Inglaterra est\u00e1 apoiando, ou n\u00e3o est\u00e3o fazendo nada contra essa situa\u00e7\u00e3o ou pelo apoio diplom\u00e1tico a Israel. Tamb\u00e9m cresceu a vigil\u00e2ncia policial sobre os ativistas<\/p>\n\n\n\n<p>Al\u00e9m desses movimento de rua tem outras formas de express\u00e3o massiva contra o massacre em Gaza. H\u00e1 pessoas que vendem bolo nas ruas para enviar dinheiro para Gaza, outros fazem &nbsp;reuni\u00f5es virtuais. Tem muitas a\u00e7\u00f5es assim que s\u00e3o convocadas pelas comunidades. Depois de um ano e meio estamos aprofundando as reflex\u00f5es. N\u00e3o h\u00e1 muita clareza de como seguir adiante. As pessoas saem as ruas e sabem que essa \u00e9 a for\u00e7a mais importante para acabar com a guerra. O apoio aqui \u00e9 importante mas temos que ter definido que s\u00f3 derrota militar de Israel \u00e9 fundamental. Essa compreens\u00e3o aumenta a participa\u00e7\u00e3o direta.<\/p>\n\n\n\n<p>Al\u00e9m das iniciativas populares h\u00e1 tamb\u00e9m a\u00e7\u00f5es mais radicalizadas. Por exemplo, tr\u00eas ou quatro pessoas v\u00e3o na madrugada em uma f\u00e1brica de armas, entram e tentam quebrar as armas. Outras vezes sobem no teto das f\u00e1bricas de armas e esperam que a pol\u00edcia os venha retirar. S\u00e3o a\u00e7\u00f5es que tem muito impacto.&nbsp; Os ativistas consideram que essas armas ser\u00e3o enviadas para Israel e de alguma maneira isso tem que ser evitado.&nbsp; As pessoas querem fazer alguma coisa pois est\u00e3o impactadas com as imagens do genoc\u00eddio.<\/p>\n\n\n\n<p>As pessoas querem gritar nas ruas, querem quebrar f\u00e1bricas, mas o que falta \u00e9 uma estrat\u00e9gia. H\u00e1 organiza\u00e7\u00f5es que participam da montagem das mobiliza\u00e7\u00f5es, uma delas \u00e9 a Campanha de Solidariedade com a Palestina e que \u00e9 ligada \u00e0s organiza\u00e7\u00f5es como o SWP (Socialist Workers Party), e eles sempre convidam os parlamentares do Labour Party , de sua ala esquerda, para fazerem discursos nas manifesta\u00e7\u00f5es. Ent\u00e3o as pessoas n\u00e3o confiam nessas organiza\u00e7\u00f5es das manifesta\u00e7\u00f5es nacionais.&nbsp; Nas manifesta\u00e7\u00f5es nos finais de semana, eles organizam a manifesta\u00e7\u00e3o junto com a&nbsp; Pol\u00edcia. Tudo muito controlado. O percurso da marcha \u00e9 combinado com a Pol\u00edcia. Tudo devidamente controlado. Esse tipo de rala\u00e7\u00e3o leva ao descr\u00e9dito.<\/p>\n\n\n\n<p>H\u00e1 outra organiza\u00e7\u00e3o que \u00e9 o Stop the War (parem a guerra), que s\u00e3o ligados a outras organiza\u00e7\u00f5es de esquerda, em especial grupos trotsquistas muito pr\u00f3ximos do Estalinismo. Por exemplo apoiavam a ditadura de Assad na S\u00edria. Tem tamb\u00e9m duas organiza\u00e7\u00f5es isl\u00e2micas.&nbsp; Uma \u00e9&nbsp;&nbsp;a Associa\u00e7\u00e3o de Mu\u00e7ulmanos brit\u00e2nicos e a outra \u00e9 a Friends of Al-Aqsa. Eles s\u00e3o menos pol\u00edticos, mas fazem muitos fundraisers para conseguir fundos. Eu acho mais interessante&nbsp;os movimentos mais de base &nbsp;que s\u00e3o organizados pela popula\u00e7\u00e3o&nbsp;local, n\u00e3o por pol\u00edticas profissionais. Programaticamente s\u00e3o mais selvagens, mas n\u00e3o s\u00e3o controlados. &nbsp;Por exemplo, em Liverpool ou Manchester, &nbsp;todo fim de semana&nbsp; &nbsp;h\u00e1 marchas&nbsp;com 200, 300, 400,&nbsp;2000 pessoas.&nbsp;Acho que \u00e9 mais&nbsp;puro esse tipo de movimento.&nbsp;Por exemplo h\u00e1 organiza\u00e7\u00f5es que defendem apenas a&nbsp; linha de cessar fogo, na verdade querem acalmar o movimento no Reino Unido. &nbsp;<\/p>\n\n\n\n<p>Mesmo com essas organiza\u00e7\u00f5es que tratam de controlar o movimento h\u00e1 um novo pessoal de milhares de pessoas e que antes de outubro n\u00e3o eram ativos. E agora cada vez temos novas manifesta\u00e7\u00f5es, com reuni\u00f5es preparat\u00f3rias e planejamento das atividades.<\/p>\n\n\n\n<p>Gostaria de falar um pouco sobre o movimento na universidade, em especial do Palestina Action. Voc\u00eas conhecem o Palestina Action?<\/p>\n\n\n\n<p><strong>Portal da LIT:<\/strong><\/p>\n\n\n\n<p>N\u00e3o conhecemos,&nbsp;mas conta a\u00ed como \u00e9<\/p>\n\n\n\n<p><strong>Abel:<\/strong><\/p>\n\n\n\n<p>O movimento Palestina Action, acredito que tinha ra\u00edzes no \u00e2mbito do Extinction Rebellion. Alguns do Palestina Action tiveram origem nesse movimento. Atualmente, ele \u00e9 muito independente e uma das organiza\u00e7\u00f5es mais respeitadas do movimento. Eles n\u00e3o s\u00e3o tanto um grupo pol\u00edtico, apenas um grupo de a\u00e7\u00e3o. Eles querem interromper a produ\u00e7\u00e3o de armas o mais r\u00e1pido poss\u00edvel, de forma muito p\u00fablica, e atuando assim v\u00e3o chamar a aten\u00e7\u00e3o e ter\u00e3o mais for\u00e7a nas redes sociais. Em geral s\u00e3o pessoas que perderam a esperan\u00e7a na classe oper\u00e1ria e que dizem que os trabalhadores s\u00e3o uma aristocracia, e que estes s\u00e3o nacionalistas, racistas e que n\u00e3o podemos esperar por eles para avan\u00e7ar.&nbsp;<\/p>\n\n\n\n<p>Com esse ponto de vista dizem que \u00e9 preciso atuar como indiv\u00edduos, com for\u00e7a e enfrentar o sistema. Acho que eles refletem o sentimento das pessoas e eles juntam muitos jovens. Acredito que a\u00ed temos uma for\u00e7a importante. N\u00e3o querem muita discuss\u00e3o, querem fazer coisas.<\/p>\n\n\n\n<p>Ent\u00e3o, n\u00f3s apoiamos as a\u00e7\u00f5es deles, porque s\u00e3o as a\u00e7\u00f5es&nbsp;mais comprometidas que as pessoas&nbsp;est\u00e3o fazendo pela Palestina&nbsp;neste momento. \u00c9 preciso saber que h\u00e1 muita vigil\u00e2ncia e persegui\u00e7\u00e3o pois temos agora algumas pessoas na pris\u00e3o por causa dessas a\u00e7\u00f5es.<\/p>\n\n\n\n<p>O objetivo desse grupo tem sido a Elbit Systems que \u00e9 uma empresa de armas e com muitas f\u00e1bricas na Inglaterra. Eles tamb\u00e9m t\u00eam como alvo as instala\u00e7\u00f5es dos propriet\u00e1rios, companhias de seguros e outros servi\u00e7os ligados \u00e0 Elbit.&nbsp; Isso tem a ver com a den\u00fancia que as armas s\u00e3o enviadas para Israel massacrar o povo palestino. Esse fato transforma a Inglaterra em um centro de agita\u00e7\u00e3o, al\u00e9m do fato de que a Inglaterra tem muito a ver com a hist\u00f3ria da Palestina. No campo internacional o pa\u00eds n\u00e3o tem muita for\u00e7a na medida que est\u00e3o seguindo as orienta\u00e7\u00f5es dos EUA e j\u00e1 n\u00e3o t\u00eam voz na Uni\u00e3o Europeia.<\/p>\n\n\n\n<p>O peso das universidade nas mobiliza\u00e7\u00f5es tem a ver que s\u00e3o uma parte importante da economia e mais, por que as universidades inglesas s\u00e3o um ponto de refer\u00eancia para todo o mundo. Por exemplo, o Primeiro Ministro da Jord\u00e2nia estudou na universidade em que eu estudo a SOAS.&nbsp; A SOAS (Instituto de Estudos Africanos e Orientais) foi fundada em 1916 para treinar e capacitar os oficiais do Imp\u00e9rio ingl\u00eas. Inicialmente ensinava a l\u00edngua dos pa\u00edses colonizados e depois para treinar os dirigentes dos pa\u00edses independentes. Tamb\u00e9m tem como alunos membros do Foreign Office, Minist\u00e9rio de Rela\u00e7\u00f5es Exteriores, Organiza\u00e7\u00f5es de Ajuda Humanit\u00e1ria, etc. \u00c9 uma escola elitista, e que se apresenta como progressista e anticolonial. Na verdade se apresentam contra tudo isso, mas n\u00e3o s\u00e3o. Na verdade eles n\u00e3o s\u00e3o contra o sistema, pois s\u00e3o a parte global do sistema.<\/p>\n\n\n\n<p>&nbsp;A SOAS vende essa imagem de progressista, mas todas as faculdades aqui est\u00e3o treinando as pr\u00f3ximas gera\u00e7\u00f5es para dirigir o sistema. As universidades s\u00e3o muito ligadas as empresas de armas e isso determina que as universidades est\u00e3o pesquisando e construindo as pr\u00f3ximas armas que ser\u00e3o usadas em outras partes do mundo. &nbsp;Ent\u00e3o, \u00e9 por isso que, acho que&nbsp;&nbsp;a luta nas universidades \u00e9 bastante&nbsp;&nbsp;importante aqui na Inglaterra.&nbsp;<\/p>\n\n\n\n<p>Assim foram surgindo os acampamentos dentro das universidades. Esses acampados foram criando conex\u00f5es informais e que se transformou em um movimento&nbsp; entre as universidades. \u00c9 verdade que houveram rupturas nessas conex\u00f5es mas que obedecem a quest\u00e3o pol\u00edticas e program\u00e1ticas. Por exemplo, h\u00e1 ativistas mais tradicionais, que tratam de diversos temas e as vezes s\u00e3o mais burocr\u00e1ticos. H\u00e1 ativistas mais de outra gera\u00e7\u00e3o, de outro n\u00edvel que dormem nas barracas e que se preocupam mais com as a\u00e7\u00f5es. Isso levou a algumas rupturas.<\/p>\n\n\n\n<p>Essas rupturas, tem dificultado estabelecer uma an\u00e1lise comum . N\u00f3s n\u00e3o conseguimos construir um balan\u00e7o comum. Estamos tentando construir esses balan\u00e7os, mas esta \u00e9 uma outra batalha.&nbsp; Por exemplo h\u00e1 grupos que declaram vit\u00f3ria, n\u00e3o sei como dizer, mas a realidade ainda n\u00e3o \u00e9 essa.<\/p>\n\n\n\n<p><strong>Portal LIT:<\/strong><\/p>\n\n\n\n<p>H\u00e1 aqueles que afirmam que h\u00e1 vit\u00f3rias, mas ainda n\u00e3o houve, certo?<\/p>\n\n\n\n<p><strong>Abel<\/strong><\/p>\n\n\n\n<p>Sim, as pessoas querem ter uma vit\u00f3ria para mostrar, mas na realidade n\u00e3o \u00e9 assim. Nosso movimento aqui em SOAS , \u00e9 o \u00fanico que n\u00e3o fechou nas f\u00e9rias de ver\u00e3o. Estamos impedidos de seguir o ciclo acad\u00eamico. \u00c9 um acampamento que est\u00e1 bem vivo apesar de todas dificuldades. Tivemos uma ruptura com a Associa\u00e7\u00e3o dos Estudantes da Faculdade, eles est\u00e3o muito institucionalizados. Eles dizem que apoiam &nbsp;a Palestina, mas sem se confrontar diretamente com a institui\u00e7\u00e3o. Eles se re\u00fanem com a dire\u00e7\u00e3o do Instituto para falar da possibilidade de mudar as orienta\u00e7\u00f5es do Instituto mas sem se confrontar. E n\u00f3s estamos fora desse sistema, para dizer a verdade estamos completamente contra isso. N\u00f3s temos que construir nossa for\u00e7a com uma pol\u00edtica principista.<\/p>\n\n\n\n<p>Pol\u00edtica principista, isso \u00e9 o que necessitamos, uma pol\u00edtica principista. Estamos acampados h\u00e1 mais de dez meses, somos j\u00e1 quase uma comunidade de estudantes que sentamos todos os dias e discutimos o que est\u00e1 passando na Palestina, o que est\u00e1 passando na pol\u00edtica da faculdade e com os outros grupos.&nbsp; Estamos tentando manter uma posi\u00e7\u00e3o de resist\u00eancia, n\u00e3o dar passo atr\u00e1s e dizer que temos que manter a resist\u00eancia e tamb\u00e9m denunciar as autoridades e exp\u00f4-los, para denunciar as faculdades, a realidade.<\/p>\n\n\n\n<p>Acredito que estamos vivendo um per\u00edodo de mudan\u00e7as. Durante anos o movimento se baseou muito nas faculdades. Agora nesse processo est\u00e3o querendo levar o caso Palestina para o \u00e2mbito acad\u00eamico e esvaziando o poder dos acampamentos. As pessoas s\u00e3o chamadas a escreverem teses, defender posi\u00e7\u00f5es acad\u00eamicas e para eles isso \u00e9 atividade pol\u00edtica. Os acampados sabem que isso n\u00e3o \u00e9 suficiente. Os acad\u00eamicos se encontram conosco e n\u00e3o podem dizer nada, ficam calados. E ficam calados pois tem medo de perder o trabalho, bolsas, etc., e mesmo assim, veem o&nbsp; trabalho deles como a\u00e7\u00e3o pol\u00edtica. As contradi\u00e7\u00f5es entre a luta dos acampados e os acad\u00eamicos est\u00e1 ficando mais n\u00edtida.<\/p>\n\n\n\n<p><strong>Portal da LIT:<\/strong><\/p>\n\n\n\n<p>Em todos os lugares do mundo, est\u00e1 ocorrendo&nbsp; persegui\u00e7\u00e3o&nbsp;contra os ativistas da causa palestina.&nbsp;Queria que voc\u00ea contasse como \u00e9 que est\u00e1 a situa\u00e7\u00e3o no Reino Unido&nbsp;e tamb\u00e9m a situa\u00e7\u00e3o em SOAS&nbsp;<\/p>\n\n\n\n<p><strong>Abel:<\/strong><\/p>\n\n\n\n<p>Acho que nos \u00faltimos meses n\u00f3s sentimos muito o efeito dessa persegui\u00e7\u00e3o.&nbsp;Isso que est\u00e1 acontecendo na faculdade,&nbsp; tamb\u00e9m acontece no \u00e2mbito Estatal. Vou falar primeiro da SOAS. Em outubro de 2023,&nbsp;)&nbsp;a primeira rea\u00e7\u00e3o da faculdade, ao genoc\u00eddio foi suspender quatro estudantes e proibir que tr\u00eas alunos j\u00e1 graduados ingressassem na institui\u00e7\u00e3o. Essa repress\u00e3o come\u00e7ou no SOAS e isso n\u00e3o era normal em outras faculdades. O SOAS foi o primeiro a tomar essa decis\u00e3o repressiva, e isto foi um sinal para o que estava sendo gestado. Depois disso mais universidades come\u00e7aram a usar medidas disciplinares, como suspender alunos, impedir acesso aos ex alunos, e sempre como a escusa de sa\u00fade e seguran\u00e7a.<\/p>\n\n\n\n<p>H\u00e1 outras institui\u00e7\u00f5es acusadas de antissemitismo para justificar as persegui\u00e7\u00f5es. Na maioria dos casos, ao final da investiga\u00e7\u00e3o, decidem que n\u00e3o h\u00e1 motivos para seguir com a a\u00e7\u00e3o. Por\u00e9m durante o processo investigat\u00f3rio os estudantes n\u00e3o puderam entrar na institui\u00e7\u00e3o. Assim tamb\u00e9m fizeram no SOAS. Eles me pegaram como alvo.<\/p>\n\n\n\n<p>Eu fui eleito para presidente da Associa\u00e7\u00e3o dos Estudantes. Esse \u00e9 um cargo remunerado pela faculdade, ent\u00e3o por esse vinculo, fomos desligados da Associa\u00e7\u00e3o. Isso foi durante as f\u00e9rias de ver\u00e3o quando a universidade est\u00e1 vazia, mais calma, mas com seguran\u00e7as l\u00e1 fora. Os seguran\u00e7as esperaram as pessoas darem uma sa\u00edda e fecharam as portas da universidade. Isso foi o que passou com a Associa\u00e7\u00e3o dos Estudantes, posteriormente eu fui proibido de forma permanente de ingressar na faculdade. Temos um processo contra o reitor da faculdade e tamb\u00e9m contra a Associa\u00e7\u00e3o dos Estudantes, por discrimina\u00e7\u00e3o e demiss\u00e3o injusta do trabalho.<\/p>\n\n\n\n<p>A n\u00edvel nacional, o caso Filton chamou muito a aten\u00e7\u00e3o. Um grupo de 10 companheiros fizeram uma a\u00e7\u00e3o em uma f\u00e1brica perto de Bristol. Eles invadiram a f\u00e1brica dentro de um van com objetivo de destruir as armas, no caso drones quadric\u00f3petetos usados para atirar bombas que seriam enviados para Israel. A pol\u00edcia interveio e deteve &nbsp;dez pessoas envolvidas e oito conseguiram fugir. Tr\u00eas meses depois, a pol\u00edcia invadiu as casas desses oito, \u00e0s cinco da manh\u00e3 e prendeu um por um.&nbsp; Aplicaram sobre eles a lei de contraterrorismo para levar essas pessoas para a pris\u00e3o, sem&nbsp; julgamento e sem condena\u00e7\u00e3o.<\/p>\n\n\n\n<p>Ap\u00f3s essas pris\u00f5es, as persegui\u00e7\u00f5es aumentaram muito mais nos \u00faltimos seis meses. H\u00e1 uma campanha denominada Felton 18, que \u00e9 a combina\u00e7\u00e3o do nome da empresa com o n\u00famero de detidos. Esse \u00e9 um caso especifico, mas tem outras situa\u00e7\u00f5es de repress\u00e3o. Em outubro de 2023, uma companheira falou em uma manifesta\u00e7\u00e3o que apoiava a vit\u00f3ria da resist\u00eancia armada. Os \u00f3rg\u00e3os de repress\u00e3o do Estado tinham a grava\u00e7\u00e3o dessa fala e a utilizaram para prender a companheira baseado na lei de contraterrorismo.<\/p>\n\n\n\n<p>Essas formas repressivas s\u00e3o usadas para que ningu\u00e9m possa mostrar apoio \u00e0 resist\u00eancia palestina. A Inglaterra \u00e9 um pa\u00eds com muitas formas de vigil\u00e2ncia. Agora est\u00e3o proibindo as pessoas de cobrirem o rosto durante as manifesta\u00e7\u00f5es, mesmo que seja para proteger do g\u00e1s. Ent\u00e3o nesse clima repressivo est\u00e1 ficando cada vez mais dif\u00edcil se mobilizar. Voc\u00ea pode fugir da repress\u00e3o mas eles v\u00e3o te buscar em casa. \u00c9 muito parecido com o m\u00e9todo de vigil\u00e2ncia dos sionistas. Por\u00e9m isso n\u00e3o nos preocupa, muitos de n\u00f3s sabemos do perigo de fazer gesto do tri\u00e2ngulo em solidariedade com os palestinos. Voc\u00ea faz o gesto, e com o mesmo m\u00e9todo do sionismo, eles tiram fotos ou gravam e depois pressionam para que a pol\u00edcia fa\u00e7a as deten\u00e7\u00f5es. Alguns grupos, de forma est\u00fapida publicam fotos das mobiliza\u00e7\u00f5es, das pessoas e depois essas imagens s\u00e3o capturadas pela intelig\u00eancia e servem de prova contra os ativistas. Mas, em geral, n\u00e3o podemos nos assustar com a repress\u00e3o. Os companheiros atingidos pelo processo do Filton 18, que s\u00e3o os que mais sofrem persegui\u00e7\u00e3o e pris\u00f5es. N\u00f3s temos muito orgulho deles<\/p>\n\n\n\n<p><strong>Portal da LIT:<\/strong><\/p>\n\n\n\n<p>Para concluir. Voc\u00ea citou a Campanha pelos 18 de Bristol, a Campanha pelos tr\u00eas do SOAS, onde voc\u00ea figura como um deles. Essas campanhas est\u00e3o em andamento? Podemos divulgar?<\/p>\n\n\n\n<p><strong>Abel:<\/strong><\/p>\n\n\n\n<p><a><\/a>Sim, podem divulgar. Ser\u00e1 muito importante e criar redes de conex\u00f5es. Algumas pessoas nos enviaram v\u00eddeos de apoio para nossa luta e isso foi muito bom. Gostar\u00edamos tamb\u00e9m de falar diretamente com as pessoas sobre nossas experi\u00eancias. Sobre a luta do SOAS, o que falamos e o qu\u00ea reivindicamos, quais li\u00e7\u00f5es aprendemos nesse processo e quais ajudas estamos necessitando agora. Ao mesmo tempo precisamos ampliar as conex\u00f5es, precisamos estender essas conex\u00f5es para os trabalhadores, para aqueles que n\u00e3o s\u00e3o da universidade. \u00c9 preciso levar essas discuss\u00f5es para os bairros, escolas. As pessoas est\u00e3o sofrendo os efeitos da guerra contra a Palestina, precisamos agir j\u00e1.&nbsp;<\/p>\n","protected":false},"excerpt":{"rendered":"<p>Introdu\u00e7\u00e3o: Desde o m\u00eas de outubro de 2023 uma multid\u00e3o de ingleses saiu \u00e0s ruas para protestarem contra o genoc\u00eddio praticado pelo governo sionista de Israel contra a popula\u00e7\u00e3o indefesa de Gaza. Calcula-se que s\u00f3 em Londres sa\u00edram as ruas mais de 500 mil pessoas, se tornando a maior manifesta\u00e7\u00e3o p\u00fablica em d\u00e9cadas. Os desdobramentos [&hellip;]<\/p>\n","protected":false},"author":7,"featured_media":80923,"menu_order":0,"comment_status":"open","ping_status":"open","sticky":false,"template":"","format":"standard","meta":{"litci_post_political_author":"LIT-QI","footnotes":""},"categories":[9121,3677],"tags":[9122,5080,205],"class_list":["post-80921","post","type-post","status-publish","format-standard","has-post-thumbnail","hentry","category-inglaterra","category-europa-mundo","tag-entrevista","tag-inglaterra-2","tag-palestina-2"],"fimg_url":"https:\/\/litci.org\/pt\/wp-content\/uploads\/2025\/04\/Captura-de-tela_9-4-2025_213047_efe.com_.jpeg","categories_names":["Europa","Inglaterra"],"author_info":{"name":"lena","pic":"https:\/\/secure.gravatar.com\/avatar\/b9eb35b4c023b96c29c4a145a82c6c381b68f2c889c5427106ad5aab6df45b9d?s=96&d=mm&r=g"},"political_author":"LIT-QI","tagline":"","_links":{"self":[{"href":"https:\/\/litci.org\/pt\/wp-json\/wp\/v2\/posts\/80921","targetHints":{"allow":["GET"]}}],"collection":[{"href":"https:\/\/litci.org\/pt\/wp-json\/wp\/v2\/posts"}],"about":[{"href":"https:\/\/litci.org\/pt\/wp-json\/wp\/v2\/types\/post"}],"author":[{"embeddable":true,"href":"https:\/\/litci.org\/pt\/wp-json\/wp\/v2\/users\/7"}],"replies":[{"embeddable":true,"href":"https:\/\/litci.org\/pt\/wp-json\/wp\/v2\/comments?post=80921"}],"version-history":[{"count":3,"href":"https:\/\/litci.org\/pt\/wp-json\/wp\/v2\/posts\/80921\/revisions"}],"predecessor-version":[{"id":80927,"href":"https:\/\/litci.org\/pt\/wp-json\/wp\/v2\/posts\/80921\/revisions\/80927"}],"wp:featuredmedia":[{"embeddable":true,"href":"https:\/\/litci.org\/pt\/wp-json\/wp\/v2\/media\/80923"}],"wp:attachment":[{"href":"https:\/\/litci.org\/pt\/wp-json\/wp\/v2\/media?parent=80921"}],"wp:term":[{"taxonomy":"category","embeddable":true,"href":"https:\/\/litci.org\/pt\/wp-json\/wp\/v2\/categories?post=80921"},{"taxonomy":"post_tag","embeddable":true,"href":"https:\/\/litci.org\/pt\/wp-json\/wp\/v2\/tags?post=80921"}],"curies":[{"name":"wp","href":"https:\/\/api.w.org\/{rel}","templated":true}]}}