{"id":80910,"date":"2025-04-07T12:05:14","date_gmt":"2025-04-07T12:05:14","guid":{"rendered":"https:\/\/litci.org\/pt\/?p=80910"},"modified":"2025-04-21T15:35:00","modified_gmt":"2025-04-21T15:35:00","slug":"mais-que-500-mil-protestam-contra-trump-em-manifestacoes-hands-off-nos-eua","status":"publish","type":"post","link":"https:\/\/litci.org\/pt\/2025\/04\/07\/mais-que-500-mil-protestam-contra-trump-em-manifestacoes-hands-off-nos-eua\/","title":{"rendered":"Mais que 500 mil protestam contra Trump em manifesta\u00e7\u00f5es &#8216;Hands Off!&#8217; nos EUA"},"content":{"rendered":"\n<p>Por: Marcel Wando<\/p>\n\n\n\n<p>No \u00faltimo s\u00e1bado, 5 de abril de 2025, centenas de milhares de pessoas participaram das manifesta\u00e7\u00f5es &#8216;Hands Off!&#8217; em todo os Estados Unidos, expressando oposi\u00e7\u00e3o \u00e0s pol\u00edticas do presidente Donald Trump e de seu assessor Elon Musk. As cifras neste momento s\u00e3o iniciais, e \u00e9 poss\u00edvel que as cifras das multid\u00f5es tenham sido de milh\u00f5es de pessoas. Organizadas por grupos como MoveOn e Indivisible, mais de 1.000 eventos ocorreram nos 50 estados do pa\u00eds.<\/p>\n\n\n\n<p>Em Washington, D.C., a maior concentra\u00e7\u00e3o reuniu dezenas de milhares de manifestantes no National Mall. Protestos significativos tamb\u00e9m ocorreram em cidades como Boston, Atlanta e Nova York, e at\u00e9 mesmo em alguns estados tradicionalmente conservadores.<\/p>\n\n\n\n<p>Ativistas exibiam cartazes condenando ataques \u00e0 democracia, aos direitos civis e a programas p\u00fablicos como a Seguridade Social e o Medicaid. Os manifestantes expressaram preocupa\u00e7\u00f5es com os cortes significativos em programas federais, principalmente a redu\u00e7\u00e3o de mais de US$ 12 bilh\u00f5es em financiamento para a sa\u00fade, cortes de empregos no Departamento de Educa\u00e7\u00e3o e desfinanciamento de institui\u00e7\u00f5es culturais.<\/p>\n\n\n\n<p><strong>Ofensiva autorit\u00e1ria e ataques aos direitos<\/strong><\/p>\n\n\n\n<p>Desde o in\u00edcio de seu segundo mandato em janeiro de 2025, o presidente Donald Trump implementou uma s\u00e9rie de pol\u00edticas que impactam negativamente os setores mais oprimidos da classe trabalhadora dos Estados Unidos. Uma das primeiras a\u00e7\u00f5es foi a assinatura de ordens executivas visando <a href=\"https:\/\/litci.org\/pt\/2025\/02\/28\/o-que-esta-por-tras-do-ataque-de-trump-a-diversidade-equidade-e-inclusao-dei\/\">desmantelar programas de Diversidade, Equidade e Inclus\u00e3o (DEI) <\/a>em ag\u00eancias federais. Essas medidas resultaram na elimina\u00e7\u00e3o de iniciativas destinadas a promover a igualdade de oportunidades para mulheres, pessoas racializadas e LGBTs, al\u00e9m da remo\u00e7\u00e3o de refer\u00eancias a esses grupos em sites e materiais oficiais.<\/p>\n\n\n\n<p>Logo em janeiro de 2025, uma ordem executiva definiu o sexo como uma caracter\u00edstica estritamente biol\u00f3gica, resultando na suspens\u00e3o de passaportes com marcador de g\u00eanero &#8216;X&#8217; e na proibi\u00e7\u00e3o de mudan\u00e7as de g\u00eanero nos documentos federais. Al\u00e9m disso, foram implementadas restri\u00e7\u00f5es ao servi\u00e7o militar por pessoas transg\u00eanero e amea\u00e7as de cortes de financiamento federal a escolas que reconhecessem transi\u00e7\u00f5es de g\u00eanero de estudantes.<\/p>\n\n\n\n<p>Em fevereiro de 2025, Trump prop\u00f4s que os Estados Unidos assumissem o controle da Faixa de Gaza, realocando a popula\u00e7\u00e3o palestina para pa\u00edses vizinhos e transformando a \u00e1rea em um resort tur\u00edstico sem palestinos. Essa proposta de limpeza \u00e9tnica foi um incentivo para a ruptura com o cessar-fogo de Netanyahu (primeiro-ministro de Israel), e os ataques \u00e0 Cisjord\u00e2nia que se sucederam na sequ\u00eancia.<\/p>\n\n\n\n<p>Al\u00e9m disso, o governo Trump condicionou a continuidade da ajuda militar \u00e0 Ucr\u00e2nia ao acesso a minerais raros do pa\u00eds em termos extremamente favor\u00e1veis aos Estados Unidos, ou a rendi\u00e7\u00e3o absoluta a Putin, com a entrega de suas terras \u00e0 R\u00fassia. De modo que imp\u00f4s aos ucranianos um ultimato de ser um pa\u00eds submetido \u00e0 R\u00fassia, aos EUA ou a ambos, negando sua soberania e autodetermina\u00e7\u00e3o.<\/p>\n\n\n\n<p>Essas pol\u00edticas demonstram que Trump quer implementar medidas em defesa dos mais ricos e poderosos, ainda que \u00e0s custas dos mais pobres e oprimidos, n\u00e3o s\u00f3 dos EUA, como de todo o mundo. Esse \u00e9 o resultado da busca desenfreada pela disputa mundial de mercados com a China e outros pa\u00edses imperialistas do mundo.<\/p>\n\n\n\n<p><strong>A situa\u00e7\u00e3o dos imigrantes<\/strong><\/p>\n\n\n\n<p>Desde o in\u00edcio de seu segundo mandato, o presidente Donald Trump implementou uma s\u00e9rie de medidas contra imigrantes. Ele instruiu agentes de fronteira a deportarem sumariamente quem cruzasse a fronteira, suspendeu o uso do aplicativo CBP One \u2014 utilizado para agendar a entrada no pa\u00eds \u2014, retomou a pol\u00edtica de \u201cPermanecer no M\u00e9xico\u201d e ordenou a retomada da constru\u00e7\u00e3o do muro na fronteira.<\/p>\n\n\n\n<p>A repress\u00e3o atingiu um novo patamar em mar\u00e7o, com a <a href=\"https:\/\/litci.org\/pt\/2025\/03\/20\/libertem-o-ativista-palestino-mahmoud-khalil\/\">deten\u00e7\u00e3o de Mahmoud Khalil<\/a>, residente permanente legal e ex-estudante da Universidade Columbia, casado com uma cidad\u00e3 americana e aguardando o nascimento do primeiro filho. Embora um juiz tenha impedido sua deporta\u00e7\u00e3o imediata, Khalil permanece preso em uma instala\u00e7\u00e3o no interior da Louisiana, a quase dois mil quil\u00f4metros de sua casa, enquanto o governo alega liga\u00e7\u00e3o com o Hamas.<\/p>\n\n\n\n<p>Outros estudantes estrangeiros com status legal tamb\u00e9m teriam sido detidos ou estariam sendo investigados. Centenas receberam notifica\u00e7\u00f5es de cancelamento de visto e ordens de deporta\u00e7\u00e3o. Poucos dias depois, 238 imigrantes venezuelanos foram deportados para El Salvador e levados \u00e0 mega-pris\u00e3o de <a href=\"https:\/\/litci.org\/pt\/2024\/03\/20\/quem-e-nayib-bukele\/\">Bukele<\/a>. O governo alegou v\u00ednculos com a gangue Tren de Aragua, mas v\u00e1rios deportados tinham processos de asilo ativos e n\u00e3o haviam recebido ordens formais de remo\u00e7\u00e3o. Um juiz chegou a ordenar o retorno de parte deles quando os voos j\u00e1 estavam em andamento.<\/p>\n\n\n\n<p>Em paralelo, outros imigrantes com vistos v\u00e1lidos enfrentaram barreiras ao tentar retornar aos EUA. A doutora Rasha Alawieh, por exemplo, foi impedida de entrar ap\u00f3s agentes encontrarem em seu celular imagens de l\u00edderes do Hezbollah. Embora ela alegue que as fotos foram tiradas em um funeral, isso foi usado como justificativa para sua deporta\u00e7\u00e3o.<\/p>\n\n\n\n<p>As pol\u00edticas de imigra\u00e7\u00e3o de Trump t\u00eam gerado preocupa\u00e7\u00f5es significativas entre defensores dos direitos dos imigrantes e organiza\u00e7\u00f5es de direitos humanos. A implementa\u00e7\u00e3o de deporta\u00e7\u00f5es em massa, deten\u00e7\u00f5es prolongadas e restri\u00e7\u00f5es a pedidos de asilo s\u00e3o viola\u00e7\u00f5es dos direitos fundamentais dos imigrantes. Para uma an\u00e1lise mais aprofundada sobre a mobiliza\u00e7\u00e3o de imigrantes e seus aliados contra os ataques de Trump, recomenda-se a leitura do artigo \u201c<a href=\"https:\/\/litci.org\/pt\/2025\/03\/06\/imigrantes-e-seus-aliados-se-mobilizam-contra-os-ataques-de-trump\">Imigrantes e seus aliados se mobilizam contra os ataques de Trump<\/a>\u201d.<\/p>\n\n\n\n<p>As manifesta\u00e7\u00f5es \u201cHands Off!\u201d refletem uma crescente resist\u00eancia \u00e0s pol\u00edticas da administra\u00e7\u00e3o Trump, enfatizando a defesa de servi\u00e7os p\u00fablicos, direitos civis e o apoio \u00e0s comunidades imigrantes nos Estados Unidos.<\/p>\n","protected":false},"excerpt":{"rendered":"<p>Por: Marcel Wando No \u00faltimo s\u00e1bado, 5 de abril de 2025, centenas de milhares de pessoas participaram das manifesta\u00e7\u00f5es &#8216;Hands Off!&#8217; em todo os Estados Unidos, expressando oposi\u00e7\u00e3o \u00e0s pol\u00edticas do presidente Donald Trump e de seu assessor Elon Musk. As cifras neste momento s\u00e3o iniciais, e \u00e9 poss\u00edvel que as cifras das multid\u00f5es tenham [&hellip;]<\/p>\n","protected":false},"author":7,"featured_media":80912,"menu_order":0,"comment_status":"open","ping_status":"open","sticky":false,"template":"","format":"standard","meta":{"litci_post_political_author":"","footnotes":""},"categories":[3519],"tags":[9119,7122,20],"class_list":["post-80910","post","type-post","status-publish","format-standard","has-post-thumbnail","hentry","category-eua","tag-hands-off","tag-marcel-wando","tag-trump"],"fimg_url":"https:\/\/litci.org\/pt\/wp-content\/uploads\/2025\/04\/Captura-de-tela_7-4-2025_9447_midiarondonia.com_.br_.jpeg","categories_names":["Estados Unidos"],"author_info":{"name":"lena","pic":"https:\/\/secure.gravatar.com\/avatar\/b9eb35b4c023b96c29c4a145a82c6c381b68f2c889c5427106ad5aab6df45b9d?s=96&d=mm&r=g"},"political_author":null,"tagline":"","_links":{"self":[{"href":"https:\/\/litci.org\/pt\/wp-json\/wp\/v2\/posts\/80910","targetHints":{"allow":["GET"]}}],"collection":[{"href":"https:\/\/litci.org\/pt\/wp-json\/wp\/v2\/posts"}],"about":[{"href":"https:\/\/litci.org\/pt\/wp-json\/wp\/v2\/types\/post"}],"author":[{"embeddable":true,"href":"https:\/\/litci.org\/pt\/wp-json\/wp\/v2\/users\/7"}],"replies":[{"embeddable":true,"href":"https:\/\/litci.org\/pt\/wp-json\/wp\/v2\/comments?post=80910"}],"version-history":[{"count":1,"href":"https:\/\/litci.org\/pt\/wp-json\/wp\/v2\/posts\/80910\/revisions"}],"predecessor-version":[{"id":80913,"href":"https:\/\/litci.org\/pt\/wp-json\/wp\/v2\/posts\/80910\/revisions\/80913"}],"wp:featuredmedia":[{"embeddable":true,"href":"https:\/\/litci.org\/pt\/wp-json\/wp\/v2\/media\/80912"}],"wp:attachment":[{"href":"https:\/\/litci.org\/pt\/wp-json\/wp\/v2\/media?parent=80910"}],"wp:term":[{"taxonomy":"category","embeddable":true,"href":"https:\/\/litci.org\/pt\/wp-json\/wp\/v2\/categories?post=80910"},{"taxonomy":"post_tag","embeddable":true,"href":"https:\/\/litci.org\/pt\/wp-json\/wp\/v2\/tags?post=80910"}],"curies":[{"name":"wp","href":"https:\/\/api.w.org\/{rel}","templated":true}]}}