{"id":80728,"date":"2025-03-09T16:10:08","date_gmt":"2025-03-09T16:10:08","guid":{"rendered":"https:\/\/litci.org\/pt\/?p=80728"},"modified":"2025-03-09T16:10:10","modified_gmt":"2025-03-09T16:10:10","slug":"8m-milei-empresarios-e-o-fmi-querem-apagar-as-conquistas-femininas-e-das-diversidades","status":"publish","type":"post","link":"https:\/\/litci.org\/pt\/2025\/03\/09\/8m-milei-empresarios-e-o-fmi-querem-apagar-as-conquistas-femininas-e-das-diversidades\/","title":{"rendered":"8M: Milei, empres\u00e1rios e o FMI querem apagar as conquistas femininas e das diversidades"},"content":{"rendered":"\n<p>Por: Secretaria de Mulheres \/ PSTU \u2013 Argentina<\/p>\n\n\n\n<p><strong>Apoiar e unir as lutas para impedir isso!<\/strong><\/p>\n\n\n\n<p>O Governo continua aplicando medidas econ\u00f4micas antioper\u00e1rias, corta sal\u00e1rios e aposentadorias, imp\u00f5e aumentos abaixo da infla\u00e7\u00e3o e pretende aprofundar a Reforma Trabalhista.<\/p>\n\n\n\n<p>Continua mostrando seu plano, tanto economicamente quanto na inten\u00e7\u00e3o de varrer todos os direitos dos e das trabalhadores\/as, pelos quais lutamos h\u00e1 muitos anos em todos os n\u00edveis.<\/p>\n\n\n\n<p>Por sua vez, as empresas est\u00e3o come\u00e7ando a \u201creduzir funcion\u00e1rios\u201d e a perseguir e demitir aqueles que s\u00e3o mais rebeldes. Dessa forma, querem bloquear toda resist\u00eancia oper\u00e1ria ao esvaziamento, ao aumento do ritmo para maior produtividade e ao seu desejo por mais explora\u00e7\u00e3o, como j\u00e1 acontece nas f\u00e1bricas, atacando especialmente as mulheres.<\/p>\n\n\n\n<p><strong>Mulheres e diversidades na mira do Governo<\/strong><\/p>\n\n\n\n<p>Desde o in\u00edcio, Milei atacou sistematicamente os setores mais vulner\u00e1veis.<\/p>\n\n\n\n<p>Deixou v\u00edtimas de viol\u00eancia de g\u00eanero sem assist\u00eancia, fechando o Minist\u00e9rio da Mulher e outros servi\u00e7os que, embora deficientes, eram um lugar para se recorrer. Ele se gaba de 40.000 demiss\u00f5es no Estado: isso significa desmantelar hospitais, universidades e v\u00e1rios departamentos, onde a maioria s\u00e3o mulheres. Mas ao mesmo tempo usa o Estado para reprimir, controlar e regular atrav\u00e9s de leis a servi\u00e7o dos patr\u00f5es e do imperialismo.<\/p>\n\n\n\n<p>As mulheres e diversidades continuam sofrendo viol\u00eancia machista em todas as suas formas. At\u00e9 agora, em 2025, 1 mulher \u00e9 assassinada a cada 20 horas por seu companheiro, ex-companheiro e\/ou conhecido. Somos mortas por sermos mulheres e pessoas LGBT+ s\u00e3o mortas por sua orienta\u00e7\u00e3o sexual.<\/p>\n\n\n\n<p>O Governo nega que o feminic\u00eddio exista e quer elimin\u00e1-lo como crime, assim como nega os 30 mil desaparecidos e os crimes da Ditadura. Tamb\u00e9m se op\u00f5e \u00e0 interrup\u00e7\u00e3o volunt\u00e1ria da gravidez, \u00e0s cotas trans e ao treinamento em viol\u00eancia de g\u00eanero.<\/p>\n\n\n\n<p>Para Milei n\u00e3o h\u00e1 discrimina\u00e7\u00e3o trabalhista. Ent\u00e3o por que as mulheres ganham menos pelo mesmo trabalho, sofrem ass\u00e9dio e outros danos? E n\u00e3o termina no trabalho: somos n\u00f3s que temos que voltar para casa e continuar com as tarefas, depois de horas de trajeto.<\/p>\n\n\n\n<p><strong>8 de mar\u00e7o: aproveitar para apoiar e unir as lutas<\/strong><\/p>\n\n\n\n<p>Embora os ataques continuem, a CGT e as CTAs, assim como a maioria da lideran\u00e7a do movimento de mulheres, esfriaram as greves, as mobiliza\u00e7\u00f5es e qualquer tentativa de organizar a resist\u00eancia. Parte do peronismo apoia o Governo, e outra, incluindo Cristina Fern\u00e1ndez, \u201cdeixa as coisas andarem\u201d.<\/p>\n\n\n\n<p>Ent\u00e3o, vamos fazer o que sabemos fazer: tomar a situa\u00e7\u00e3o em nossas m\u00e3os, nos organizar com todos os setores que est\u00e3o lutando para enfrentar os ataques.<\/p>\n\n\n\n<p>Este 8 de mar\u00e7o, e depois o dia 24, \u00e9 uma oportunidade de ir \u00e0s ruas, junto com o resto dos trabalhadores, assim como na marcha de 1\u00ba de fevereiro, e planejar como nos defender da viol\u00eancia: do Estado, dos patr\u00f5es, das lideran\u00e7as traidoras e do machismo, enfrentando o protocolo de Bullrich.<\/p>\n\n\n\n<p>\u2022 Contra o desastroso plano econ\u00f4mico de Milei e seus c\u00famplices.<\/p>\n\n\n\n<p>\u2022 Pela defesa dos direitos das mulheres e diversidades.<\/p>\n\n\n\n<p>\u2022 N\u00e3o \u00e0 elimina\u00e7\u00e3o da figura criminal do feminic\u00eddio.<\/p>\n\n\n\n<p>\u2022 Acabar com a persegui\u00e7\u00e3o \u00e0s minorias oprimidas.<\/p>\n\n\n\n<p>\u2022 Sal\u00e1rio m\u00ednimo que cubra a cesta b\u00e1sica da fam\u00edlia. N\u00e3o ao aumento de ritmos e piores condi\u00e7\u00f5es de trabalho.<\/p>\n\n\n\n<p>\u2022 Reintegra\u00e7\u00e3o de todos os\/as demitidos\/as.<\/p>\n\n\n\n<p>\u2022 Dinheiro para sal\u00e1rios, aposentadorias, sa\u00fade, educa\u00e7\u00e3o, moradia, empregos. N\u00e3o para o FMI ou para reprimir aqueles que lutam.<\/p>\n\n\n\n<p>Venha com Lucha Mujer \/ PSTU ao chamado da Coordenadora do Parque Lezama.<\/p>\n\n\n\n<p>S\u00e1bado, 8 de mar\u00e7o \u00e0s 16h. Marcha do Congresso at\u00e9 a Plaza de Mayo.<\/p>\n","protected":false},"excerpt":{"rendered":"<p>Por: Secretaria de Mulheres \/ PSTU \u2013 Argentina Apoiar e unir as lutas para impedir isso! O Governo continua aplicando medidas econ\u00f4micas antioper\u00e1rias, corta sal\u00e1rios e aposentadorias, imp\u00f5e aumentos abaixo da infla\u00e7\u00e3o e pretende aprofundar a Reforma Trabalhista. Continua mostrando seu plano, tanto economicamente quanto na inten\u00e7\u00e3o de varrer todos os direitos dos e das [&hellip;]<\/p>\n","protected":false},"author":7,"featured_media":80729,"menu_order":0,"comment_status":"open","ping_status":"open","sticky":false,"template":"","format":"standard","meta":{"litci_post_political_author":"Secretaria de Mulheres \/ PSTU Argentina","footnotes":""},"categories":[9086,3493,3923],"tags":[9087,505],"class_list":["post-80728","post","type-post","status-publish","format-standard","has-post-thumbnail","hentry","category-8m-2025","category-mulheres","category-opressao","tag-8m-2025","tag-lucha-mujer"],"fimg_url":"https:\/\/litci.org\/pt\/wp-content\/uploads\/2025\/03\/Argentina-1.jpg","categories_names":["8M 2025","Mulheres","Opress\u00e3o"],"author_info":{"name":"lena","pic":"https:\/\/secure.gravatar.com\/avatar\/b9eb35b4c023b96c29c4a145a82c6c381b68f2c889c5427106ad5aab6df45b9d?s=96&d=mm&r=g"},"political_author":"Secretaria de Mulheres \/ PSTU Argentina","tagline":"","_links":{"self":[{"href":"https:\/\/litci.org\/pt\/wp-json\/wp\/v2\/posts\/80728","targetHints":{"allow":["GET"]}}],"collection":[{"href":"https:\/\/litci.org\/pt\/wp-json\/wp\/v2\/posts"}],"about":[{"href":"https:\/\/litci.org\/pt\/wp-json\/wp\/v2\/types\/post"}],"author":[{"embeddable":true,"href":"https:\/\/litci.org\/pt\/wp-json\/wp\/v2\/users\/7"}],"replies":[{"embeddable":true,"href":"https:\/\/litci.org\/pt\/wp-json\/wp\/v2\/comments?post=80728"}],"version-history":[{"count":1,"href":"https:\/\/litci.org\/pt\/wp-json\/wp\/v2\/posts\/80728\/revisions"}],"predecessor-version":[{"id":80730,"href":"https:\/\/litci.org\/pt\/wp-json\/wp\/v2\/posts\/80728\/revisions\/80730"}],"wp:featuredmedia":[{"embeddable":true,"href":"https:\/\/litci.org\/pt\/wp-json\/wp\/v2\/media\/80729"}],"wp:attachment":[{"href":"https:\/\/litci.org\/pt\/wp-json\/wp\/v2\/media?parent=80728"}],"wp:term":[{"taxonomy":"category","embeddable":true,"href":"https:\/\/litci.org\/pt\/wp-json\/wp\/v2\/categories?post=80728"},{"taxonomy":"post_tag","embeddable":true,"href":"https:\/\/litci.org\/pt\/wp-json\/wp\/v2\/tags?post=80728"}],"curies":[{"name":"wp","href":"https:\/\/api.w.org\/{rel}","templated":true}]}}