{"id":80545,"date":"2025-02-04T22:41:30","date_gmt":"2025-02-04T22:41:30","guid":{"rendered":"https:\/\/litci.org\/pt\/?p=80545"},"modified":"2025-02-21T14:33:13","modified_gmt":"2025-02-21T14:33:13","slug":"as-receitas-de-davos-2025-ia-e-ajuste","status":"publish","type":"post","link":"https:\/\/litci.org\/pt\/2025\/02\/04\/as-receitas-de-davos-2025-ia-e-ajuste\/","title":{"rendered":"As receitas de Davos 2025: IA e ajuste"},"content":{"rendered":"\n<p>Por: Alejandro Iturbe |<\/p>\n\n\n\n<p><em>Recentemente, foi realizada uma nova reuni\u00e3o anual do F\u00f3rum Econ\u00f4mico Mundial (FEM), mais conhecida como F\u00f3rum de Davos, devido \u00e0 cidade su\u00ed\u00e7a em que, em meio a um grande luxo, essas reuni\u00f5es s\u00e3o realizadas. Junto com as novas estrelas da &#8220;nova burguesia tecnol\u00f3gica&#8221;, a participa\u00e7\u00e3o de Donald Trump e do presidente argentino Javier Milei foram muito destacadas. O que aconteceu nesta reuni\u00e3o do FEM? <\/em><em><\/em><\/p>\n\n\n\n<p>O FEM Davos foi fundado em 1971 por iniciativa do economista alem\u00e3o Klaus Martin Schwab, para realizar reuni\u00f5es anuais dos CEOs das grandes empresas e bancos do mundo, dos l\u00edderes pol\u00edticos das principais pot\u00eancias, dos presidentes de organiza\u00e7\u00f5es financeiras internacionais como o FMI, o Banco Mundial e o BCE. A eles se somavam economistas, analistas pol\u00edticos e intelectuais.<\/p>\n\n\n\n<p>Como diz um artigo que publicamos no ano passado, as elites mais ricas e poderosas do capitalismo mundial (<em>La cr\u00e8me de la cr\u00e8me)<\/em> se reuniram para analisar os problemas mais s\u00e9rios enfrentados pelo sistema capitalista e elaborar propostas para respond\u00ea-los<a href=\"#_ftn1\" id=\"_ftnref1\">[1]<\/a>. Uma informa\u00e7\u00e3o mostra nitidamente esse conte\u00fado de classe do FEM: <em>&#8220;<\/em><em>O F\u00f3rum \u00e9 financiado com as contribui\u00e7\u00f5es de cerca de mil empresas associadas. A empresa membro t\u00edpica \u00e9 uma empresa global com mais de cinco bilh\u00f5es de d\u00f3lares em volume de neg\u00f3cios.&#8221;<a href=\"#_ftn2\" id=\"_ftnref2\"><strong>[2]<\/strong><\/a><\/em><\/p>\n\n\n\n<p>A crise econ\u00f4mico-financeira internacional que eclodiu em 2007-2008, e suas consequ\u00eancias, provocaram uma crise do pr\u00f3prio FEM Davos como um &#8220;farol&#8221; do capitalismo imperialista, devido \u00e0 sua incapacidade de elaborar propostas vi\u00e1veis e eficazes. Banqueiros, chefes de organiza\u00e7\u00f5es financeiras internacionais e economistas ortodoxos deixaram de ser as &#8220;estrelas&#8221; que todos queriam ouvir e come\u00e7aram a ser cercados de descr\u00e9dito. As novas tecnologias e sua aplica\u00e7\u00e3o estavam ocupando o centro do palco. Essa mudan\u00e7a foi nitidamente evidenciada na reuni\u00e3o de 2010, onde o tema foi <em>&#8220;Dominando a Quarta Revolu\u00e7\u00e3o Industrial&#8221;.<\/em><\/p>\n\n\n\n<p>O cen\u00e1rio continuou sendo o exclusivo e muito caro centro internacional de esqui. Mas o FEM se tornou uma esp\u00e9cie de<em> Shark Tank<a href=\"#_ftn3\" id=\"_ftnref3\"><strong>[3]<\/strong><\/a><\/em> de luxo&nbsp; no qual alguns &#8220;inovadores tecnol\u00f3gicos&#8221; economizaram por anos para pagar a taxa b\u00e1sica de inscri\u00e7\u00e3o de US $ 20.000 e o custo de um hotel de m\u00e9dio porte, bebidas, comida e roupas adequadas. Era um &#8220;investimento&#8221; para poder oferecer suas ideias e conseguir investidores entre grandes empresas. Os presidentes latino-americanos tamb\u00e9m participam para &#8220;oferecer&#8221; seus pa\u00edses a &#8220;grandes investidores&#8221; (Lula do Brasil o fez em 2010 e Macri da Argentina em 2018).<\/p>\n\n\n\n<p><strong>Davos aprofunda seu &#8220;giro tecnol\u00f3gico&#8221;<\/strong><strong><\/strong><\/p>\n\n\n\n<p>N\u00e3o foi por acaso, ent\u00e3o, que um dos pontos centrais das confer\u00eancias e reuni\u00f5es foi sobre Intelig\u00eancia Artificial (IA).<a href=\"#_ftn4\" id=\"_ftnref4\">[4]<\/a> N\u00e3o s\u00f3 em termos de fabrica\u00e7\u00e3o de chips e hardware e fabrica\u00e7\u00e3o de novos produtos, mas, fundamentalmente, em sua aplica\u00e7\u00e3o, como ferramenta para reduzir empregos e aumentar a produtividade do trabalhador.<\/p>\n\n\n\n<p>Por isso, uma das &#8220;estrelas tecnol\u00f3gicas&#8221; do FEM foi Marc Benioff, fundador e CEO da Salesfore, fundada em 1999 e atualmente a empresa mais importante no que se chama de CRM (Customer Relationship Management- Gest\u00e3o de Relacionamento com o Cliente). Benioff realizou in\u00fameras reuni\u00f5es em Davos, incluindo, como veremos, com Javier Milei.<\/p>\n\n\n\n<p><strong>Discurso de Trump<\/strong><strong><\/strong><\/p>\n\n\n\n<p>H\u00e1 poucos dias, Donald Trump foi empossado novamente como presidente dos Estados Unidos. Antes disso, em seu estilo vociferante, havia anunciado que, durante seu mandato, seu pa\u00eds recuperaria a propriedade do Canal do Panam\u00e1, compraria a ilha da Groenl\u00e2ndia e que o Canad\u00e1 deveria se tornar parte dos EUA.<a href=\"#_ftn5\" id=\"_ftnref5\">[5]<\/a>. No entanto, sua a\u00e7\u00e3o internacional imediata foi <em>&#8220;pressionar agressivamente&#8221;<\/em> o governo israelense de Benjamin Netanyahu a aceitar um cessar-fogo em Gaza (algo que at\u00e9 agora Netanyahu se recusava terminantemente a assinar).<a href=\"#_ftn6\" id=\"_ftnref6\">[6]<\/a> Ao mesmo tempo, j\u00e1 come\u00e7ou a implementar o plano de deporta\u00e7\u00e3o de imigrantes que prop\u00f4s em sua campanha.<\/p>\n\n\n\n<p>Em Davos, Trump reafirmou sua disposi\u00e7\u00e3o de se encontrar com Putin para acabar com a guerra na Ucr\u00e2nia (<em>um &#8220;campo de assassinatos absoluto&#8221;).<\/em> Certamente, em sua cabe\u00e7a est\u00e1 o plano j\u00e1 proposto por Biden: entregar a Putin a faixa oriental do pa\u00eds que ele agora domina (e assim dar-lhe uma &#8220;retirada digna&#8221; da guerra) e pressionar Zelensky e a burguesia ucraniana a aceitar essa divis\u00e3o<a href=\"#_ftn7\" id=\"_ftnref7\">[7]<\/a>.<\/p>\n\n\n\n<p>Ao mesmo tempo, em compara\u00e7\u00e3o com seu estilo habitual, seu discurso para os grandes empres\u00e1rios do mundo foi &#8220;tranquilo&#8221;, mas muito n\u00edtido: <em>&#8220;Minha mensagem \u00e9 muito simples, venham fabricar seus produtos nos Estados Unidos&#8221;.<a href=\"#_ftn8\" id=\"_ftnref8\"><strong>[8]<\/strong><\/a> <\/em>Para apoiar esse apelo para investir em seu pa\u00eds, Trump acrescentou que <em>&#8220;lhes <\/em><em>daremos alguns dos impostos mais baixos de qualquer na\u00e7\u00e3o da Terra&#8221;. <\/em>Precisamente, um grande corte de impostos para as empresas \u00e9 um ponto central da pol\u00edtica econ\u00f4mica que Trump quer aplicar (ele j\u00e1 havia feito um corte significativo em seu primeiro mandato).<\/p>\n\n\n\n<p>Ao mesmo tempo, anunciou que a partir de 1\u00ba de fevereiro aplicar\u00e1 uma pol\u00edtica protecionista, com tarifas sobre todas as importa\u00e7\u00f5es feitas por seu pa\u00eds, que atualmente \u00e9 o principal importador do mundo e tem um d\u00e9ficit significativo em sua balan\u00e7a comercial. Por ordem de valor das importa\u00e7\u00f5es, os principais pa\u00edses de origem s\u00e3o China, Canad\u00e1, Alemanha, M\u00e9xico e Jap\u00e3o.<\/p>\n\n\n\n<p>As importa\u00e7\u00f5es da China t\u00eam um tratamento diferenciado. At\u00e9 agora, os carros el\u00e9tricos tinham uma tarifa de 100% e o a\u00e7o e alum\u00ednio de 25%. Eletr\u00f4nicos acabados, como telefones celulares, tablets, computadores pessoais e monitores, n\u00e3o pagavam tarifas. Tampouco pagavam os considerados &#8220;produtos manufaturados diversos&#8221; (joias, brinquedos, roupas esportivas e alguns eletrodom\u00e9sticos).<\/p>\n\n\n\n<p>Agora dever\u00e3o pagar uma &#8220;tarifa geral&#8221; de 10%.<a href=\"#_ftn9\" id=\"_ftnref9\">[9]<\/a> Isso aumentar\u00e1 os custos de empresas como Apple e Microsoft, que fabricam seus produtos na China e depois os &#8220;importam&#8221;. Tamb\u00e9m para a grande rede comercial WalMart que importa da China muitos dos produtos que vende, fabricados por empresas chinesas &#8220;cativas&#8221;. Essa tarifa geral de 10% tamb\u00e9m ser\u00e1 aplicada \u00e0s importa\u00e7\u00f5es origin\u00e1rias da Alemanha, Jap\u00e3o e outros pa\u00edses.<\/p>\n\n\n\n<p>Ao mesmo tempo, anunciou que aplicar\u00e1 uma tarifa de 25% sobre as importa\u00e7\u00f5es origin\u00e1rias do Canad\u00e1 e do M\u00e9xico, que at\u00e9 agora n\u00e3o pagavam nada, dado o acordo de livre com\u00e9rcio com os Estados Unidos (NAFTA- Acordo de Livre Com\u00e9rcio da Am\u00e9rica do Norte), assinado em 1992. De qualquer forma, s\u00e3o pa\u00edses diferentes.<\/p>\n\n\n\n<p>O Canad\u00e1 \u00e9 um pa\u00eds imperialista forte que desenvolveu sua economia associando-se ao &#8220;irm\u00e3o mais velho&#8221;, acessando assim seu grande mercado interno, para o qual exporta petr\u00f3leo bruto e refinado, g\u00e1s natural, ve\u00edculos leves e pesados e m\u00e1quinas. Essa acumula\u00e7\u00e3o permitiu que sua burguesia se expandisse e se transformasse em uma das principais pot\u00eancias da minera\u00e7\u00e3o mundial com pesados investimentos em v\u00e1rios pa\u00edses semicoloniais (Argentina, M\u00e9xico e Peru).<\/p>\n\n\n\n<p>O M\u00e9xico \u00e9 um pa\u00eds semicolonial que &#8220;sofreu&#8221; as consequ\u00eancias do NAFTA. Por um lado, a agricultura tradicional baseada no milho, bombardeada pela produ\u00e7\u00e3o subsidiada dos EUA, foi reduzida.&nbsp; Ao mesmo tempo, sua ind\u00fastria dom\u00e9stica foi bastante reduzida e transformada em montadoras para empresas estadunidenses (especialmente no norte do pa\u00eds), cujos produtos s\u00e3o ent\u00e3o &#8220;exportados para os EUA por essas empresas ou pelas empresas subsidi\u00e1rias &#8220;nacionais&#8221;. Uma parte inteira da economia mexicana \u00e9 baseada nessas montadoras. Mas, al\u00e9m de suas profundas diferen\u00e7as, a medida de Trump representa um duro golpe para as economias do Canad\u00e1 e do M\u00e9xico.<\/p>\n\n\n\n<p>Trump afirma que devolver\u00e1 os EUA \u00e0 sua &#8220;idade de ouro&#8221;, quando seu pa\u00eds se tornou a pot\u00eancia imperialista hegem\u00f4nica e, nesse quadro, a principal pot\u00eancia industrial. Isso come\u00e7ou a mudar na d\u00e9cada de 1980 com a chamada globaliza\u00e7\u00e3o, quando a burguesia imperialista estadunidense come\u00e7ou a transferir uma parte significativa de sua produ\u00e7\u00e3o industrial para pa\u00edses com custos trabalhistas muito mais baixos (os Tigres Asi\u00e1ticos, China e as montadoras no M\u00e9xico e em outros pa\u00edses). A economia dos EUA se concentrou em dominar o sistema financeiro global e em controlar rigidamente as novas tecnologias.<\/p>\n\n\n\n<p>Trump est\u00e1 tentando reverter esse processo e pressionar as empresas a voltarem a fazer investimentos industriais nos EUA. Por um lado, por meio de vantagens fiscais que compensem os custos trabalhistas dom\u00e9sticos mais altos, algo que a maioria da burguesia americana certamente apoiar\u00e1 (assim como fez em seu primeiro mandato). Por outro lado, por meio de tarifas que aumentam o pre\u00e7o desses produtos importados. Sobre este \u00faltimo ponto, Trump pretende &#8220;ir contra a vida&#8221;. Ou seja, contra as tend\u00eancias objetivas da atual din\u00e2mica de acumula\u00e7\u00e3o do capitalismo imperialista.&nbsp;&nbsp;&nbsp;&nbsp;<\/p>\n\n\n\n<p><strong>O discurso de Milei e o &#8220;laborat\u00f3rio argentino&#8221; <\/strong><strong><\/strong><\/p>\n\n\n\n<p>A participa\u00e7\u00e3o do presidente argentino Javier Milei foi uma das mais comentadas pela imprensa internacional. Na reuni\u00e3o central, Milei fez um discurso repugnante cheio de \u00f3dio contra a comunidade LGBTQ+ e nega\u00e7\u00e3o da opress\u00e3o e viol\u00eancia machista contra as mulheres. Em Davos, os participantes do FEM optaram por permanecer em sil\u00eancio e &#8220;fazer de conta que n\u00e3o ouviram&#8221;.<\/p>\n\n\n\n<p>Mas, na Argentina, houve sim uma rea\u00e7\u00e3o. Um grupo de ativistas da comunidade LGBTQ+ convocou uma assembleia em 27 de janeiro, que contou com a presen\u00e7a de milhares de pessoas. Nessa assembleia, al\u00e9m do rep\u00fadio a Milei, resolveu-se convocar uma Marcha Federal do Orgulho Antifascista e Antirracista para s\u00e1bado, 1\u00ba de fevereiro, em Buenos Aires e em outras cidades do pa\u00eds. Um grande n\u00famero de setores e organiza\u00e7\u00f5es est\u00e1 aderindo e convocando a marcha, que pode se tornar uma express\u00e3o unificada de luta contra o governo Milei.<\/p>\n\n\n\n<p>Ao mesmo tempo, Milei participou de muitas reuni\u00f5es menores. Nelas, CEOs e outros participantes expressaram uma ideia formulada no ano passado pelo economista franc\u00eas Robert Boyer: a Argentina \u00e9 o laborat\u00f3rio de um experimento social sobre quanto ajuste uma sociedade pode suportar sem se rebelar ou explodir<a href=\"#_ftn10\" id=\"_ftnref10\">[10]<\/a>. Ou seja, eles est\u00e3o observando com expectativa a din\u00e2mica argentina para ver at\u00e9 que ponto as pol\u00edticas de &#8220;ajuste duro&#8221; podem ser aplicadas sem que isso leve a uma explos\u00e3o.<\/p>\n\n\n\n<p>\u00c9 interessante notar que o governo Donald Trump pretende aplicar um forte ajuste do or\u00e7amento fiscal dos EUA, especialmente dos gastos sociais. Esse ajuste \u00e9 essencial do ponto de vista burgu\u00eas diante da diminui\u00e7\u00e3o da renda que a redu\u00e7\u00e3o dos impostos sobre as empresas representar\u00e1. Quem est\u00e1 planejando esse ajuste \u00e9 Elon Musk, que elogia permanentemente Milei e seu ajuste brutal. Musk j\u00e1 alertou que a base m\u00ednima para esse ajuste ser\u00e1 cortar despesas em 26%.<a href=\"#_ftn11\" id=\"_ftnref11\">[11]<\/a>&nbsp;<\/p>\n\n\n\n<p><strong>Procurando &#8220;investidores&#8221;<\/strong><strong><\/strong><\/p>\n\n\n\n<p>Uma vez que seu discurso de \u00f3dio foi proferido, Milei se dedicou ao objetivo central de sua viagem: procurar &#8220;investidores internacionais&#8221; para &#8220;vender-lhes o pa\u00eds&#8221;. Concretamente, conseguiu um investidor: Marc Benioff, fundador e CEO da Salesforce, que <em>&#8220;se comprometeu a investir 500 milh\u00f5es de d\u00f3lares no pa\u00eds nos pr\u00f3ximos cinco anos&#8221;.<a href=\"#_ftn12\" id=\"_ftnref12\"><strong>[12]<\/strong><\/a><\/em><\/p>\n\n\n\n<p>A Salesforce \u00e9 uma grande empresa estadunidense de tecnologia, especializada em <em>&#8220;inova\u00e7\u00e3o de IA, transforma\u00e7\u00e3o digital e desenvolvimento da for\u00e7a de trabalho&#8221;. <\/em>Seu projeto \u00e9 criar um &#8220;polo tecnol\u00f3gico&#8221; na Argentina que ser\u00e1 sua base na Am\u00e9rica Latina. No pa\u00eds, ser\u00e1 a empresa que &#8220;digitalizar\u00e1&#8221; o Departamento de Estado e atender\u00e1 empresas l\u00edderes como BBVA, Ford Argentina e Telecom<a href=\"#_ftn13\" id=\"_ftnref13\">[13]<\/a>.<\/p>\n\n\n\n<p>Benioff est\u00e1 tentando seguir o caminho de Elon Musk, a quem Milei vender\u00e1 a estatal ARSAT (com forte peso nas telecomunica\u00e7\u00f5es do pa\u00eds) e a esvaziar\u00e1 para privatiz\u00e1-la<a href=\"#_ftn14\" id=\"_ftnref14\">[14]<\/a>. Al\u00e9m disso, Milei emitiu um decreto &#8220;desregulamentando as comunica\u00e7\u00f5es no pa\u00eds&#8221;. Nesse campo, o projeto de Musk \u00e9 que a Argentina se torne a base continental de sua empresa Starlink (especializada em internet de alta velocidade por meio de sat\u00e9lites).<a href=\"#_ftn15\" id=\"_ftnref15\">[15]<\/a> Musk j\u00e1 havia anunciado que instalaria uma f\u00e1brica de carros el\u00e9tricos da Tesla na Argentina, a primeira dessa empresa na Am\u00e9rica Latina. Musk aproveita assim a &#8220;mesa servida de benef\u00edcios&#8221; oferecida pelo amigo Milei.<\/p>\n\n\n\n<p><strong>A reuni\u00e3o com o FMI<\/strong><strong><\/strong><\/p>\n\n\n\n<p>Em Davos, Milei tamb\u00e9m se reuniu com Gita Gopinath, vice-presidente do FMI, organiza\u00e7\u00e3o financeira internacional que h\u00e1 d\u00e9cadas &#8220;supervisiona&#8221; a pol\u00edtica econ\u00f4mica da Argentina nas sucessivas &#8220;renegocia\u00e7\u00f5es&#8221; da d\u00edvida externa do pa\u00eds, para garantir seu pagamento. Desde sua posse, Milei e seu ministro da Economia, Dante Caputo, pedem ao FMI que, al\u00e9m de facilitar as renegocia\u00e7\u00f5es, fa\u00e7am um empr\u00e9stimo adicional de 10\/15 bilh\u00f5es de d\u00f3lares para fortalecer as reservas do Banco Central e assim poder eliminar o &#8220;grampo cambial&#8221; (restri\u00e7\u00f5es \u00e0 compra de d\u00f3lares no sistema banc\u00e1rio oficial) que origina a exist\u00eancia de um mercado de c\u00e2mbio oficial e paralelo.<\/p>\n\n\n\n<p>At\u00e9 agora, o FMI tem relutado em fornecer esse empr\u00e9stimo adicional. Pouco depois da c\u00fapula de Davos, uma miss\u00e3o dessa organiza\u00e7\u00e3o esteve em Buenos Aires: elogiou a pol\u00edtica de ajuste de Milei e seus &#8220;avan\u00e7os&#8221; na &#8220;estabiliza\u00e7\u00e3o macroecon\u00f4mica&#8221;, mas n\u00e3o liberou um \u00fanico d\u00f3lar novo<a href=\"#_ftn16\" id=\"_ftnref16\">[16]<\/a>.&nbsp; Nesse contexto, o governo de Milei emitir\u00e1 um t\u00edtulo para tentar obter esses fundos no setor financeiro privado<a href=\"#_ftn17\" id=\"_ftnref17\">[17]<\/a>.<\/p>\n\n\n\n<p>Na reuni\u00e3o de Davos, Milei perguntou a Gospinath <em>&#8220;o que seu governo deveria fazer para atrair investimentos estrangeiros?&#8221;<a href=\"#_ftn18\" id=\"_ftnref18\"><strong>[18]<\/strong><\/a><\/em>. Ela respondeu que deveria oferecer <em>&#8220;<\/em><em>um entorno que gere investimento privado&#8221;.<\/em><\/p>\n\n\n\n<p>Lembremos que o governo Milei j\u00e1 avan\u00e7ou muito em oferecer esse &#8220;entorno&#8221;: um ajuste fiscal feroz, ataques muito duros ao sal\u00e1rio e \u00e0s condi\u00e7\u00f5es de trabalho dos trabalhadores e uma estrutura legal a servi\u00e7o desses investimentos (o RIGI).<a href=\"#_ftn19\" id=\"_ftnref19\">[19]<\/a> Mesmo assim, os investimentos estrangeiros diretos (IED) chegam \u00e0 Argentina muito ocasionalmente. Os mais importantes visam a pilhagem de recursos naturais (petr\u00f3leo, g\u00e1s e minerais), e agora alguns podem chegar ao setor de tecnologia.<\/p>\n\n\n\n<p>Diante disso, Gospinath aprofundou sua an\u00e1lise dos processos globais: <em>&#8220;os investimentos [<\/em>capitalistas] <em>dom\u00e9sticos<\/em><em>&#8220;<\/em> e o <em>&#8220;entrada de capitais internacionais diminu\u00edram nos \u00faltimos 25 anos&#8221;.<\/em> Portanto, <em>&#8220;n\u00e3o h\u00e1 vento favor\u00e1vel, o vento contra continua &#8220;.<\/em> No caso da Argentina, devemos acrescentar a desconfian\u00e7a dos &#8220;grandes investidores&#8221; e do pr\u00f3prio FMI de que conseguir\u00e1 estabilizar a situa\u00e7\u00e3o sem que a <em>&#8220;sociedade&#8221;<\/em> reaja com uma <em>&#8220;explos\u00e3o social&#8221;.<\/em><\/p>\n\n\n\n<p><strong>Algumas considera\u00e7\u00f5es finais <\/strong><strong><\/strong><\/p>\n\n\n\n<p>Em numerosos artigos sobre os f\u00f3runs de Davos em anos anteriores, expressamos que este <em>think tank<\/em> (laborat\u00f3rio de ideias) do capitalismo imperialista vivia uma crise porque tinha &#8220;poucas respostas&#8221; para muitos problemas mundiais graves, como guerras, crise econ\u00f4mica, aumento crescente da pobreza, fome e destrui\u00e7\u00e3o.<\/p>\n\n\n\n<p>O \u00faltimo FEM tamb\u00e9m n\u00e3o forneceu respostas para esses problemas. No entanto, ao contr\u00e1rio dos anteriores, deu uma &#8220;receita&#8221; sobre o que se prop\u00f5e a fazer nesse quadro convulsionado. Resumimos no t\u00edtulo deste artigo: aplica\u00e7\u00e3o intensiva de IA e dur\u00edssimos ajustes.<\/p>\n\n\n\n<p>A maneira como o capitalismo usa a IA e os ajustes brutais tornam a situa\u00e7\u00e3o dos trabalhadores e das massas cada vez pior. De certa forma, isso \u00e9 inevit\u00e1vel: o mesmo capitalismo imperialista e seus governos que nos levaram a essa realidade n\u00e3o podem ser os que ir\u00e3o resolv\u00ea-la e super\u00e1-la.<\/p>\n\n\n\n<p>Por isso, n\u00f3s trabalhadores e as massas devemos realizar nosso pr\u00f3prio encontro internacional que, a curto prazo, nos permita coordenar, unificar e fortalecer as lutas na perspectiva da imprescind\u00edvel batalha global contra o capitalismo imperialista e seus governos.<\/p>\n\n\n\n<hr class=\"wp-block-separator has-alpha-channel-opacity\"\/>\n\n\n\n<p><a href=\"#_ftnref1\" id=\"_ftn1\">[1]<\/a> <a href=\"https:\/\/es.weforum.org\/events\/world-economic-forum-annual-meeting-2023\" target=\"_blank\" rel=\"noopener\">https:\/\/es.weforum.org\/events\/world-economic-forum-annual-meeting-2023<\/a><\/p>\n\n\n\n<p><a href=\"#_ftnref2\" id=\"_ftn2\">[2]<\/a> http:\/\/news.bbc.co.uk\/2\/hi\/business\/7201300.stm<\/p>\n\n\n\n<p><a href=\"#_ftnref3\" id=\"_ftn3\">[3]<\/a> Reality show de TV dos EUA, iniciado em 2009.<\/p>\n\n\n\n<p><a href=\"#_ftnref4\" id=\"_ftn4\">[4]<\/a> https:\/\/www.perfil.com\/noticias\/canal-e\/la-ia-empieza-a-tomar-relevancia-en-la-transformacion-economica-global-es-una-tecnologia-aceptada-como-una-realidad-ineludible.phtml<\/p>\n\n\n\n<p><a href=\"#_ftnref5\" id=\"_ftn5\">[5]<\/a> https:\/\/www.youtube.com\/watch?v=abuOVNz12vM<\/p>\n\n\n\n<p><a href=\"#_ftnref6\" id=\"_ftn6\">[6]<\/a> https:\/\/www.eltiempo.com\/mundo\/eeuu-y-canada\/asi-fue-la-presion-agresiva-de-donald-trump-para-que-netanyahu-e-israel-aceptaran-una-tregua-en-gaza-3417869<\/p>\n\n\n\n<p><a href=\"#_ftnref7\" id=\"_ftn7\">[7]<\/a> https:\/\/litci.org\/es\/el-imperialismo-acepta-repartir-ucrania-con-putin\/?utm_source=copylink&amp;utm_medium=browser<\/p>\n\n\n\n<p><a id=\"_ftn8\" href=\"#_ftnref8\"><\/a>\u00a0<a id=\"_ftn9\" href=\"#_ftnref9\">[9]<\/a> https:\/\/cnnespanol.cnn.com\/2025\/01\/22\/eeuu\/productos-caros-trump-arancel-productos-chinos-trax<\/p>\n\n\n\n<p><a href=\"#_ftnref10\" id=\"_ftn10\">[10]<\/a> Ver <a href=\"https:\/\/www.ihu.unisinos.br\/categorias\/640145-a-argentina-vai-se-tornar-o-laboratorio-social-do-futuro-entrevista-com-robert-boyer\" target=\"_blank\" rel=\"noopener\">https:\/\/www.ihu.unisinos.br\/categorias\/640145-a-argentina-vai-se-tornar-o-laboratorio-social-do-futuro-entrevista-com-robert-boyer<\/a><\/p>\n\n\n\n<p><a href=\"#_ftnref11\" id=\"_ftn11\">[11]<\/a> <a href=\"https:\/\/www.cronista.com\/usa\/economia-y-finanzas\/el-primer-despedido-elon-musk-reconocio-su-derrota-y-admitio-no-podra-cumplir-lo-que-le-prometio-donald-trump-fui-demasiado-optimista\/\" target=\"_blank\" rel=\"noopener\">https:\/\/www.cronista.com\/usa\/economia-y-finanzas\/el-primer-despedido-elon-musk-reconocio-su-derrota-y-admitio-no-podra-cumplir-lo-que-le-prometio-donald-trump-fui-demasiado-optimista\/<\/a><\/p>\n\n\n\n<p><a href=\"#_ftnref12\" id=\"_ftn12\">[12]<\/a> <a href=\"https:\/\/www.salesforce.com\/mx\/blog\/2025-01-22-argentina-investment\/#:~:text=SAN%20FRANCISCO%20y%20DAVOS%20%E2%80%93%2022,Foro%20Econ%C3%B3mico%20Mundial%20en%20Davos\" target=\"_blank\" rel=\"noopener\">https:\/\/www.salesforce.com\/mx\/blog\/2025-01-22-argentina-investment\/#:~:text=SAN%20FRANCISCO%20y%20DAVOS%20%E2%80%93%2022,Foro%20Econ%C3%B3mico%20Mundial%20en%20Davos<\/a>.<\/p>\n\n\n\n<p><a href=\"#_ftnref13\" id=\"_ftn13\">[13]<\/a> <a href=\"https:\/\/www.infobae.com\/economia\/2025\/01\/22\/convertir-a-la-argentina-en-un-hub-global-de-ia-y-digitalizar-el-sector-publico-como-es-el-proyecto-de-salesforce\/#:~:text=Salesforce%2C%20el%20CRM%20(empresa%20dedicada,durante%20los%20pr%C3%B3ximos%20cinco%20a%C3%B1os\" target=\"_blank\" rel=\"noopener\">https:\/\/www.infobae.com\/economia\/2025\/01\/22\/convertir-a-la-argentina-en-un-hub-global-de-ia-y-digitalizar-el-sector-publico-como-es-el-proyecto-de-salesforce\/#:~:text=Salesforce%2C%20el%20CRM%20 (empresa% 20dedicada, durante% 20 a% 20 pr % C3 % B3 ximos % 20 cinco % 20 a % C3 % B1os<\/a>.<\/p>\n\n\n\n<p><a href=\"#_ftnref14\" id=\"_ftn14\">[14]<\/a> https:\/\/www.pagina12.com.ar\/776403-el-gobierno-pone-de-remate-a-arsat-y-le-deja-la-mesa-servida<\/p>\n\n\n\n<p><a href=\"#_ftnref15\" id=\"_ftn15\">[15]<\/a> https:\/\/tn.com.ar\/tecno\/novedades\/2023\/12\/20\/que-es-starlink-el-sistema-de-internet-satelital-de-elon-musk-del-que-hablo-milei-en-la-cadena-nacional\/?gad_source=1&amp;gclid=Cj0KCQiAhvK8BhDfARIsABsPy4hGMemmI-2pWbkGhHLQWM4P5mc6Ygpog8BxSKPLDiRSuxQoeqRB9CMaAl7GEALw_wcB<\/p>\n\n\n\n<p><a href=\"#_ftnref16\" id=\"_ftn16\">[16]<\/a> https:\/\/www.ambito.com\/economia\/silenzio-stampa-del-fmi-se-fue-la-mision-y-el-gobierno-gana-tiempo-las-presiones-dolar-y-reservas-n6107796<\/p>\n\n\n\n<p><a href=\"#_ftnref17\" id=\"_ftn17\">[17]<\/a> https:\/\/www.ambito.com\/economia\/deuda-el-gobierno-javier-milei-emitira-un-nuevo-bono-del-tesoro-pesos-n6086977<\/p>\n\n\n\n<p><a href=\"#_ftnref18\" id=\"_ftn18\">[18]<\/a> https:\/\/aaaci.org.ar\/mensaje-del-fmi-que-necesita-la-argentina-para-atraer-inversion\/<\/p>\n\n\n\n<p><a href=\"#_ftnref19\" id=\"_ftn19\">[19]<\/a> https:\/\/litci.org\/es\/argentina-el-regimen-de-incentivo-a-las-grandes-inversiones-rigi-es-una-mesa-servida-para-el-imperialismo\/?utm_source=copylink&amp;utm_medium=browser<\/p>\n\n\n\n<p>Tradu\u00e7\u00e3o: L\u00edlian Enck<\/p>\n","protected":false},"excerpt":{"rendered":"<p>Por: Alejandro Iturbe | Recentemente, foi realizada uma nova reuni\u00e3o anual do F\u00f3rum Econ\u00f4mico Mundial (FEM), mais conhecida como F\u00f3rum de Davos, devido \u00e0 cidade su\u00ed\u00e7a em que, em meio a um grande luxo, essas reuni\u00f5es s\u00e3o realizadas. Junto com as novas estrelas da &#8220;nova burguesia tecnol\u00f3gica&#8221;, a participa\u00e7\u00e3o de Donald Trump e do presidente [&hellip;]<\/p>\n","protected":false},"author":7,"featured_media":80546,"menu_order":0,"comment_status":"open","ping_status":"open","sticky":false,"template":"","format":"standard","meta":{"litci_post_political_author":"Alejandro Iturbe","footnotes":""},"categories":[32],"tags":[1551,4851,8709,20],"class_list":["post-80545","post","type-post","status-publish","format-standard","has-post-thumbnail","hentry","category-economia","tag-alejandro-iturbe","tag-davos","tag-milei","tag-trump"],"fimg_url":"https:\/\/litci.org\/pt\/wp-content\/uploads\/2025\/02\/Davos-2025.png","categories_names":["Economia"],"author_info":{"name":"lena","pic":"https:\/\/secure.gravatar.com\/avatar\/b9eb35b4c023b96c29c4a145a82c6c381b68f2c889c5427106ad5aab6df45b9d?s=96&d=mm&r=g"},"political_author":"Alejandro Iturbe","tagline":"","_links":{"self":[{"href":"https:\/\/litci.org\/pt\/wp-json\/wp\/v2\/posts\/80545","targetHints":{"allow":["GET"]}}],"collection":[{"href":"https:\/\/litci.org\/pt\/wp-json\/wp\/v2\/posts"}],"about":[{"href":"https:\/\/litci.org\/pt\/wp-json\/wp\/v2\/types\/post"}],"author":[{"embeddable":true,"href":"https:\/\/litci.org\/pt\/wp-json\/wp\/v2\/users\/7"}],"replies":[{"embeddable":true,"href":"https:\/\/litci.org\/pt\/wp-json\/wp\/v2\/comments?post=80545"}],"version-history":[{"count":1,"href":"https:\/\/litci.org\/pt\/wp-json\/wp\/v2\/posts\/80545\/revisions"}],"predecessor-version":[{"id":80547,"href":"https:\/\/litci.org\/pt\/wp-json\/wp\/v2\/posts\/80545\/revisions\/80547"}],"wp:featuredmedia":[{"embeddable":true,"href":"https:\/\/litci.org\/pt\/wp-json\/wp\/v2\/media\/80546"}],"wp:attachment":[{"href":"https:\/\/litci.org\/pt\/wp-json\/wp\/v2\/media?parent=80545"}],"wp:term":[{"taxonomy":"category","embeddable":true,"href":"https:\/\/litci.org\/pt\/wp-json\/wp\/v2\/categories?post=80545"},{"taxonomy":"post_tag","embeddable":true,"href":"https:\/\/litci.org\/pt\/wp-json\/wp\/v2\/tags?post=80545"}],"curies":[{"name":"wp","href":"https:\/\/api.w.org\/{rel}","templated":true}]}}