{"id":79794,"date":"2024-10-23T02:28:42","date_gmt":"2024-10-23T02:28:42","guid":{"rendered":"https:\/\/litci.org\/pt\/?p=79794"},"modified":"2024-10-23T02:28:44","modified_gmt":"2024-10-23T02:28:44","slug":"declaracao-do-coletivo-marxista-socialistas-em-luta-sel-diante-da-crise-do-sistema-eletroenergetico-nacional-em-cuba","status":"publish","type":"post","link":"https:\/\/litci.org\/pt\/2024\/10\/23\/declaracao-do-coletivo-marxista-socialistas-em-luta-sel-diante-da-crise-do-sistema-eletroenergetico-nacional-em-cuba\/","title":{"rendered":"Declara\u00e7\u00e3o do coletivo marxista Socialistas em Luta (SeL) diante da crise do Sistema Eletroenerg\u00e9tico Nacional em Cuba"},"content":{"rendered":"\n<p>20 de outubro de 2024, Havana, Cuba<\/p>\n\n\n\n<p>O sistema eletroenerg\u00e9tico nacional (SEN) de Cuba sofreu recordes hist\u00f3ricos de d\u00e9ficit de gera\u00e7\u00e3o de eletricidade. O primeiro colapso nacional ocorreu na sexta-feira, dia 18, pela manh\u00e3; com epis\u00f3dios repetidos ao longo do fim de semana. Hoje (21 de outubro \u00e0s 20h06, hor\u00e1rio de Cuba) o servi\u00e7o foi restaurado em grande parte de Havana, mas n\u00e3o em todo o pa\u00eds. Um panorama que se agravou na regi\u00e3o leste com a chegada do furac\u00e3o \u00d3scar.<\/p>\n\n\n\n<p>At\u00e9 o momento, foram registradas seis mortes em San Antonio del Sur, prov\u00edncia de Guant\u00e1namo, em consequ\u00eancia do furac\u00e3o. Comunidades completas em apag\u00e3o e sem qualquer comunica\u00e7\u00e3o poderiam ter feito com que alguns de seus membros desconhecessem a exist\u00eancia do fen\u00f4meno atmosf\u00e9rico e, portanto, n\u00e3o tomassem as medidas necess\u00e1rias para enfrentar sua chegada.<\/p>\n\n\n\n<p>A nova crise energ\u00e9tica tem sido acompanhada pela tomada do espa\u00e7o p\u00fablico pelos cidad\u00e3os, que exigem uma resposta r\u00e1pida da lideran\u00e7a do Partido Comunista Cubano (PCC). Desde s\u00e1bado, 19 de outubro, h\u00e1 relatos de \u201cpanela\u00e7os\u201d em diversos bairros da capital; entre eles Centro Habana, Cerro, 20 de Mayo e Guanabacoa. Alguns destas a\u00e7\u00f5es foram reprimidos pelos chamados \u201cboinas pretas\u201d ou Brigadas Especiais Nacionais (BEN), do Minist\u00e9rio do Interior.<\/p>\n\n\n\n<p>Embora a situa\u00e7\u00e3o alimentar na Ilha esteja em grave perigo, o aparelho olig\u00e1rquico do PCC, juntamente com os meios de comunica\u00e7\u00e3o oficiais, optaram por negar a exist\u00eancia de um problema de combust\u00edvel. Falam de \u201cesfor\u00e7os m\u00e1ximos\u201d para o fornecimento de petr\u00f3leo bruto que n\u00e3o \u00e9 tang\u00edvel.<\/p>\n\n\n\n<p>Por sua vez, o Governo de Miguel D\u00edaz-Canel Berm\u00fadez optou pela suspens\u00e3o dos \u201cservi\u00e7os n\u00e3o vitais\u201d; entre eles, atividades educativas e culturais. E, como aconteceu com os protestos massivos de 11 de julho de 2021 (11J), o presidente mais uma vez desacreditou as reivindica\u00e7\u00f5es populares; chamando aqueles que exerceram seu direito constitucional de protestar como b\u00eabados ou pessoas em \u201cestado de embriaguez\u201d.<\/p>\n\n\n\n<p>O governo estalinista cubano ignorou mais uma vez as reivindica\u00e7\u00f5es de um povo num estado de indefesa, repress\u00e3o e precariedade. Uma popula\u00e7\u00e3o envelhecida com mais de 20% do seu n\u00famero total de habitantes; com aposentadoria insuficiente para cobrir a cesta b\u00e1sica; com um sistema de sa\u00fade p\u00fablica empobrecido, que obriga a popula\u00e7\u00e3o a recorrer a um mercado informal dolarizado; e com um sistema educativo em estado de alarme. Uma popula\u00e7\u00e3o que carece de servi\u00e7os hidr\u00e1ulicos, transporte, higiene e muito mais.<\/p>\n\n\n\n<p>Um conjunto de vari\u00e1veis \u200b\u200bque, como efeito domin\u00f3, acabou por levar a outros problemas graves como a pobreza, o racismo, os feminic\u00eddios, a desnutri\u00e7\u00e3o, o trabalho infantil, a criminalidade e a corrup\u00e7\u00e3o. Portanto, o colapso que hoje assistimos n\u00e3o se limita ao sistema energ\u00e9tico nacional.<\/p>\n\n\n\n<p>O coletivo Socialistas em Luta denuncia todas estas vicissitudes e exige a ren\u00fancia imediata do Governo de Miguel D\u00edaz-Canel. Entendemos o atual contexto cubano como um colapso sist\u00eamico-estrutural irreform\u00e1vel. Somos solid\u00e1rios com as v\u00edtimas do furac\u00e3o Oscar e responsabilizamos o partido no poder. Denunciamos as san\u00e7\u00f5es econ\u00f3micas impostas pelos Estados Unidos, que acabam por prejudicar os\/as trabalhadores\/as, e n\u00e3o a alta burguesia militar cubana. Mas tamb\u00e9m denunciamos o uso indiscriminado destas san\u00e7\u00f5es pelo PCC para justificar a trai\u00e7\u00e3o \u00e0 classe oper\u00e1ria, o autoritarismo e a repress\u00e3o.<\/p>\n\n\n\n<p>E, finalmente, negamos a exist\u00eancia de um Estado Socialista de Direito em Cuba.<\/p>\n\n\n\n<p>Uma burguesia militar estalinista em Cuba nunca tra\u00e7ar\u00e1 um caminho vi\u00e1vel em dire\u00e7\u00e3o ao socialismo e ao empoderamento popular. Cuba \u00e9 uma revolu\u00e7\u00e3o tra\u00edda.<\/p>\n\n\n\n<p>Assina,<\/p>\n\n\n\n<p>Socialistas em Luta, coletivo marxista, anticapitalista, antiautorit\u00e1rio e internacionalista.<\/p>\n","protected":false},"excerpt":{"rendered":"<p>20 de outubro de 2024, Havana, Cuba O sistema eletroenerg\u00e9tico nacional (SEN) de Cuba sofreu recordes hist\u00f3ricos de d\u00e9ficit de gera\u00e7\u00e3o de eletricidade. O primeiro colapso nacional ocorreu na sexta-feira, dia 18, pela manh\u00e3; com epis\u00f3dios repetidos ao longo do fim de semana. Hoje (21 de outubro \u00e0s 20h06, hor\u00e1rio de Cuba) o servi\u00e7o foi [&hellip;]<\/p>\n","protected":false},"author":7,"featured_media":79795,"menu_order":0,"comment_status":"open","ping_status":"open","sticky":false,"template":"","format":"standard","meta":{"litci_post_political_author":"","footnotes":""},"categories":[1182],"tags":[8977,8978,8979],"class_list":["post-79794","post","type-post","status-publish","format-standard","has-post-thumbnail","hentry","category-cuba","tag-apagao-em-cuba","tag-diaz-canel-2","tag-sel"],"fimg_url":"https:\/\/litci.org\/pt\/wp-content\/uploads\/2024\/10\/Cuba.jpg","categories_names":["Cuba"],"author_info":{"name":"lena","pic":"https:\/\/secure.gravatar.com\/avatar\/b9eb35b4c023b96c29c4a145a82c6c381b68f2c889c5427106ad5aab6df45b9d?s=96&d=mm&r=g"},"political_author":null,"tagline":"","_links":{"self":[{"href":"https:\/\/litci.org\/pt\/wp-json\/wp\/v2\/posts\/79794","targetHints":{"allow":["GET"]}}],"collection":[{"href":"https:\/\/litci.org\/pt\/wp-json\/wp\/v2\/posts"}],"about":[{"href":"https:\/\/litci.org\/pt\/wp-json\/wp\/v2\/types\/post"}],"author":[{"embeddable":true,"href":"https:\/\/litci.org\/pt\/wp-json\/wp\/v2\/users\/7"}],"replies":[{"embeddable":true,"href":"https:\/\/litci.org\/pt\/wp-json\/wp\/v2\/comments?post=79794"}],"version-history":[{"count":1,"href":"https:\/\/litci.org\/pt\/wp-json\/wp\/v2\/posts\/79794\/revisions"}],"predecessor-version":[{"id":79796,"href":"https:\/\/litci.org\/pt\/wp-json\/wp\/v2\/posts\/79794\/revisions\/79796"}],"wp:featuredmedia":[{"embeddable":true,"href":"https:\/\/litci.org\/pt\/wp-json\/wp\/v2\/media\/79795"}],"wp:attachment":[{"href":"https:\/\/litci.org\/pt\/wp-json\/wp\/v2\/media?parent=79794"}],"wp:term":[{"taxonomy":"category","embeddable":true,"href":"https:\/\/litci.org\/pt\/wp-json\/wp\/v2\/categories?post=79794"},{"taxonomy":"post_tag","embeddable":true,"href":"https:\/\/litci.org\/pt\/wp-json\/wp\/v2\/tags?post=79794"}],"curies":[{"name":"wp","href":"https:\/\/api.w.org\/{rel}","templated":true}]}}