{"id":79269,"date":"2024-07-17T21:21:24","date_gmt":"2024-07-17T21:21:24","guid":{"rendered":"https:\/\/litci.org\/pt\/?p=79269"},"modified":"2024-07-17T21:21:27","modified_gmt":"2024-07-17T21:21:27","slug":"republica-das-bananas-reprimarizacao-economica-boom-megamineiro-e-narcoestado","status":"publish","type":"post","link":"https:\/\/litci.org\/pt\/2024\/07\/17\/republica-das-bananas-reprimarizacao-economica-boom-megamineiro-e-narcoestado\/","title":{"rendered":"Rep\u00fablica das Bananas: reprimariza\u00e7\u00e3o econ\u00f4mica, boom megamineiro e Narcoestado"},"content":{"rendered":"\n<p><em>Publicamos este artigo da Revista Crisis de 09 de julho \u00faltimo. Crisis \u00e9 uma revista digital que nasceu com o objetivo de apresentar uma nova refer\u00eancia de esquerda no Equador. Com esta publica\u00e7\u00e3o concretizamos uma colabora\u00e7\u00e3o entre os dois meios de comunica\u00e7\u00e3o, atrav\u00e9s do interc\u00e2mbio de artigos.<\/em><\/p>\n\n\n\n<p>Ao final da primeira metade de 2024, nos encontramos em um novo ciclo de reprimariza\u00e7\u00e3o da economia, com o Equador sendo o maior exportador de banana, metais e coca\u00edna da regi\u00e3o. A burguesia conseguiu um triunfo moment\u00e2neo com o aumento do pre\u00e7o da gasolina, precisamente dois anos ap\u00f3s \u00e0 Paraliza\u00e7\u00e3o Popular Plurinacional de Junho de 2022.<\/p>\n\n\n\n<p>A implementa\u00e7\u00e3o da doutrina do choque com a declara\u00e7\u00e3o do CAI (Conflito Armado Interno) serviu de desculpa para essa medida e o aumento do IVA para 15%. A intensifica\u00e7\u00e3o do neoliberalismo e do Narcoestado configura perfeitamente o campo para o autoritarismo exercido em sua m\u00e1xima express\u00e3o, com um estado de exce\u00e7\u00e3o permanente, modifica\u00e7\u00f5es no Direito, na produ\u00e7\u00e3o e nos aparatos ideol\u00f3gicos do Estado \u2013 os sentidos.<\/p>\n\n\n\n<p>Junto com o an\u00fancio do aumento de pre\u00e7os das gasolinas extra e ecopa\u00eds, o governo tamb\u00e9m anunciou que o Equador deixaria de refinar petr\u00f3leo gradualmente, para voltar a ser um pa\u00eds produtor que importa derivados, beneficiando as elites vinculadas \u00e0 importa\u00e7\u00e3o de hidrocarbonetos. Esta medida coincide tamb\u00e9m com o an\u00fancio da importa\u00e7\u00e3o de barca\u00e7as geradoras de energia el\u00e9trica \u00e0 base de queima de combust\u00edvel, um sistema arcaico e certamente obsoleto de gera\u00e7\u00e3o de eletricidade. Certamente estamos enfrentando uma regress\u00e3o tecnol\u00f3gica, ecol\u00f3gica e econ\u00f4mica sem precedentes. O Equador voltou aos anos 80 ou 90 do s\u00e9culo passado.<\/p>\n\n\n\n<p>Enquanto isso, a reprimariza\u00e7\u00e3o da economia toma formas relevantes quanto \u00e0 institucionaliza\u00e7\u00e3o do Narcoestado. Em 5 de julho passado, ocorreu a maior apreens\u00e3o de 2024, onde foram encontradas 6 toneladas de coca\u00edna em caixas de banana prontas para exporta\u00e7\u00e3o. No que vai do ano, foram apreendidas pelo menos 150 toneladas de \u201couro branco\u201d, que inundam os mercados da Europa e dos Estados Unidos. N\u00e3o \u00e9 coincid\u00eancia que a coca\u00edna chegue ao seu destino junto com o produto estrela do presidente fazendeiro: a banana. Noboa tem raz\u00e3o quando diz que os partidos pol\u00edticos do pa\u00eds est\u00e3o envolvidos no narcotr\u00e1fico, ele est\u00e1 sendo autorreferencial e descrevendo a alian\u00e7a interburguesa mais prol\u00edfica de toda a hist\u00f3ria do pa\u00eds: o Narcoestado.<\/p>\n\n\n\n<p>A burguesia lumpenizada incrustada no poder pol\u00edtico, al\u00e9m de contribuir para o sonho imperialista de instituir o crime organizado na pol\u00edtica nacional, demonstrou uma submiss\u00e3o absoluta ao imperialismo financeiro representado pelo FMI. Em troca de um pouco mais de d\u00edvida, o Equador eliminou os subs\u00eddios \u00e0 gasolina, al\u00e9m de elevar o IVA para 15%, enquanto as pr\u00f3prias proje\u00e7\u00f5es do organismo credit\u00edcio multilateral preveem apenas 0,1% de crescimento anual para o Equador em 2024. Nossa lumpenburguesia leiloa o pa\u00eds destruindo nossa capacidade produtiva ao aprovar acordos de livre com\u00e9rcio com a China, permitindo que produtos agr\u00edcolas externos inundem o mercado local, destruindo nossos pequenos e m\u00e9dios produtores, al\u00e9m de encarecer os insumos para a produ\u00e7\u00e3o agr\u00edcola sem nenhum tipo de regula\u00e7\u00e3o do mercado.<\/p>\n\n\n\n<p>Por outro lado, as tr\u00eas empresas mais rent\u00e1veis do pa\u00eds em 2023 est\u00e3o vinculadas ao extrativismo. Estas foram Aurelian Ecuador, o segundo projeto de minera\u00e7\u00e3o de prata e ouro em grande escala, que declarou lucros de 201 milh\u00f5es. A empresa de presta\u00e7\u00e3o de servi\u00e7os petrol\u00edferos Shaya Ecuador, que declarou lucros de 203 milh\u00f5es de d\u00f3lares, e Ecuacorriente com lucros de 354 milh\u00f5es. Esta empresa chinesa est\u00e1 a cargo do Projeto Mirador, a maior mina de cobre a c\u00e9u aberto do pa\u00eds e da regi\u00e3o, sendo uma das 20 maiores minas de cobre do mundo. Isso nos d\u00e1 uma pista de por que \u00e9 t\u00e3o importante para a burguesia nacional impulsionar a explora\u00e7\u00e3o mineradora no pa\u00eds, \u00e0s custas do atropelo de povos e nacionalidades, leg\u00edtimos donos dos territ\u00f3rios onde est\u00e3o sendo impulsionados esses grandes projetos megamineiros e petrol\u00edferos. Nesse sentido, tamb\u00e9m podemos encontrar articula\u00e7\u00f5es entre o crime organizado, a burguesia nacional e transnacional, e o Estado. O controle da organiza\u00e7\u00e3o popular por parte de paramilitares protegidos pelas for\u00e7as da ordem n\u00e3o \u00e9 novidade. Isso acontece na Col\u00f4mbia e no M\u00e9xico h\u00e1 d\u00e9cadas, e no Equador tamb\u00e9m, especialmente nas fazendas bananeiras do Grupo Noboa. Lembremos de Eduardo Mend\u00faa \u2013 secret\u00e1rio de rela\u00e7\u00f5es internacionais da CONAIE \u2013 e toda sua fam\u00edlia, que foram perseguidos e assassinados pelo crime organizado vinculado \u00e0 explora\u00e7\u00e3o petrol\u00edfera em Sucumb\u00edos.<\/p>\n\n\n\n<p>Lembremos tamb\u00e9m que em Palo Quemado e Las Pampas tentou-se impor um processo de consulta ambiental, que de forma alguma representou o exerc\u00edcio do direito \u00e0 consulta pr\u00e9via, livre e informada que est\u00e1 plasmado na Constitui\u00e7\u00e3o da Rep\u00fablica, com resguardo militar e press\u00f5es do crime organizado no territ\u00f3rio. Da mesma forma, os aparatos do Estado n\u00e3o demoraram em reprimir com brutalidade \u2013 amparados na figura do estado de exce\u00e7\u00e3o \u2013 os povos que decidiram exercer seu direito \u00e0 resist\u00eancia \u2013 art. 98 da constitui\u00e7\u00e3o. Em sintonia, a Procuradoria tem mais de 70 comunheiros e comunheiras impugnados pelo delito de terrorismo, cuja pena foi duplicada esta semana de 10-13 anos de pris\u00e3o para 14 a 22 anos \u2013 em sua vers\u00e3o mais leve.<\/p>\n\n\n\n<p>No mesmo dia em que a Assembleia Nacional aprovava o aumento das penas para os delitos de crime organizado, narcotr\u00e1fico e terrorismo, o advogado da Atico Mining, Francisco Guerrero, apresentou um novo processo judicial contra 49 camponeses, dos quais 11 s\u00e3o demandantes e testemunhas no caso de Palo Quemado e Las Pampas. Sim, no capitalismo o Estado \u00e9 a junta de interesses da burguesia. A demanda imposta pela empresa mineradora em conluio com o Estado denota um permanente ass\u00e9dio e persegui\u00e7\u00e3o pol\u00edtica contra a organiza\u00e7\u00e3o popular. O novo processo interposto pela empresa privada contra o povo de Sigchos se d\u00e1 pelo suposto delito de delinqu\u00eancia organizada. A press\u00e3o contra a organiza\u00e7\u00e3o popular e os povos aumenta dia a dia.<\/p>\n\n\n\n<p>Essas modifica\u00e7\u00f5es no Direito s\u00e3o precisamente as que Noboa busca ao perpetuar o estado de exce\u00e7\u00e3o e a doutrina do choque. Enquanto a suposta luta contra o crime organizado e o terrorismo continua sendo a velha confi\u00e1vel do governo bananeiro, os esc\u00e2ndalos de militares e policiais envolvidos em tr\u00e1fico de armas, entorpecentes, sequestros e extors\u00f5es s\u00e3o o p\u00e3o de cada dia. Lembremos tamb\u00e9m das toneladas de coca\u00edna apreendidas em bananas e das narcofarras. \u00c9 realmente lament\u00e1vel que o projeto de pa\u00eds da burguesia nacional se limite a impor o Narcoestado e a reprimarizar a economia. Qu\u00e3o incrivelmente deplor\u00e1vel \u00e9 a classe empresarial do Equador.<\/p>\n\n\n\n<p>Segundo o Observat\u00f3rio Equatoriano do Crime Organizado (OECO), 2023 fechou com um total de 8004 mortes violentas em territ\u00f3rio nacional, tornando o Equador o pa\u00eds mais violento da Am\u00e9rica Latina, com uma taxa de 47,25 mortes violentas por cada cem mil habitantes. Em um ano, os homic\u00eddios aumentaram 65,92%, entre 2022 e 2023. Em definitivo, a cortina de fuma\u00e7a chamada Plano F\u00eanix \u00e9 uma fal\u00e1cia imposta pela burguesia no poder. Sabemos que os n\u00edveis de criminalidade s\u00f3 se reduzir\u00e3o eliminando as desigualdades no pa\u00eds. Gra\u00e7as ao Narcoestado imposto pela classe empresarial \u2013 incluindo o presidente bananeiro Noboa e o oligarca banqueiro Lasso \u2013 em apenas quatro anos (2019-2023), as mortes violentas no Equador aumentaram 574,30%.<\/p>\n\n\n\n<p>Por outro lado, a constru\u00e7\u00e3o da nova pris\u00e3o de Noboa se desmorona, com graves questionamentos e irregularidades. Este caso demonstrou que o modus operandi do presidente bananeiro \u00e9 o mesmo: usando mais uma vez a for\u00e7a e a amea\u00e7a de uso da for\u00e7a para criar uma consulta manique\u00edsta com presen\u00e7a militar e portas fechadas. O territ\u00f3rio onde se pretende construir a pris\u00e3o de seguran\u00e7a m\u00e1xima, que dever\u00e1 ter 5 pavilh\u00f5es e abrigar 800 presos, pretende ser constru\u00edda no territ\u00f3rio da comuna huancavilca de Bajada de Chanduy, que tamb\u00e9m abriga uma floresta protegida. Os moradores denunciaram press\u00f5es do Estado para dar luz verde \u00e0 constru\u00e7\u00e3o da pris\u00e3o, incluindo persegui\u00e7\u00f5es e intimida\u00e7\u00f5es.<\/p>\n\n\n\n<p>Ap\u00f3s 7 meses de governo bananeiro, fica demonstrado de forma definitiva que Noboa est\u00e1 \u00e0 frente do Estado apenas para beneficiar sua fra\u00e7\u00e3o de classe, enriquecendo os seus, favorecendo a evas\u00e3o fiscal, condenando a classe trabalhadora \u00e0 mis\u00e9ria e viol\u00eancia, e utilizando as for\u00e7as repressivas do Estado como seus c\u00e3es de guarda pagos. Isso demonstra que para Daniel Noboa, o Equador \u00e9 uma grande fazenda. A \u00fanica op\u00e7\u00e3o e resposta poss\u00edvel: a organiza\u00e7\u00e3o popular anticapitalista.<\/p>\n","protected":false},"excerpt":{"rendered":"<p>Publicamos este artigo da Revista Crisis de 09 de julho \u00faltimo. Crisis \u00e9 uma revista digital que nasceu com o objetivo de apresentar uma nova refer\u00eancia de esquerda no Equador. Com esta publica\u00e7\u00e3o concretizamos uma colabora\u00e7\u00e3o entre os dois meios de comunica\u00e7\u00e3o, atrav\u00e9s do interc\u00e2mbio de artigos. Ao final da primeira metade de 2024, nos [&hellip;]<\/p>\n","protected":false},"author":7,"featured_media":79270,"menu_order":0,"comment_status":"open","ping_status":"open","sticky":false,"template":"","format":"standard","meta":{"litci_post_political_author":"","footnotes":""},"categories":[3643],"tags":[8783,6360,8795],"class_list":["post-79269","post","type-post","status-publish","format-standard","has-post-thumbnail","hentry","category-equador","tag-daniel-noboa","tag-equador","tag-revista-crisis"],"fimg_url":"https:\/\/litci.org\/pt\/wp-content\/uploads\/2024\/07\/Noboa.jpg","categories_names":["Equador"],"author_info":{"name":"lena","pic":"https:\/\/secure.gravatar.com\/avatar\/b9eb35b4c023b96c29c4a145a82c6c381b68f2c889c5427106ad5aab6df45b9d?s=96&d=mm&r=g"},"political_author":null,"tagline":"","_links":{"self":[{"href":"https:\/\/litci.org\/pt\/wp-json\/wp\/v2\/posts\/79269","targetHints":{"allow":["GET"]}}],"collection":[{"href":"https:\/\/litci.org\/pt\/wp-json\/wp\/v2\/posts"}],"about":[{"href":"https:\/\/litci.org\/pt\/wp-json\/wp\/v2\/types\/post"}],"author":[{"embeddable":true,"href":"https:\/\/litci.org\/pt\/wp-json\/wp\/v2\/users\/7"}],"replies":[{"embeddable":true,"href":"https:\/\/litci.org\/pt\/wp-json\/wp\/v2\/comments?post=79269"}],"version-history":[{"count":1,"href":"https:\/\/litci.org\/pt\/wp-json\/wp\/v2\/posts\/79269\/revisions"}],"predecessor-version":[{"id":79271,"href":"https:\/\/litci.org\/pt\/wp-json\/wp\/v2\/posts\/79269\/revisions\/79271"}],"wp:featuredmedia":[{"embeddable":true,"href":"https:\/\/litci.org\/pt\/wp-json\/wp\/v2\/media\/79270"}],"wp:attachment":[{"href":"https:\/\/litci.org\/pt\/wp-json\/wp\/v2\/media?parent=79269"}],"wp:term":[{"taxonomy":"category","embeddable":true,"href":"https:\/\/litci.org\/pt\/wp-json\/wp\/v2\/categories?post=79269"},{"taxonomy":"post_tag","embeddable":true,"href":"https:\/\/litci.org\/pt\/wp-json\/wp\/v2\/tags?post=79269"}],"curies":[{"name":"wp","href":"https:\/\/api.w.org\/{rel}","templated":true}]}}