{"id":79212,"date":"2024-07-12T16:16:34","date_gmt":"2024-07-12T16:16:34","guid":{"rendered":"https:\/\/litci.org\/pt\/?p=79212"},"modified":"2024-07-12T16:16:39","modified_gmt":"2024-07-12T16:16:39","slug":"cuba-3-anos-depois-do-11j-2","status":"publish","type":"post","link":"https:\/\/litci.org\/pt\/2024\/07\/12\/cuba-3-anos-depois-do-11j-2\/","title":{"rendered":"Cuba: 3 anos depois do 11J"},"content":{"rendered":"\n<p><em>H\u00e1 3 anos, no dia 11 de julho de 2021, dezenas de milhares de cubanos foram \u00e0s ruas se manifestar contra a fome e a mis\u00e9ria impostas pela ditadura de D\u00edaz-Canel.&nbsp;<\/em><\/p>\n\n\n\n<p>Por: Reda\u00e7\u00e3o<\/p>\n\n\n\n<p>Nas ruas, estava o povo pobre muito semelhante aos que estiveram em outras mobiliza\u00e7\u00f5es semelhantes contra os governos burgueses na Am\u00e9rica Latina.&nbsp; A repress\u00e3o foi dur\u00edssima. Mais de 1500 presos, inclusive adolescentes. At\u00e9 hoje seguem presos 681 pessoas.&nbsp;&nbsp;<\/p>\n\n\n\n<p>A ditadura cubana e seus apoiadores estalinistas em todo o mundo querem apagar da mem\u00f3ria dos ativistas esses fatos. N\u00f3s queremos lembr\u00e1-los e tirar conclus\u00f5es sobre eles.<\/p>\n\n\n\n<p>Os ativistas socialistas de todo o mundo precisam conhecer a realidade cubana. O prest\u00edgio da ditadura castrista vem da revolu\u00e7\u00e3o cubana de 1959, primeira e \u00fanica revolu\u00e7\u00e3o socialista vitoriosa da Am\u00e9rica Latina. N\u00f3s da LIT, sempre reivindicamos a revolu\u00e7\u00e3o cubana, embora tamb\u00e9m sempre criticamos sua dire\u00e7\u00e3o burocr\u00e1tica, que logo se ligou ao aparato estalinista mundial.&nbsp; Mas, depois que houve a restaura\u00e7\u00e3o capitalista na R\u00fassia, China e os outros estados oper\u00e1rios burocr\u00e1ticos, isso tamb\u00e9m aconteceu em Cuba.<\/p>\n\n\n\n<p>A mesma dire\u00e7\u00e3o que comandou a revolu\u00e7\u00e3o em 1959, dirigiu a restaura\u00e7\u00e3o do capitalismo em Cuba. Isso gera uma enorme confus\u00e3o entre os ativistas do mundo. Mais ainda que o partido dirigente segue se chamando \u201cPartido Comunista\u201d.&nbsp;&nbsp; Mas a antiga burocracia se transformou em uma nova burguesia, associada as multinacionais europeias que hoje semi colonizam Cuba.<\/p>\n\n\n\n<p>N\u00f3s sempre fomos contra o bloqueio do imperialismo norte americano sobre Cuba. \u00c9 preciso lutar contra o imperialismo norte americano e seu bloqueio. Mas \u00e9 preciso lutar tamb\u00e9m contra a penetra\u00e7\u00e3o do imperialismo europeu em Cuba, associado a nova burguesia cubana.<\/p>\n\n\n\n<p>Para discutir essa realidade, trazemos alguns v\u00eddeos e artigos. Entre eles, queremos destacar os depoimentos de ativistas da Esquerda Cr\u00edtica Cubana, como se chama a vanguarda socialista que est\u00e1 em Cuba, sofrendo diretamente a repress\u00e3o da ditadura burguesa estalinista. Trazemos os depoimentos de Alexander Hall, Alina Hernandez e Raymar Aguado Hernandez.<\/p>\n\n\n\n<p>A simples presen\u00e7a desses ativistas, diretamente de Havana, desmente a farsa estalinista que quer mostrar a todos que se op\u00f5em a ditadura cubana como \u201cagentes do imperialismo\u201d. O povo cubano odeia a ditadura, e quer lutar por seus direitos. \u00a0E existe toda uma vanguarda socialista que quer mostrar essa realidade para os ativistas de todo o mundo.\u00a0\u00a0<\/p>\n\n\n\n<figure class=\"wp-block-embed is-type-rich is-provider-incorporar-manipulador wp-block-embed-incorporar-manipulador\"><div class=\"wp-block-embed__wrapper\">\n<div style=\"width: 640px;\" class=\"wp-video\"><!--[if lt IE 9]><script>document.createElement('video');<\/script><![endif]-->\n<video class=\"wp-video-shortcode\" id=\"video-79212-1\" width=\"640\" height=\"360\" preload=\"metadata\" controls=\"controls\"><source type=\"video\/mp4\" src=\"http:\/\/litci.org\/es\/wp-content\/uploads\/2024\/07\/Cuba_20240711_Alexander_1.mp4?_=1\" \/><a href=\"http:\/\/litci.org\/es\/wp-content\/uploads\/2024\/07\/Cuba_20240711_Alexander_1.mp4\">http:\/\/litci.org\/es\/wp-content\/uploads\/2024\/07\/Cuba_20240711_Alexander_1.mp4<\/a><\/video><\/div>\n<\/div><\/figure>\n\n\n\n<figure class=\"wp-block-embed is-type-rich is-provider-incorporar-manipulador wp-block-embed-incorporar-manipulador\"><div class=\"wp-block-embed__wrapper\">\n<div style=\"width: 640px;\" class=\"wp-video\"><video class=\"wp-video-shortcode\" id=\"video-79212-2\" width=\"640\" height=\"360\" preload=\"metadata\" controls=\"controls\"><source type=\"video\/mp4\" src=\"http:\/\/litci.org\/es\/wp-content\/uploads\/2024\/07\/Cuba_20240711_Alina_low.mp4?_=2\" \/><a href=\"http:\/\/litci.org\/es\/wp-content\/uploads\/2024\/07\/Cuba_20240711_Alina_low.mp4\">http:\/\/litci.org\/es\/wp-content\/uploads\/2024\/07\/Cuba_20240711_Alina_low.mp4<\/a><\/video><\/div>\n<\/div><\/figure>\n\n\n\n<figure class=\"wp-block-embed is-type-rich is-provider-incorporar-manipulador wp-block-embed-incorporar-manipulador\"><div class=\"wp-block-embed__wrapper\">\n<div style=\"width: 640px;\" class=\"wp-video\"><video class=\"wp-video-shortcode\" id=\"video-79212-3\" width=\"640\" height=\"360\" preload=\"metadata\" controls=\"controls\"><source type=\"video\/mp4\" src=\"http:\/\/litci.org\/es\/wp-content\/uploads\/2024\/07\/Cuba_20240711_Eduardo_1.mp4?_=3\" \/><a href=\"http:\/\/litci.org\/es\/wp-content\/uploads\/2024\/07\/Cuba_20240711_Eduardo_1.mp4\">http:\/\/litci.org\/es\/wp-content\/uploads\/2024\/07\/Cuba_20240711_Eduardo_1.mp4<\/a><\/video><\/div>\n<\/div><\/figure>\n\n\n\n<figure class=\"wp-block-embed is-type-rich is-provider-incorporar-manipulador wp-block-embed-incorporar-manipulador\"><div class=\"wp-block-embed__wrapper\">\n<div style=\"width: 640px;\" class=\"wp-video\"><video class=\"wp-video-shortcode\" id=\"video-79212-4\" width=\"640\" height=\"360\" preload=\"metadata\" controls=\"controls\"><source type=\"video\/mp4\" src=\"http:\/\/litci.org\/es\/wp-content\/uploads\/2024\/07\/Cuba_20240711_Raymar_1.mp4?_=4\" \/><a href=\"http:\/\/litci.org\/es\/wp-content\/uploads\/2024\/07\/Cuba_20240711_Raymar_1.mp4\">http:\/\/litci.org\/es\/wp-content\/uploads\/2024\/07\/Cuba_20240711_Raymar_1.mp4<\/a><\/video><\/div>\n<\/div><\/figure>\n","protected":false},"excerpt":{"rendered":"<p>H\u00e1 3 anos, no dia 11 de julho de 2021, dezenas de milhares de cubanos foram \u00e0s ruas se manifestar contra a fome e a mis\u00e9ria impostas pela ditadura de D\u00edaz-Canel.&nbsp; Por: Reda\u00e7\u00e3o Nas ruas, estava o povo pobre muito semelhante aos que estiveram em outras mobiliza\u00e7\u00f5es semelhantes contra os governos burgueses na Am\u00e9rica Latina.&nbsp; [&hellip;]<\/p>\n","protected":false},"author":7,"featured_media":79180,"menu_order":0,"comment_status":"open","ping_status":"open","sticky":false,"template":"","format":"standard","meta":{"litci_post_political_author":"","footnotes":""},"categories":[1182],"tags":[8894,1183],"class_list":["post-79212","post","type-post","status-publish","format-standard","has-post-thumbnail","hentry","category-cuba","tag-j","tag-cuba-3"],"fimg_url":"https:\/\/litci.org\/pt\/wp-content\/uploads\/2024\/06\/WhatsApp-Image-2024-07-10-at-20.54.20.jpeg","categories_names":["Cuba"],"author_info":{"name":"lena","pic":"https:\/\/secure.gravatar.com\/avatar\/b9eb35b4c023b96c29c4a145a82c6c381b68f2c889c5427106ad5aab6df45b9d?s=96&d=mm&r=g"},"political_author":null,"tagline":"","_links":{"self":[{"href":"https:\/\/litci.org\/pt\/wp-json\/wp\/v2\/posts\/79212","targetHints":{"allow":["GET"]}}],"collection":[{"href":"https:\/\/litci.org\/pt\/wp-json\/wp\/v2\/posts"}],"about":[{"href":"https:\/\/litci.org\/pt\/wp-json\/wp\/v2\/types\/post"}],"author":[{"embeddable":true,"href":"https:\/\/litci.org\/pt\/wp-json\/wp\/v2\/users\/7"}],"replies":[{"embeddable":true,"href":"https:\/\/litci.org\/pt\/wp-json\/wp\/v2\/comments?post=79212"}],"version-history":[{"count":4,"href":"https:\/\/litci.org\/pt\/wp-json\/wp\/v2\/posts\/79212\/revisions"}],"predecessor-version":[{"id":79222,"href":"https:\/\/litci.org\/pt\/wp-json\/wp\/v2\/posts\/79212\/revisions\/79222"}],"wp:featuredmedia":[{"embeddable":true,"href":"https:\/\/litci.org\/pt\/wp-json\/wp\/v2\/media\/79180"}],"wp:attachment":[{"href":"https:\/\/litci.org\/pt\/wp-json\/wp\/v2\/media?parent=79212"}],"wp:term":[{"taxonomy":"category","embeddable":true,"href":"https:\/\/litci.org\/pt\/wp-json\/wp\/v2\/categories?post=79212"},{"taxonomy":"post_tag","embeddable":true,"href":"https:\/\/litci.org\/pt\/wp-json\/wp\/v2\/tags?post=79212"}],"curies":[{"name":"wp","href":"https:\/\/api.w.org\/{rel}","templated":true}]}}