{"id":79187,"date":"2024-07-11T14:28:55","date_gmt":"2024-07-11T14:28:55","guid":{"rendered":"https:\/\/litci.org\/pt\/?p=79187"},"modified":"2024-07-11T17:19:56","modified_gmt":"2024-07-11T17:19:56","slug":"cuba-3-anos-depois-do-11j","status":"publish","type":"post","link":"https:\/\/litci.org\/pt\/2024\/07\/11\/cuba-3-anos-depois-do-11j\/","title":{"rendered":"Cuba: 3 anos depois do 11J. 10 coisas que voc\u00ea precisa saber sobre Cuba em 2024"},"content":{"rendered":"\n<p><em>Se voc\u00ea \u00e9 uma pessoa vista como \u201cde esquerda\u201d em qualquer lugar do mundo, com certeza j\u00e1 ouviu falar sobre a Revolu\u00e7\u00e3o Cubana de 1959. Ela foi um marco para a Am\u00e9rica Latina e s\u00edmbolo de que uma alternativa ao capitalismo e imperialismo estadunidense (em 1959 est\u00e1vamos em plena Guerra Fria) poderia existir, impactando todas as gera\u00e7\u00f5es posteriores.<\/em><\/p>\n\n\n\n<p>Por: Helena N\u00e1huatl<\/p>\n\n\n\n<p>No entanto, 65 anos depois, o que sabemos sobre a Cuba atual e o que passou durante essas d\u00e9cadas? Aqui v\u00e3o algumas constata\u00e7\u00f5es em base a dados, estudos econ\u00f4micos, pol\u00edticos e, em particular, ouvindo cubanas e cubanos que estiverem nas ruas h\u00e1 3 anos e seguem protestando contra as prec\u00e1rias condi\u00e7\u00f5es de vida na Ilha, a repress\u00e3o e a falta de liberdade de express\u00e3o.<\/p>\n\n\n\n<figure class=\"wp-block-image size-full\"><img loading=\"lazy\" decoding=\"async\" width=\"1024\" height=\"768\" src=\"http:\/\/litci.org\/pt\/wp-content\/uploads\/2024\/07\/Cuba-1.png\" alt=\"\" class=\"wp-image-79193\" srcset=\"https:\/\/litci.org\/pt\/wp-content\/uploads\/2024\/07\/Cuba-1.png 1024w, https:\/\/litci.org\/pt\/wp-content\/uploads\/2024\/07\/Cuba-1-300x225.png 300w, https:\/\/litci.org\/pt\/wp-content\/uploads\/2024\/07\/Cuba-1-768x576.png 768w, https:\/\/litci.org\/pt\/wp-content\/uploads\/2024\/07\/Cuba-1-150x113.png 150w, https:\/\/litci.org\/pt\/wp-content\/uploads\/2024\/07\/Cuba-1-696x522.png 696w\" sizes=\"auto, (max-width: 1024px) 100vw, 1024px\" \/><figcaption class=\"wp-element-caption\">Foto: Helena N\u00e1huatl<\/figcaption><\/figure>\n\n\n\n<ol class=\"wp-block-list\" type=\"1\" start=\"1\">\n<li><strong>Cuba viveu uma explos\u00e3o social em 2021. Em muitas regi\u00f5es da Ilha, as pessoas sa\u00edram \u00e0s ruas para protestar por comida, cuidados m\u00e9dicos, dignidade e liberdade de express\u00e3o. Desde ent\u00e3o, mais de 1500 tornaram-se presos pol\u00edticos e quase metade deles segue encarcerado.<\/strong><\/li>\n<\/ol>\n\n\n\n<p>1558 pessoas entre 12 e os 68 anos foram presas ap\u00f3s o 11J, segundo dados de <em>Justicia 11J<\/em>, um grupo que compila dados oficiais e de familiares dos presos pol\u00edticos. A maioria deles, 92% segundo o grupo, n\u00e3o pertence a nenhuma organiza\u00e7\u00e3o pol\u00edtica ou da sociedade civil, nem colabora com nenhum meio de comunica\u00e7\u00e3o. In\u00fameras hist\u00f3rias com rostos, identidades e detalhes de vida comprovam que o 11J foi algo espont\u00e2neo e feito por pessoas comuns, em sua esmagadora maioria. Isso explicita a grande mentira do governo cubano, que atribui o 11J a uma tentativa de golpe orquestrado pelos Estados Unidos. O 11J nasceu da indigna\u00e7\u00e3o e imensas car\u00eancias da popula\u00e7\u00e3o cubana. At\u00e9 os \u00faltimos informes, 681 pessoas seguem presas, algumas com penas de mais de 20 anos.<\/p>\n\n\n\n<p><strong>Confira:<\/strong> <a href=\"https:\/\/litci.org\/pt\/2021\/10\/11\/detencoes-julgamentos-e-desterros-a-escalada-repressiva-do-regime-cubano-apos-o-11j\/\">https:\/\/litci.org\/pt\/2021\/10\/11\/detencoes-julgamentos-e-desterros-a-escalada-repressiva-do-regime-cubano-apos-o-11j\/<\/a><\/p>\n\n\n\n<p><\/p>\n\n\n\n<figure class=\"wp-block-embed is-type-wp-embed is-provider-justicia-11-j wp-block-embed-justicia-11-j\"><div class=\"wp-block-embed__wrapper\">\n<blockquote class=\"wp-embedded-content\" data-secret=\"PVN228rvwd\"><a href=\"https:\/\/justicia11j.org\/personas-detenidas-en-relacion-con-protestas\/\" target=\"_blank\" rel=\"noopener\">Personas detenidas en relaci\u00f3n con protestas<\/a><\/blockquote><iframe loading=\"lazy\" class=\"wp-embedded-content\" sandbox=\"allow-scripts\" security=\"restricted\" style=\"position: absolute; visibility: hidden;\" title=\"\u00abPersonas detenidas en relaci\u00f3n con protestas\u00bb \u2014 Justicia 11J\" src=\"https:\/\/justicia11j.org\/personas-detenidas-en-relacion-con-protestas\/embed\/#?secret=IwXm2cKD3G#?secret=PVN228rvwd\" data-secret=\"PVN228rvwd\" width=\"500\" height=\"282\" frameborder=\"0\" marginwidth=\"0\" marginheight=\"0\" scrolling=\"no\"><\/iframe>\n<\/div><\/figure>\n\n\n\n<figure class=\"wp-block-embed is-type-wp-embed is-provider-liga-internacional-dos-trabalhadores wp-block-embed-liga-internacional-dos-trabalhadores\"><div class=\"wp-block-embed__wrapper\">\n<blockquote class=\"wp-embedded-content\" data-secret=\"q3mKHluGxt\"><a href=\"https:\/\/litci.org\/pt\/2021\/09\/03\/uma-cronica-dos-protestos-de-11j-em-cuba\/\">Uma cr\u00f4nica dos protestos de 11J em Cuba<\/a><\/blockquote><iframe loading=\"lazy\" class=\"wp-embedded-content\" sandbox=\"allow-scripts\" security=\"restricted\" style=\"position: absolute; visibility: hidden;\" title=\"&#8220;Uma cr\u00f4nica dos protestos de 11J em Cuba&#8221; &#8212; Liga Internacional dos Trabalhadores\" src=\"https:\/\/litci.org\/pt\/2021\/09\/03\/uma-cronica-dos-protestos-de-11j-em-cuba\/embed\/#?secret=MWZZEB3LTa#?secret=q3mKHluGxt\" data-secret=\"q3mKHluGxt\" width=\"500\" height=\"282\" frameborder=\"0\" marginwidth=\"0\" marginheight=\"0\" scrolling=\"no\"><\/iframe>\n<\/div><\/figure>\n\n\n\n<p><strong>Liberdade a todas as corajosas pessoas que hoje est\u00e3o presas em Cuba!<\/strong><\/p>\n\n\n\n<figure class=\"wp-block-image size-large\"><img loading=\"lazy\" decoding=\"async\" width=\"1024\" height=\"576\" src=\"http:\/\/litci.org\/pt\/wp-content\/uploads\/2024\/07\/Cuba-2-1024x576.png\" alt=\"\" class=\"wp-image-79203\" srcset=\"https:\/\/litci.org\/pt\/wp-content\/uploads\/2024\/07\/Cuba-2-1024x576.png 1024w, https:\/\/litci.org\/pt\/wp-content\/uploads\/2024\/07\/Cuba-2-300x169.png 300w, https:\/\/litci.org\/pt\/wp-content\/uploads\/2024\/07\/Cuba-2-768x432.png 768w, https:\/\/litci.org\/pt\/wp-content\/uploads\/2024\/07\/Cuba-2-150x84.png 150w, https:\/\/litci.org\/pt\/wp-content\/uploads\/2024\/07\/Cuba-2-696x392.png 696w, https:\/\/litci.org\/pt\/wp-content\/uploads\/2024\/07\/Cuba-2-1068x601.png 1068w, https:\/\/litci.org\/pt\/wp-content\/uploads\/2024\/07\/Cuba-2.png 1280w\" sizes=\"auto, (max-width: 1024px) 100vw, 1024px\" \/><figcaption class=\"wp-element-caption\">Foto: Alexander Hall<\/figcaption><\/figure>\n\n\n\n<p><strong>2. Se voc\u00ea tiver opini\u00f5es contr\u00e1rias ao governo cubano, pode ser sequestrado, interrogado, agredido, cercado na sua pr\u00f3pria casa e ter um agente do governo designado para vigiar cada passo da sua vida.<\/strong><\/p>\n\n\n\n<p>Em Cuba existe um \u00f3rg\u00e3o do governo chamado Seguran\u00e7a do Estado (S.E.), uma pol\u00edcia pol\u00edtica que se encarrega de saber tudo sobre os dissidentes e os ditos &#8220;contrarrevolucion\u00e1rios&#8221; da popula\u00e7\u00e3o, seguindo de perto cada passo dessa pessoa, chegando a se apresentar e a dar os seus codinomes \u00e0s pessoas vigiadas. Quando a S.E. conclui que algumas situa\u00e7\u00f5es s\u00e3o potencialmente &#8220;perigosas&#8221; para o regime (como qualquer evento cr\u00edtico ou que re\u00fana pessoas sem pr\u00e9via autoriza\u00e7\u00e3o), desencorajam a sa\u00edda \u00e0s ruas para que os vigiados n\u00e3o &#8220;tenham problemas&#8221;.<\/p>\n\n\n\n<p>Isso se intensifica quando voc\u00ea \u00e9 uma pessoa que j\u00e1 se posicionou criticamente ao governo, por\u00e9m acontece com a sociedade cubana em geral.<\/p>\n\n\n\n<p><strong>Confira:<\/strong> <a href=\"https:\/\/rialta.org\/denuncian-el-encarcelamiento-por-la-policia-politica-cubana-de-la-historiadora-y-profesora-alina-barbara-lopez-hernandez\/\" target=\"_blank\" rel=\"noopener\">https:\/\/rialta.org\/denuncian-el-encarcelamiento-por-la-policia-politica-cubana-de-la-historiadora-y-profesora-alina-barbara-lopez-hernandez\/<\/a><\/p>\n\n\n\n<figure class=\"wp-block-embed\"><div class=\"wp-block-embed__wrapper\">\nhttps:\/\/www.cubaxcuba.com\/blog\/inseguridad-estado-ilegalidad-poder-cuba\n<\/div><\/figure>\n\n\n\n<p><a href=\"https:\/\/www.facebook.com\/share\/p\/4x2jjtQFp5QxZQuX\/?mibextid=oFDknk\" target=\"_blank\" rel=\"noopener\">https:\/\/www.facebook.com\/share\/p\/4x2jjtQFp5QxZQuX\/?mibextid=oFDknk<\/a><\/p>\n\n\n\n<figure class=\"wp-block-embed\"><div class=\"wp-block-embed__wrapper\">\nhttps:\/\/www.facebook.com\/leonardo.romeronegrin.1\/posts\/1065819370918481?ref=embed_post\n<\/div><\/figure>\n\n\n\n<p>3.&nbsp;&nbsp;&nbsp;&nbsp;&nbsp;&nbsp;&nbsp;&nbsp; <strong>O sal\u00e1rio-m\u00ednimo cubano \u00e9 inferior a 10 d\u00f3lares, a alimenta\u00e7\u00e3o \u00e9 muito cara para a popula\u00e7\u00e3o e os subs\u00eddios para a cesta b\u00e1sica est\u00e3o diminuindo, al\u00e9m disso,&nbsp; o fornecimento de energia el\u00e9trica \u00e9 inst\u00e1vel e prec\u00e1rio. H\u00e1 pessoas vivendo nas ruas ou grandes fam\u00edlias compartilhando casas prec\u00e1rias, e muita desigualdade social.<\/strong><\/p>\n\n\n\n<p>Viver em Cuba \u00e9 um grande desafio para os seus habitantes. A \u201clibreta\u201d, uma esp\u00e9cie de cesta b\u00e1sica subsidiada com produtos essenciais em quantidades determinadas, \u00e9 insuficiente para o m\u00eas e seus artigos s\u00e3o cada vez mais escassos, como a carne e o leite, visitas ilustres na dieta, assim como ovos. Os cortes de luz s\u00e3o recorrentes e inclusive j\u00e1 resultaram em protestos em algumas prov\u00edncias neste ano de 2024.<\/p>\n\n\n\n<p>Quanto \u00e0 moradia, estima-se que 15% das casas de Cuba correm o risco de desabar por falta de manuten\u00e7\u00e3o e&nbsp; 3 ou 4 gera\u00e7\u00f5es da mesma fam\u00edlia compartilham o mesmo teto por n\u00e3o terem a possibilidade de uma casa para o seu n\u00facleo familiar.<\/p>\n\n\n\n<p>Enquanto isso, hot\u00e9is de 5 estrelas s\u00e3o constru\u00eddos e priorizados ao longo do Malec\u00f3n (a barreira entre o mar e La Habana) e dirigentes do PC e privilegiados do regime vivem em suas mans\u00f5es em Miramar ou Siboney.<\/p>\n\n\n\n<p><strong>Confira:<\/strong> <a href=\"https:\/\/www.bbc.com\/mundo\/articles\/c720vpjrydvo.amp\" target=\"_blank\" rel=\"noopener\">https:\/\/www.bbc.com\/mundo\/articles\/c720vpjrydvo.amp<\/a><\/p>\n\n\n\n<figure class=\"wp-block-embed\"><div class=\"wp-block-embed__wrapper\">\nhttps:\/\/eltoque.com\/ministro-de-salud-reconoce-escasez-de-recursos-humanos-y-materiales-para-2024\n<\/div><\/figure>\n\n\n\n<figure class=\"wp-block-embed\"><div class=\"wp-block-embed__wrapper\">\nhttps:\/\/eltoque.com\/crisis-energetica-en-cuba-apagones-y-sin-soluciones-duraderas\n<\/div><\/figure>\n\n\n\n<figure class=\"wp-block-embed\"><div class=\"wp-block-embed__wrapper\">\nhttps:\/\/martiverifica.netlify.app\/crisis-de-la-vivienda-cuba-se-derrumba\n<\/div><\/figure>\n\n\n\n<p>4. <strong>Em Cuba, gasta-se 11 vezes mais com a constru\u00e7\u00e3o de hot\u00e9is do que em agricultura e e medidas para garantir a seguran\u00e7a alimentar. A sa\u00fade e educa\u00e7\u00e3o cubanas est\u00e3o em grande crise, inclusive na aten\u00e7\u00e3o prim\u00e1ria.<\/strong><\/p>\n\n\n\n<p>Segundo dados do pr\u00f3prio governo (ONEI), em 2022, 32,9% do investimento total do pa\u00eds esteve vinculado \u00e0s redes hoteleiras, em contrapartida, apenas 2,6% foi para a agricultura e pecu\u00e1ria.<\/p>\n\n\n\n<p>Apesar de baixas taxas de ocupa\u00e7\u00e3o de hot\u00e9is, segue-se construindo grandes complexos e luxuosas redes em Havana e nos Resorts das praias caribenhas de Cuba.<\/p>\n\n\n\n<p><strong>Confira:<\/strong> <a href=\"https:\/\/eltoque.com\/por-que-cuba-sigue-construyendo-hoteles\" target=\"_blank\" rel=\"noopener\">https:\/\/eltoque.com\/por-que-cuba-sigue-construyendo-hoteles<\/a><\/p>\n\n\n\n<figure class=\"wp-block-embed\"><div class=\"wp-block-embed__wrapper\">\nhttps:\/\/www.cubaxcuba.com\/blog\/estado-cubano-fin-costo-cero\n<\/div><\/figure>\n\n\n\n<figure class=\"wp-block-embed is-type-wp-embed is-provider-la-joven-cuba wp-block-embed-la-joven-cuba\"><div class=\"wp-block-embed__wrapper\">\n<blockquote class=\"wp-embedded-content\" data-secret=\"6r7CcsSNdm\"><a href=\"https:\/\/jovencuba.com\/inflacion-desacelera\/\" target=\"_blank\" rel=\"noopener\">La inflaci\u00f3n se desacelera, pero el costo de la vida sigue creciendo<\/a><\/blockquote><iframe loading=\"lazy\" class=\"wp-embedded-content\" sandbox=\"allow-scripts\" security=\"restricted\" style=\"position: absolute; visibility: hidden;\" title=\"\u00abLa inflaci\u00f3n se desacelera, pero el costo de la vida sigue creciendo\u00bb \u2014 La Joven Cuba\" src=\"https:\/\/jovencuba.com\/inflacion-desacelera\/embed\/#?secret=f4JQEK69Dl#?secret=6r7CcsSNdm\" data-secret=\"6r7CcsSNdm\" width=\"500\" height=\"282\" frameborder=\"0\" marginwidth=\"0\" marginheight=\"0\" scrolling=\"no\"><\/iframe>\n<\/div><\/figure>\n\n\n\n<figure class=\"wp-block-image size-large\"><img loading=\"lazy\" decoding=\"async\" width=\"768\" height=\"1024\" src=\"http:\/\/litci.org\/pt\/wp-content\/uploads\/2024\/07\/Cuba-3-768x1024.png\" alt=\"\" class=\"wp-image-79205\" srcset=\"https:\/\/litci.org\/pt\/wp-content\/uploads\/2024\/07\/Cuba-3-768x1024.png 768w, https:\/\/litci.org\/pt\/wp-content\/uploads\/2024\/07\/Cuba-3-225x300.png 225w, https:\/\/litci.org\/pt\/wp-content\/uploads\/2024\/07\/Cuba-3-1152x1536.png 1152w, https:\/\/litci.org\/pt\/wp-content\/uploads\/2024\/07\/Cuba-3-150x200.png 150w, https:\/\/litci.org\/pt\/wp-content\/uploads\/2024\/07\/Cuba-3-300x400.png 300w, https:\/\/litci.org\/pt\/wp-content\/uploads\/2024\/07\/Cuba-3-696x928.png 696w, https:\/\/litci.org\/pt\/wp-content\/uploads\/2024\/07\/Cuba-3-1068x1424.png 1068w, https:\/\/litci.org\/pt\/wp-content\/uploads\/2024\/07\/Cuba-3.png 1200w\" sizes=\"auto, (max-width: 768px) 100vw, 768px\" \/><figcaption class=\"wp-element-caption\">Foto: Helena N\u00e1huatl<\/figcaption><\/figure>\n\n\n\n<p>5. <strong>Segundo estimativas recentes, quase 18% da popula\u00e7\u00e3o de Cuba migrou nos \u00faltimos 2 anos.<\/strong><\/p>\n\n\n\n<p>O maior \u00eaxodo da hist\u00f3ria s\u00f3 pode ser explicado pela profunda crise social e econ\u00f4mica da Ilha. Cada vez mais, o governo cubano impede qualquer perspectiva de melhora de vida dentro do pa\u00eds. N\u00e3o h\u00e1 alternativas de trabalho, sal\u00e1rios dignos e tampouco a possibilidade de posicionamentos cr\u00edticos para uma melhora nas condi\u00e7\u00f5es de vida.<\/p>\n\n\n\n<p>Independentemente de suas vis\u00f5es pol\u00edticas, as centenas de milhares de cubanos que deixaram o pa\u00eds foram em busca de uma alternativa menos sufocante de vida, ainda que o pre\u00e7o para isso seja o desterro e a cruel e injusta perda da cidadania.<\/p>\n\n\n\n<p><strong>Confira:<\/strong> <a href=\"https:\/\/www.cubaxcuba.com\/blog\/huida\" target=\"_blank\" rel=\"noopener\">https:\/\/www.cubaxcuba.com\/blog\/huida<\/a><\/p>\n\n\n\n<figure class=\"wp-block-embed is-type-wp-embed is-provider-oncubanews wp-block-embed-oncubanews\"><div class=\"wp-block-embed__wrapper\">\n<blockquote class=\"wp-embedded-content\" data-secret=\"ymiC9G4dsY\"><a href=\"https:\/\/oncubanews.com\/cuba\/la-poblacion-de-cuba-cayo-un-18-entre-2022-y-2023-segun-un-estudio-independiente\/\" target=\"_blank\" rel=\"noopener\">La poblaci\u00f3n de Cuba cay\u00f3 un 18 % entre 2022 y 2023, seg\u00fan un estudio independiente<\/a><\/blockquote><iframe loading=\"lazy\" class=\"wp-embedded-content\" sandbox=\"allow-scripts\" security=\"restricted\" style=\"position: absolute; visibility: hidden;\" title=\"\u00abLa poblaci\u00f3n de Cuba cay\u00f3 un 18 % entre 2022 y 2023, seg\u00fan un estudio independiente\u00bb \u2014 OnCubaNews\" src=\"https:\/\/oncubanews.com\/cuba\/la-poblacion-de-cuba-cayo-un-18-entre-2022-y-2023-segun-un-estudio-independiente\/embed\/#?secret=ExIBhl945H#?secret=ymiC9G4dsY\" data-secret=\"ymiC9G4dsY\" width=\"500\" height=\"282\" frameborder=\"0\" marginwidth=\"0\" marginheight=\"0\" scrolling=\"no\"><\/iframe>\n<\/div><\/figure>\n\n\n\n<p><strong>6.&nbsp; A Ilha \u00e9 governada por uma nova burguesia de membros do Partido Comunista que controlam as empresas estatais existentes e privatizam os setores-chave da economia. <\/strong>Sim, existe um bloqueio econ\u00f4mico criminoso contra Cuba por parte dos Estados Unidos e ele deve terminar, permitindo acesso a alimentos e insumos com maior facilidade, agilidade e melhores pre\u00e7os.<\/p>\n\n\n\n<p>Por\u00e9m, quem diz que a crise econ\u00f4mica, social, energ\u00e9tica, alimentar e de todos os setores de Cuba existe porque h\u00e1 o Bloqueio dos Estados Unidos, nega as pr\u00f3prias estat\u00edsticas do governo. A verdade \u00e9 que a Cuba de hoje tem uma grande depend\u00eancia de pa\u00edses do imperialismo europeu e j\u00e1 privatizou parte importante da economia, deixando alguns estrat\u00e9gicos na m\u00e3o dos capitalistas que dirigem o PCC.<\/p>\n\n\n\n<p><strong>Confira:<\/strong> <a href=\"https:\/\/litci.org\/pt\/2021\/08\/12\/64633-2\/\">https:\/\/litci.org\/pt\/2021\/08\/12\/64633-2\/<\/a><\/p>\n\n\n\n<p>7. <strong>A comunidade LGBTI+ denuncia o ass\u00e9dio e a falta de direitos<\/strong><\/p>\n\n\n\n<p><strong>Em Cuba, h\u00e1 um importante ativismo LGBTI+ dissidente que conseguiu incluir o direito ao casamento igualit\u00e1rio na Constitui\u00e7\u00e3o, mas os direitos b\u00e1sicos ainda s\u00e3o negados \u00e0s pessoas queer.<\/strong><\/p>\n\n\n\n<p>As pessoas LGBTI+ sa\u00edram \u00e0s ruas no dia 11 de junho, especialmente as mulheres trans, exigindo dignidade e acesso ao m\u00ednimo, como sa\u00fade p\u00fablica, preservativos, n\u00e3o serem agredidas na rua por trabalharem como prostitutas e o direito ao emprego formal (aqui est\u00e1 uma entrevista com algumas dessas mulheres presentes nas ruas <a href=\"https:\/\/www.youtube.com\/watch?v=z2j1-q_lMGU\" target=\"_blank\" rel=\"noopener\">https:\/\/www.youtube.com\/watch?v=z2j1-q_lMGU<\/a>).<\/p>\n\n\n\n<p>O resultado \u00e9 que muitas delas foram condenadas a penas pesadas por terem se manifestado. Brenda Diaz, uma mulher trans presente nas ruas no dia 11J, foi condenada a 14 + 7 meses de pris\u00e3o e sofre abusos constantes, al\u00e9m de n\u00e3o ter tratamento adequado para HIV, gastrite cr\u00f4nica e pedras nos rins, doen\u00e7as que ela j\u00e1 tinha antes de chegar \u00e0 pris\u00e3o.<\/p>\n\n\n\n<p><strong>Confira:<\/strong> <a href=\"https:\/\/justicia11j.org\/personas-de-la-comunidad-lgbtiq-presas-en-cuba-por-motivos-politicos\/\" target=\"_blank\" rel=\"noopener\">https:\/\/justicia11j.org\/personas-de-la-comunidad-lgbtiq-presas-en-cuba-por-motivos-politicos\/<\/a><\/p>\n\n\n\n<figure class=\"wp-block-embed is-type-wp-embed is-provider-liga-internacional-dos-trabalhadores wp-block-embed-liga-internacional-dos-trabalhadores\"><div class=\"wp-block-embed__wrapper\">\n<blockquote class=\"wp-embedded-content\" data-secret=\"hS0WrvzRB9\"><a href=\"https:\/\/litci.org\/pt\/2021\/08\/11\/lgbtis-tomam-ruas-cubanas-por-direitos-e-liberdade\/\">Cuba: LGBTIs tamb\u00e9m tomaram as ruas no 11J<\/a><\/blockquote><iframe loading=\"lazy\" class=\"wp-embedded-content\" sandbox=\"allow-scripts\" security=\"restricted\" style=\"position: absolute; visibility: hidden;\" title=\"&#8220;Cuba: LGBTIs tamb\u00e9m tomaram as ruas no 11J&#8221; &#8212; Liga Internacional dos Trabalhadores\" src=\"https:\/\/litci.org\/pt\/2021\/08\/11\/lgbtis-tomam-ruas-cubanas-por-direitos-e-liberdade\/embed\/#?secret=tH2WkMqGaP#?secret=hS0WrvzRB9\" data-secret=\"hS0WrvzRB9\" width=\"500\" height=\"282\" frameborder=\"0\" marginwidth=\"0\" marginheight=\"0\" scrolling=\"no\"><\/iframe>\n<\/div><\/figure>\n\n\n\n<figure class=\"wp-block-embed is-type-wp-embed is-provider-liga-internacional-dos-trabalhadores wp-block-embed-liga-internacional-dos-trabalhadores\"><div class=\"wp-block-embed__wrapper\">\n<blockquote class=\"wp-embedded-content\" data-secret=\"A4WCleNt2s\"><a href=\"https:\/\/litci.org\/pt\/2019\/05\/24\/repressao-a-uma-marcha-lgbt-em-cuba-ditadura-e-homofobia-no-regime-de-castrista\/\">Repress\u00e3o a uma marcha LGBT em Cuba: ditadura e homofobia no regime castrista<\/a><\/blockquote><iframe loading=\"lazy\" class=\"wp-embedded-content\" sandbox=\"allow-scripts\" security=\"restricted\" style=\"position: absolute; visibility: hidden;\" title=\"&#8220;Repress\u00e3o a uma marcha LGBT em Cuba: ditadura e homofobia no regime castrista&#8221; &#8212; Liga Internacional dos Trabalhadores\" src=\"https:\/\/litci.org\/pt\/2019\/05\/24\/repressao-a-uma-marcha-lgbt-em-cuba-ditadura-e-homofobia-no-regime-de-castrista\/embed\/#?secret=fhd8dm89Tj#?secret=A4WCleNt2s\" data-secret=\"A4WCleNt2s\" width=\"500\" height=\"282\" frameborder=\"0\" marginwidth=\"0\" marginheight=\"0\" scrolling=\"no\"><\/iframe>\n<\/div><\/figure>\n\n\n\n<figure class=\"wp-block-image size-full\"><img loading=\"lazy\" decoding=\"async\" width=\"1024\" height=\"768\" src=\"http:\/\/litci.org\/pt\/wp-content\/uploads\/2024\/07\/Cuba-4.png\" alt=\"\" class=\"wp-image-79206\" srcset=\"https:\/\/litci.org\/pt\/wp-content\/uploads\/2024\/07\/Cuba-4.png 1024w, https:\/\/litci.org\/pt\/wp-content\/uploads\/2024\/07\/Cuba-4-300x225.png 300w, https:\/\/litci.org\/pt\/wp-content\/uploads\/2024\/07\/Cuba-4-768x576.png 768w, https:\/\/litci.org\/pt\/wp-content\/uploads\/2024\/07\/Cuba-4-150x113.png 150w, https:\/\/litci.org\/pt\/wp-content\/uploads\/2024\/07\/Cuba-4-696x522.png 696w\" sizes=\"auto, (max-width: 1024px) 100vw, 1024px\" \/><figcaption class=\"wp-element-caption\">Foto: Helena N\u00e1huatl<\/figcaption><\/figure>\n\n\n\n<p><strong>8. H\u00e1 socialistas em Cuba que est\u00e3o contra o governo e o regime ditatorial<\/strong><\/p>\n\n\n\n<p>O governo cubano diz que qualquer dissid\u00eancia ao seu regime \u00e9 orquestrada pelos Estados Unidos\/Miami (onde est\u00e3o exilados muitos cubanos de direita neoliberal). E isso \u00e9 repetido ao redor do mundo por stalinistas e apoiadores do regime cubano em geral. O 11J rompeu com essa hegemonia e mostrou ao mundo que h\u00e1 uma esquerda socialista, anarquista e setores de defesa dos Direitos Humanos em Cuba que n\u00e3o pregam o neoliberalismo como resposta a Cuba atual, ao contr\u00e1rio, querem uma sociedade justa, igualit\u00e1ria e de direitos, inclusive os democr\u00e1ticos.<\/p>\n\n\n\n<p>A Esquerda Cr\u00edtica Cubana \u00e9 um exemplo importante desse setor.<\/p>\n\n\n\n<p><strong>Confira:<\/strong> <a href=\"https:\/\/litci.org\/pt\/2024\/06\/09\/cuba-do-capitalismo-de-estado-ao-neoliberalismo-economico-de-ideologia-politica-comunista\/\">https:\/\/litci.org\/pt\/2024\/06\/09\/cuba-do-capitalismo-de-estado-ao-neoliberalismo-economico-de-ideologia-politica-comunista\/<\/a><\/p>\n\n\n\n<figure class=\"wp-block-embed is-type-wp-embed is-provider-liga-internacional-dos-trabalhadores wp-block-embed-liga-internacional-dos-trabalhadores\"><div class=\"wp-block-embed__wrapper\">\n<blockquote class=\"wp-embedded-content\" data-secret=\"mCmt1IO1Wv\"><a href=\"https:\/\/litci.org\/pt\/2022\/02\/01\/cuba-socialismo-sem-liberdade-e-escravidao-e-brutalidade\/\">Cuba| Socialismo sem liberdade \u00e9 escravid\u00e3o e brutalidade<\/a><\/blockquote><iframe loading=\"lazy\" class=\"wp-embedded-content\" sandbox=\"allow-scripts\" security=\"restricted\" style=\"position: absolute; visibility: hidden;\" title=\"&#8220;Cuba| Socialismo sem liberdade \u00e9 escravid\u00e3o e brutalidade&#8221; &#8212; Liga Internacional dos Trabalhadores\" src=\"https:\/\/litci.org\/pt\/2022\/02\/01\/cuba-socialismo-sem-liberdade-e-escravidao-e-brutalidade\/embed\/#?secret=5aOpvypD6a#?secret=mCmt1IO1Wv\" data-secret=\"mCmt1IO1Wv\" width=\"500\" height=\"282\" frameborder=\"0\" marginwidth=\"0\" marginheight=\"0\" scrolling=\"no\"><\/iframe>\n<\/div><\/figure>\n\n\n\n<figure class=\"wp-block-embed is-type-wp-embed is-provider-la-joven-cuba wp-block-embed-la-joven-cuba\"><div class=\"wp-block-embed__wrapper\">\n<blockquote class=\"wp-embedded-content\" data-secret=\"yUOETqYPww\"><a href=\"https:\/\/jovencuba.com\/pais-celda\/\" target=\"_blank\" rel=\"noopener\">Un peque\u00f1o pa\u00eds tras una celda<\/a><\/blockquote><iframe loading=\"lazy\" class=\"wp-embedded-content\" sandbox=\"allow-scripts\" security=\"restricted\" style=\"position: absolute; visibility: hidden;\" title=\"\u00abUn peque\u00f1o pa\u00eds tras una celda\u00bb \u2014 La Joven Cuba\" src=\"https:\/\/jovencuba.com\/pais-celda\/embed\/#?secret=ugt9irp2AP#?secret=yUOETqYPww\" data-secret=\"yUOETqYPww\" width=\"500\" height=\"282\" frameborder=\"0\" marginwidth=\"0\" marginheight=\"0\" scrolling=\"no\"><\/iframe>\n<\/div><\/figure>\n\n\n\n<p><strong>9.&nbsp; Os Partidos Comunistas, mao\u00edstas e de outras vertentes da esquerda que defendem o PC cubano est\u00e3o contra as liberdades democr\u00e1ticas do povo cubano e sua justa luta por dignidade.<\/strong><\/p>\n\n\n\n<p>Ao dizer que Cuba \u00e9 socialista ou mesmo que caminha para isso, organiza\u00e7\u00f5es ao redor do mundo apresentam um horizonte ditatorial, de mis\u00e9ria e sem perspectivas transformadoras para uma vanguarda que busca uma alternativa ao capitalismo.<\/p>\n\n\n\n<p>Se a Revolu\u00e7\u00e3o cubana foi um marco e um caminho no seu momento, os desdobramentos do Regime dirigido por uma guerrilha assumiram um caminho oposto. A repress\u00e3o, encastelamento de uma burocracia que substituiu a classe trabalhadora, a opress\u00e3o a qualquer tipo de diversidade (como as UMAPs, lugares de trabalhos for\u00e7ados para os quais muitos homossexuais e vozes dissonantes foram enviadas, fato reconhecido pelo pr\u00f3prio Fidel Castro <a href=\"https:\/\/www.jornada.com.mx\/2010\/08\/31\/mundo\/026e1mun\" target=\"_blank\" rel=\"noopener\">https:\/\/www.jornada.com.mx\/2010\/08\/31\/mundo\/026e1mun<\/a>) e a nega\u00e7\u00e3o da Revolu\u00e7\u00e3o Mundial, fizeram retroceder conquistas e avan\u00e7os a passos largos ao longo dos anos.<\/p>\n\n\n\n<p>A forma mais honesta e correta de defender o socialismo em qualquer lugar do mundo hoje \u00e9 dizer em alto e bom som: n\u00e3o existe socialismo em Cuba.<\/p>\n\n\n\n<p><strong>Confira:<\/strong> <a href=\"https:\/\/litci.org\/pt\/2021\/11\/01\/65240-2\/\">https:\/\/litci.org\/pt\/2021\/11\/01\/65240-2\/<\/a><\/p>\n\n\n\n<p>10.&nbsp;&nbsp;&nbsp;&nbsp;&nbsp;&nbsp; <strong>N\u00e3o h\u00e1 socialismo em Cuba, mas a experi\u00eancia da revolu\u00e7\u00e3o cubana \u00e9 um exemplo de como o socialismo pode existir, se for constru\u00eddo diretamente sob controle dos trabalhadores, com a liberdade de express\u00e3o e com uma vis\u00e3o de revolu\u00e7\u00e3o que v\u00e1 al\u00e9m da Ilha.<\/strong><\/p>\n\n\n\n<p>As revolu\u00e7\u00f5es existem e podem obter grandes conquistas sociais. A Revolu\u00e7\u00e3o Cubana \u00e9 um exemplo que inspirou gera\u00e7\u00f5es na Am\u00e9rica Latina e deve ser reivindicado.<\/p>\n\n\n\n<p>Cabe a n\u00f3s, gera\u00e7\u00f5es posteriores, construir e orientar organiza\u00e7\u00f5es e movimentos que possam de fato, ser instrumentos da classe trabalhadora, juventude e oprimidos pelo mundo para a tomada do poder e a derrubada do capitalismo.<\/p>\n\n\n\n<p>A tomada do poder na Revolu\u00e7\u00e3o Cubana foi dirigida a princ\u00edpio por um setor n\u00e3o socialista, na verdade uma guerrilha pequeno-burguesa, que se \u201cstalinizou\u201d ao longo do tempo e, com isso, n\u00e3o s\u00f3 retrocedeu as conquistas do povo cubano, mas restaurou o capitalismo no pa\u00eds, tornando a mis\u00e9ria e desigualdade regras como boa parte dos pa\u00edses latino-americanos, ao mesmo tempo que mant\u00eam uma forte repress\u00e3o e a inexist\u00eancia de liberdades democr\u00e1ticas na Ilha.<\/p>\n\n\n\n<p>Defender irm\u00e3s e irm\u00e3os cubanos hoje \u00e9 defender seu direito \u00e0 liberdade, a uma revolu\u00e7\u00e3o pol\u00edtico e social sob controle dos trabalhadores e que possam de fato ter vida digna e sem a imensa desigualdade social que impera hoje na Ilha.<\/p>\n\n\n\n<p><strong>Confira:<\/strong> <a href=\"https:\/\/litci.org\/pt\/2022\/01\/14\/aonde-vai-cuba\/\">https:\/\/litci.org\/pt\/2022\/01\/14\/aonde-vai-cuba\/<\/a><\/p>\n\n\n\n<figure class=\"wp-block-image size-large\"><img loading=\"lazy\" decoding=\"async\" width=\"1024\" height=\"768\" src=\"http:\/\/litci.org\/pt\/wp-content\/uploads\/2024\/07\/Cuba-5-1024x768.png\" alt=\"\" class=\"wp-image-79207\" srcset=\"https:\/\/litci.org\/pt\/wp-content\/uploads\/2024\/07\/Cuba-5-1024x768.png 1024w, https:\/\/litci.org\/pt\/wp-content\/uploads\/2024\/07\/Cuba-5-300x225.png 300w, https:\/\/litci.org\/pt\/wp-content\/uploads\/2024\/07\/Cuba-5-768x576.png 768w, https:\/\/litci.org\/pt\/wp-content\/uploads\/2024\/07\/Cuba-5-1536x1152.png 1536w, https:\/\/litci.org\/pt\/wp-content\/uploads\/2024\/07\/Cuba-5-150x113.png 150w, https:\/\/litci.org\/pt\/wp-content\/uploads\/2024\/07\/Cuba-5-696x522.png 696w, https:\/\/litci.org\/pt\/wp-content\/uploads\/2024\/07\/Cuba-5-1068x801.png 1068w, https:\/\/litci.org\/pt\/wp-content\/uploads\/2024\/07\/Cuba-5.png 1598w\" sizes=\"auto, (max-width: 1024px) 100vw, 1024px\" \/><figcaption class=\"wp-element-caption\">Foto: Helena N\u00e1huatl<\/figcaption><\/figure>\n","protected":false},"excerpt":{"rendered":"<p>Se voc\u00ea \u00e9 uma pessoa vista como \u201cde esquerda\u201d em qualquer lugar do mundo, com certeza j\u00e1 ouviu falar sobre a Revolu\u00e7\u00e3o Cubana de 1959. Ela foi um marco para a Am\u00e9rica Latina e s\u00edmbolo de que uma alternativa ao capitalismo e imperialismo estadunidense (em 1959 est\u00e1vamos em plena Guerra Fria) poderia existir, impactando todas [&hellip;]<\/p>\n","protected":false},"author":7,"featured_media":79183,"menu_order":0,"comment_status":"open","ping_status":"open","sticky":false,"template":"","format":"standard","meta":{"litci_post_political_author":"","footnotes":""},"categories":[1182],"tags":[1183,7748],"class_list":["post-79187","post","type-post","status-publish","format-standard","has-post-thumbnail","hentry","category-cuba","tag-cuba-3","tag-helena-nahuatl"],"fimg_url":"https:\/\/litci.org\/pt\/wp-content\/uploads\/2024\/06\/WhatsApp-Image-2024-07-10-at-20.54.21-3.jpeg","categories_names":["Cuba"],"author_info":{"name":"lena","pic":"https:\/\/secure.gravatar.com\/avatar\/b9eb35b4c023b96c29c4a145a82c6c381b68f2c889c5427106ad5aab6df45b9d?s=96&d=mm&r=g"},"political_author":null,"tagline":"","_links":{"self":[{"href":"https:\/\/litci.org\/pt\/wp-json\/wp\/v2\/posts\/79187","targetHints":{"allow":["GET"]}}],"collection":[{"href":"https:\/\/litci.org\/pt\/wp-json\/wp\/v2\/posts"}],"about":[{"href":"https:\/\/litci.org\/pt\/wp-json\/wp\/v2\/types\/post"}],"author":[{"embeddable":true,"href":"https:\/\/litci.org\/pt\/wp-json\/wp\/v2\/users\/7"}],"replies":[{"embeddable":true,"href":"https:\/\/litci.org\/pt\/wp-json\/wp\/v2\/comments?post=79187"}],"version-history":[{"count":3,"href":"https:\/\/litci.org\/pt\/wp-json\/wp\/v2\/posts\/79187\/revisions"}],"predecessor-version":[{"id":79211,"href":"https:\/\/litci.org\/pt\/wp-json\/wp\/v2\/posts\/79187\/revisions\/79211"}],"wp:featuredmedia":[{"embeddable":true,"href":"https:\/\/litci.org\/pt\/wp-json\/wp\/v2\/media\/79183"}],"wp:attachment":[{"href":"https:\/\/litci.org\/pt\/wp-json\/wp\/v2\/media?parent=79187"}],"wp:term":[{"taxonomy":"category","embeddable":true,"href":"https:\/\/litci.org\/pt\/wp-json\/wp\/v2\/categories?post=79187"},{"taxonomy":"post_tag","embeddable":true,"href":"https:\/\/litci.org\/pt\/wp-json\/wp\/v2\/tags?post=79187"}],"curies":[{"name":"wp","href":"https:\/\/api.w.org\/{rel}","templated":true}]}}