{"id":79062,"date":"2024-06-17T17:13:34","date_gmt":"2024-06-17T17:13:34","guid":{"rendered":"https:\/\/litci.org\/pt\/?p=79062"},"modified":"2024-06-17T17:13:38","modified_gmt":"2024-06-17T17:13:38","slug":"peticao-liberdade-para-os-detentos-da-lei-de-bases-e-fim-da-perseguicao","status":"publish","type":"post","link":"https:\/\/litci.org\/pt\/2024\/06\/17\/peticao-liberdade-para-os-detentos-da-lei-de-bases-e-fim-da-perseguicao\/","title":{"rendered":"Peti\u00e7\u00e3o: Liberdade para os detentos da Lei de Bases e fim da persegui\u00e7\u00e3o"},"content":{"rendered":"\n<p>Assine este formul\u00e1rio: (https:\/\/forms.gle\/NmV9YWUs3jFBpQ8DA)<\/p>\n\n\n\n<p>N\u00f3s, abaixo assinados, exigimos a liberdade imediata e irrestrita de todos os detidos durante a manifesta\u00e7\u00e3o maci\u00e7a da \u00faltima quarta-feira, 12 de junho, contra a aprova\u00e7\u00e3o da chamada &#8220;Ley Bases&#8221;, exercendo seu direito democr\u00e1tico e constitucional de protestar. A maioria das pris\u00f5es ocorreu a mais de dez quadras da Plaza Congreso, em um momento em que as pessoas estavam deixando a manifesta\u00e7\u00e3o ap\u00f3s receberem uma enxurrada de g\u00e1s lacrimog\u00eaneo e balas de borracha das for\u00e7as federais e do governo da Cidade de Buenos Aires. As pessoas privadas de liberdade sofreram maus-tratos durante sua deten\u00e7\u00e3o.<\/p>\n\n\n\n<p>Tamb\u00e9m repudiamos firmemente e exigimos o fim da criminaliza\u00e7\u00e3o das organiza\u00e7\u00f5es pol\u00edticas, sociais e sindicais que, por terem participado dessa mobiliza\u00e7\u00e3o, s\u00e3o consideradas &#8220;terroristas&#8221; que agiram em uma &#8220;tentativa de golpe de Estado&#8221;, acusa\u00e7\u00f5es totalmente absurdas e infundadas. Durante a manifesta\u00e7\u00e3o de 12 de junho, as for\u00e7as de seguran\u00e7a n\u00e3o s\u00f3 reprimiram colunas de manifestantes que estavam exercendo seu direito constitucional de protestar, mas tamb\u00e9m deputados nacionais, alguns dos quais foram feridos pelas a\u00e7\u00f5es das for\u00e7as do Estado.<\/p>\n\n\n\n<p>Exigimos o fim imediato dessa campanha de persegui\u00e7\u00e3o contra aqueles que se op\u00f5em \u00e0s pol\u00edticas do governo de Milei e o respeito irrestrito aos direitos e garantias vigentes.<\/p>\n\n\n\n<p>PRIMEIRAS ASSINATURAS<\/p>\n\n\n\n<p>L\u00edderes e Organiza\u00e7\u00f5es de Direitos Humanos: Adolfo P\u00e9rez Esquivel; Estela de Carlotto, Av\u00f3s da Plaza de Mayo; Taty Almeida, M\u00e3es da Plaza de Mayo; Elia Espen e Mirta Baravalle, Linha Fundadora das M\u00e3es da Plaza de Mayo; Carlos Sueco Lordkipanidse, Reuni\u00e3o de Militantes de Cachito Fukman; Marta Ungaro, Parentes de Detidos Desaparecidos por Raz\u00f5es Pol\u00edticas La Plata; Eduardo Tavani, Presidente da APDH; Graciela Lois, Familiares de Ex-Detentos-Desaparecidos por raz\u00f5es pol\u00edticas; Mabel Careaga, Familiares de Ex-Detentos-Desaparecidos da Igreja Santa Cruz; Comiss\u00e3o Provincial pela Mem\u00f3ria; Madres de Plaza de Mayo L\u00ednea Fundadora de Tucum\u00e1n; Iris Avellaneda, Liga Argentina pelos Direitos do Homem; Liga Argentina pelos DD. HH. (LADH); Asamblea Permanente por los DD.HH. (APDH); Servicio Paz y Justicia (SERPAJ); Centro de Estudios Legales y Sociales (CELS); Coordinadora contra la Represi\u00f3n Policial e Institucional (CORREPI); Liberpueblo; H.I.J.O.S. Capital; H.I.J.O.S. Ciudad de Buenos Aires; Herman@s de Desaparecid@s por la Verdad y la Justicia; Hermanxs de Detenidxs Desaparecidxs y Asesinadxs por el Terrorismo de Estado; Asociaci\u00f3n de Ex Detenidos Desaparecidos (AEDD); Centro de Abogades por los Derechos Humanos (CADHU); Coordinadora Antirrepresiva por los Derechos del Pueblo (CADEP); Familiares de ex detenidos-desaparecidos, C\u00f3rdoba; Instituto Espacio para la Memoria (IEM); Ana Mar\u00eda Molina, Coordinadora Argentina por los DD. HH. (CADH); Movimiento Ecum\u00e9nico por los DD.HH. (MEDH); Myriam Bregman, presidente do CeProDH; Pablo Vasco, Centro CADHU; Centro Nelly Minyerski; Eduardo Barcesat; Atilio Bor\u00f3n; Padre &#8216;Paco&#8217; Olveira; Mar\u00eda Laura Garrig\u00f3s; Luis Alen; Angel Cappa; Fernando Signorini; Sabina Frederic; Mar\u00eda del Carmen Verd\u00fa; Stella Calloni; Ana Mar\u00eda Careaga; Lita Stantic; Luis &#8216;Lucho&#8217; Paz; Alberto Santill\u00e1n, pai de Dar\u00edo Santill\u00e1n; Jueces de la Doctrina Franciscana; Grupo de Curas en Opci\u00f3n por los Pobres; Pastoral Social Evang\u00e9lica (PSE); Justicia Leg\u00edtima Asociaci\u00f3n de Abogados y Abogadas Laboralistas (AAL); Instituto EnFoco de Pol\u00edticas sobre Delitos, Seguridad y Violencias; Comit\u00e9 para la Defensa de la Salud, la \u00c9tica y los DD. HH. (CODESEDH); Nicol\u00e1s Alessio, Grupo Sacerdotal Enrique Angelelli; F\u00e1tima Cabrera, Espacio Interreligioso Patrick Rice; Graciela Lois, Familiares de Detenidos Desaparecidos por Raz\u00f5es Pol\u00edticas; Mabel Careaga, Familiares y Compa\u00f1eros de los 12 de la Santa Cruz; Beatriz Capdevila, Asamblea Permanente por los Derechos Humanos La Matanza; Diana Kordon, Liberpueblo; AciFaD (Asociaci\u00f3n Civil Familiares de detenidos); continue assinando&#8230;.<\/p>\n\n\n\n<p>Organiza\u00e7\u00f5es Internacionais: Judith Galarza Campos, Presidente da Federa\u00e7\u00e3o Latino-Americana de Associa\u00e7\u00f5es de Familiares de Detidos-Desaparecidos (FEDEFAM); Brigitte Domergue, da Associa\u00e7\u00e3o Francesa de Familiares de Desaparecidos; Fernanda Aguirre, Secret\u00e1ria de Direitos Humanos do PIT-CNT (Uruguai); Silvia Bellizzi, Parentes do Uruguai; Luis Ruiz, Secret\u00e1rio de Direitos Humanos do Partido para a Vit\u00f3ria do Povo (PVP), Uruguai; Alicia Castro, Soberanxs Miguel Velo; Lorena Donaire, Mulheres em Resist\u00eancia (Chile); Liliana Castillo Rojas, Agrupaci\u00f3n Detenidos-Desaparecidos (Chile); Mariana Pereira Ambrossi, Resistencia Feminista (Uruguai); Ligia Liberatori, Ni una menos &#8211; Berlin (Alemanha); Juan Moreno Garc\u00eda, Izquierda Unida (Espanha); M\u00e1rgara Mill\u00e1n, Red Feminismos Descoloniales (M\u00e9xico); Nuria Alabao, jornalista, Zona de Estrategia (Espanha); Yumac Ortiz, CPAZ (Equador); Malen Ota\u00f1o, YoNoFui, coletivo abolicionista penal; Francesc Relea, jornalista e documentarista (Catalunha); Women&#8217;s International League for Peace and Freedom &#8211; Secc. Argentina (WILPF\/LIMPAL); Asociaci\u00f3n Educaci\u00f3n y Solidaridad-Francia; Confederaci\u00f3n Latinoamericana y del Caribe de Trabajadores Estatales (CLATE); Asociaci\u00f3n Latinoamericana de Abogados y Abogadas Laboralistas (ALAL); Asociaci\u00f3n Latinoamericana de Jueces del Trabajo (ALTJ); Vidal Aragon\u00e9s, Diputado (mc), Catalu\u00f1a; Equipe de advogados da a\u00e7\u00e3o judicial contra os crimes de Franco &#8211; Gerardo Caviglia; Agust\u00edn Romero, Izquierda Unida (Espanha); Marcos Roitman Rosenmann, Soci\u00f3logo, acad\u00eamico da Universidad Complutense de Madrid; Alicia Lajmanovich, Presidente da Association Grenobloise Solidarit\u00e9 Argentine &#8211; Grenoble, Fran\u00e7a; Norma Ciuffo, Embaixadora da Ville Apprenante de la UNESCO, Fran\u00e7a; Olga: Hern\u00e1ndez, Collectif pour la M\u00e9moire, V\u00e9rit\u00e9 et Justice de Rh\u00f4ne Alpes, Fran\u00e7a; Victoria Grabrois, Coordenadora Coletiva de O Grupo Tortura Nunca Mais\/RJ Brasil; Alirio Uribe, Deputado Colombiano no Parlamento Nacional; Marcela S\u00e1nchez, Diretora da Colombia Diversa; Luz Marina Monz\u00f3n Cifuentes, Presidente Otras Voces, Col\u00f4mbia; Erika Hennings, Presidente Colectivo Chileno Londres 38; Marta Cisternas, Fundaci\u00f3n 1367 Casa Memoria Jos\u00e9 Domingo Ca\u00f1as, Chile; Alejandro N\u00fa\u00f1ez, Presidente da Corporaci\u00f3n Parque por La Paz, Villa Grimaldi, Chile.<\/p>\n\n\n\n<p>Deputados e Senadores Nacionais: Paula Penacca (UxP); Leopoldo Moreau (UxP); Nicol\u00e1s del Ca\u00f1o (PTS\/FITU); Christian Castillo (PTS\/FITU); Alejandro Vilca (PTS\/FITU); Romina del Pl\u00e1 (PO\/FITU); Vanina Biasi (PO\/FITU); Esteban Paul\u00f3n (PS); Juan Marino (UxP); Vanesa Siley (UxP); Julia Strada (UxP); Blanca Osuna (UxP); Jos\u00e9 Glinsky (UxP); Ver\u00f3nica Gonz\u00e1lez (Deputada Nacional do FPV Tierra del Fuego, mc); Claudio Lozano (Unidad Popular, mc); Ver\u00f3nica Mercado, deputada nacional (FPV Catamarca, mc), Mar\u00eda Rosa Mart\u00ednez, senadora (Frente de Todos, PBA); Mariano West (FPV, PBA, deputado nacional, mc); Ver\u00f3nica Benas, Deputada (PARES na Frente Ampla pela Soberania, Santa F\u00e9); Marina Riofrio, Senadora Nacional (PJ San Juan, mc); Nanci Parrilli, Senadora (PJ Neuqu\u00e9n, mc); Haide Giri, Senadora Nacional (C\u00f3rdoba, mc);<\/p>\n\n\n\n<p>Deputados Estaduais e Vereadores: Victoria Montenegro (UxP, CABA); Gabriel Solano (PO\/FITU, CABA); Celeste Fierro (MST\/FITU, CABA); Alejandrina Barry (PTS\/FITU, CABA-mc), filha de detentos-desaparecidos; Alejandro Bodart (MST\/FITU, CABA mc); Vilma Ripoll (MST\/FITU, CABA mc); N\u00e9stor Pitrola (PO\/FITU, PBA, mc); Luciana Echevarr\u00eda (MST\/FITU, Legisladora C\u00f3rdoba); Soledad Alonso, (UxP, PBA); Gustavo Pulti (UxP, PBA); Noelia Saavedra (Movimiento Evita, PBA); Alejandro Dichiara (Presidente da C\u00e2mara dos Deputados da Prov\u00edncia de Buenos Aires); Santiago Vasconcelos, (PO\/FITU, deputado provincial de Chubut); Tomas Andr\u00e9s Blanco (PTS\/FITU, deputado de Neuqu\u00e9n); Jes\u00fas Escobar (Libres del Sur, Neuqu\u00e9n, mc); Betina Rivero (MST\/FITU, conselheira de Palpal\u00e1, Jujuy); Priscila Ott\u00f3n (MST\/FITU, conselheira de Neuqu\u00e9n); Sergio Piguillem (UCR Ciudad de C\u00f3rdoba, conselheiro); H\u00e9ctor Toty Flores (Cambiemos-La Matanza, conselheiro); Mar\u00eda Jos\u00e9 Lubertino (CABA, mc) Emmanuel Fern\u00e1ndez (UxP, presidente do Conselho Deliberativo de Moreno, PBA); Noem\u00ed Aguilera (UxP, presidente de bloco no Conselho Deliberativo de Moreno, PBA); Lucas Franco (UxP, Conselheiro de Moreno, PBA); Marisol Gallardo (UxP, Conselheira de Moreno, PBA); Zulma Gil (UxP, Conselheira de Moreno, PBA); Araceli Bellota e Federico Fongi (UxP, Conselheiros de Moreno); Pablo Lopardo (MST\/FITU, conselheiro de Moreno); Erica Seitler (PTS\/FITU, conselheira de Moreno, PBA); Susana Ver\u00f3n (MST\/FITU, conselheira de Merlo); Valeria Bibiano (MST\/FITU, conselheiro Jos\u00e9 C. Paz, PBA); Rold\u00e1n Mariela, (UxP, Vereador Jos\u00e9 C. Paz, PBA); Ivan Ponce (Vereador mc Jos\u00e9 C. Paz, PBA); Sandra Becerra (Vereadora mc, Jos\u00e9 C. Paz, PBA); Anabela Colli (PTS\/FITU, Vereador Jos\u00e9 C. Paz, PBA).<\/p>\n\n\n\n<p>Jornalistas e Artistas: Alejandro Wall, jornalista; Telma Luzzani, jornalista AM 530, Tamara Bezares, jornalista Cr\u00f3nica; Adriana Meyer, jornalista; Nora B\u00e4r, jornalista El Destape; Diego Pietrafesa, jornalista, delegado SiPreBA; Adriana Vanoli, jornalista; Miguel Alejandro Iademarco Ponce, La voz de Tandil; Oscar Mart\u00ednez Zemborain, jornalista; Pablo Salguero, Radio Sudaca, Universidade Nacional da Patag\u00f4nia; Agust\u00edn Ronconi, m\u00fasico Arbolito; Andr\u00e9s Fari\u00f1a, ARBOLITO; Ezequiel Jusid, Arbolito; Nora Chirom, artista visual; Julio Alberto Vilches, ator (Associa\u00e7\u00e3o de Cineastas de C\u00f3rdoba); Carlos Berraymundo, ator; Nara Carreira, Actrices Argentinas \/ Unidxs x la Cultura; Lis Marcia Viviana Di Marco, Asociaci\u00f3n Argentina de Actrices y Actores Delegaci\u00f3n Mendoza; Guillermo Saposnik, ADF Cinematograf\u00eda; Luciana Kohn, Cine Arg. Unido; Daniel Di Mauro, Teatro de t\u00edteres La Pareja; Mar\u00eda Andrea Boffo, atriz;<\/p>\n\n\n\n<p>Organiza\u00e7\u00f5es Pol\u00edticas, Sindicais, Sociais e Estudantis: MST (Movimiento Socialista de los Trabajadores en el FITU); PO (Partido Obrero en el FITU); PTS (Partido de los Trabajadores Socialistas en el FITU); IS (Izquierda Socialista en el FITU); Libres del Sur; PCR (Partido Comunista Revolucionario); Nuevo MAS; Pol\u00edtica Obrera; Partido Humanista; Movimiento Mayo; Movimiento Mayo; Mart\u00edn Fierro; OLP; PL (Partido de la Liberaci\u00f3n); PRT (Partido Revolucion\u00e1rio dos Trabalhadores); V\u00eda Socialista; Aldo Casas, Herramienta; Laura Berardo, Subsecretaria de Direitos Humanos de Lomas de Zamora; Camila Canales, Movimiento Evita Centro Padre M\u00fagica; Elisabet Caminos, Frente Popular Dar\u00edo Santill\u00e1n Corriente Plurinacional; H\u00e9ctor Andr\u00e9s Poggi, Movimiento Pol\u00edtico Social y Cultural Proyecto Sur; Ricardo Pablo Marino, La C\u00e1mpora, HIGA San Mart\u00edn; Central de Trabajadores de la Argentina &#8211; Aut\u00f3noma (CTA-A Nacional); Asociaci\u00f3n de Trabajadores del Estado (ATE Nacional); ATE Capital; CTA Aut\u00f3noma Pcia. de Bs. Aires; CTA Aut\u00f3noma Capital; Federaci\u00f3n Judicial Argentina (FJA); Asociaci\u00f3n Americana de Juristas (AAJ); La Gremial de Abogados y Abogadas de la Rep\u00fablica Argentina; Corriente de Abogados Laboralistas &#8220;7 de Julio&#8221;; Abogados Laboralistas de Rosario; Llamamiento Argentino Jud\u00edo; M\u00f3nica Sulle, Movimiento Sin Trabajo, MST &#8220;Teresa Vive&#8221;; Eduardo Belliboni, Polo Obrero; Sandra Vila, MTL Rebelde; Mesa de las ni\u00f1eces Jos\u00e9 C. Paz; Laurel Fagni, Chiques del Pueblo; Federaci\u00f3n Nacional Territorial (FENAT); Federaci\u00f3n Trabajadores de la Energ\u00eda (FETERA); Mirka Elizabeth Fern\u00e1ndez; Secretaria General del Gremio de Docentes Autoconvocados Formosa; Nilda Beatriz Pati\u00f1o, Secretaria Gremial del Gremio de los Docentes Autoconvocados, Formosa; Sebastian Tomas Patitucci, Secretario de Prensa del Gremio de los Docentes Autoconvocados Formosa; Federaci\u00f3n Nacional de Docentes, Investigadores y Creadores Universitarios &#8211; Hist\u00f3rica (CONADUH); Sof\u00eda C\u00e1ceres Sforza, Secret\u00e1ria Geral do SITRADU, sindicato de professores universit\u00e1rios, Entre R\u00edos; Anah\u00ed Rodr\u00edguez, Secret\u00e1ria Geral da ADIUNT; Luc\u00eda Hell\u00edn, Sec. Gremial AGD FFyL UBA; Fortunato Mallimaci, CONiCET e UBA, FSOC e CEIL; Melina Tarnoski, Sec. G\u00e9nero y Diversidad Sexual, Facultad de Sociales, UNLZ Universidad de Lomas de Zamora; Marcelo Wi\u00f1azky, FCE UBA; Juan Carlos Radovich, UBA\/CONICET, Facultad de Filosof\u00eda y Letras; Juventud Socialista del MST-FITU; En Clave Roja; Ya Basta! La Marea MST, Universidad Nacional del Comahue; Juan Jos\u00e9 Barrionuevo, Marabunta &#8211; Corriente Social y Pol\u00edtica, Colegio Nacional de Monserrat &#8211; UNC; Confederaci\u00f3n General de Jubilados, Pensionados y Adultos Mayores; Mesa Coordinadora Nacional de Jubilades y Pensionades; Jubiladxs de Izquierda-MST; UTEP Secretar\u00eda de DD.HH. Frente 22 de Agosto; ATTAC Argentina; Fundaci\u00f3n de Investigaciones Sociales y Pol\u00edticas (FISYP); Red en Defensa de la Humanidad; Movimiento Federal por la Soberan\u00eda Nacional (MFSN); Fundaci\u00f3n Interactiva para Promover la Cultura del Agua (FIPCA); El Grito del Sur; Campa\u00f1a Nacional por la Reforma Judicial Feminista (Campanha Nacional pela Reforma Judicial Feminista); Proyecto Generar; Colectiva Andina; Frente de Abogados Populares (FAP); Nace un Derecho; Frente de Abogados de la AABA; Corriente de Abogados Porte\u00f1os; Campa\u00f1a Nacional por el Derecho al Aborto Legal, Seguro y Gratuito &#8211; Regional CABA; Asociaci\u00f3n de Profesionales de la Direcci\u00f3n Esc\u00e9nica Argentina (APDEA); Grupo de Litigio Red de Medios Digitales; Comisi\u00f3n de Administraci\u00f3n de Justicia del Instituto Patria; Comisi\u00f3n de Inclusi\u00f3n y Desarrollo Social del Instituto Patria; Sociedad Argentina de Bio\u00e9tica y DD. HH.; Cap\u00edtulo Argentino da Rede de Bio\u00e9tica; Grupo de Pesquisa da Faculdade de Filosofia e Letras; Associa\u00e7\u00e3o Cidad\u00e3 de Direitos Humanos (ACDH); Monitor de Respostas Repressivas ao Protesto Social do IEF-CTAA; Secretaria de Direitos Humanos da CTA-A Nacional; Secretaria de Direitos Humanos da CTA-A Nacional; Secretaria de Direitos Humanos da CTA-A Nacional; Secretaria de Direitos Humanos da CTA-A Nacional; Comiss\u00e3o de Direitos Humanos da CTA-A Nacional. CTA-A Nacional; Secretaria de Direitos Humanos. CTA-A Capital; Congresso da ATE; Secretaria de Direitos Humanos do Munic\u00edpio de Avellaneda; Dire\u00e7\u00e3o de DD.HH. Municipalidad de Moreno; Colectivo Quilmes Memoria, Verdad y Justicia; Espacio para la Memoria Virrey Ceballos; DD.HH. San Oscar Romero Isla Maciel; Asociaci\u00f3n de Abogadxs Bonaerenses; Abogados Peronistas de Moreno; Asociaci\u00f3n Civil Moreno por la Memoria (MxM); Federaci\u00f3n de Cooperativas y Mutuales del Oeste de la provincia de Bueno Aires (FEMOBA); Cooperativa de Comunicaci\u00f3n CARTA; Mirador Patrimonial Ciudadano &#8211; Regional La Plata-Berisso-Ensenada; Unidxs x La Cultura &#8211; Regional La Plata-Berisso-Ensenada; Centro de Pensamiento Jur\u00eddico Cr\u00edtico; Red de Defensoras del Ambiente y el Buen Vivir; Multisectorial Villa Gesell; Asamblea Permanente por los DD. HH. &#8211; Regional Jujuy (APDH Jujuy); Familiares de Detenidos y Liberados (FADELI); Direcci\u00f3n de Pol\u00edticas Post Carcelarias de la Municipalidad de San Mart\u00edn; Corriente Eva Per\u00f3n; CPS 29 de Mayo; Organizaci\u00f3n 25 de Mayo; Asamblea Permanente por los DD.HH. Regional Jujuy; Centro de Estudos e Investiga\u00e7\u00f5es em DHG. prof. J.C. Gardella, Fac. de Derecho, UNR (CEIDH Gardella); Uruguayxs en Argentina por los DD.HH.; Agustina Guimaraes, Furia Trava; Liliana Jensen, Red Provincial de Mujeres contra la violencia de g\u00e9nero; Comisi\u00f3n de Mujeres, G\u00e9nero y DD.HH. do Instituto Patria; Juntas y a la Izquierda-MST (FITU); Pan y Rosas; Mabel Di Leo, bra\u00e7o feminino do Movimento Peronista; Incidencia Feminista; Carlos \u00c1lvarez, jornalista da Radio Gr\u00e1fica; Vivas y Furiosas, Educadoras feministas; Germ\u00e1n Pinazo, vice-reitor da UNSAM; Leandro Tresols, Varones Desobedientes; Patricia Vaca Narvaja, ex-deputada; Esteban Castro, UTEP; Julieta Bandirali, Asociaci\u00f3n de Abogados y Abogadas de Buenos Aires; Asociaci\u00f3n de abogados y abogados laboralesistas &#8211; Guillermo Pajoni; Sindicato dos trabalhadores e trabalhadoras da Administra\u00e7\u00e3o Nacional da Seguridade Social (ANSES); Guillermo Pacagnini, FESINTRAS (Federaci\u00f3n Sindical Nacional de Trabajadoresxs de la Salud); Gast\u00f3n Vacchiani, Secret\u00e1rio Geral UTS (Uni\u00f3n de Trabajadores de la Salud, C\u00f3rdoba); C\u00e9sar Latorre, Delegado Geral do Hospital Italiano &#8211; ATSA; Andrea Ram\u00edrez, Secret\u00e1rio Geral ALE (Asociaci\u00f3n de Licenciadas\/os en Enfermer\u00eda de CABA); Norma Lezana, Secret\u00e1ria Geral APyT (Asociaci\u00f3n Gremial de Profesionales y T\u00e9cnicos del Hospital Garrahan); Claudio Mora, Diretor Nacional do SUTNA; Mariano Veiga, Secret\u00e1rio Geral da AGIHM (Associa\u00e7\u00e3o Interdisciplinar do Com\u00e9rcio do Hospital Moyano); Ra\u00fal Laguna Bosch, Secret\u00e1rio de Organiza\u00e7\u00e3o do CICOP; Alicia Rivas Zelaya, CTA Aut\u00f4noma Misiones, Universidade Nacional de Misiones: Ingrid Urrutia, Secret\u00e1ria Geral da Diretoria Sindical Interna da ATE INCAA (Instituto Nacional de Cinema); Leonardo Nicol\u00e1s Rando, Delegado do Minist\u00e9rio da Cultura da ATE; Ignacio C\u00e1mpora, CD ATE Capital Agricultura; Flavia Fern\u00e1ndez Brozzi, Diretoria Vocal da ATE Capital; Marcela Artigas e Nadin Smith, Diretoria da ATE Capital, Agustina Panissa, Ouvidora da CABA, Sandra Di Claudio, Diretoria da ATE Capital, Minist\u00e9rio da Economia; Ra\u00fal Eduardo Su\u00e1rez, Asociaci\u00f3n de M\u00e9dicos Municipales, Hospital Pi\u00f1ero CABA; Liliana Ortega, Gremial Banco Naci\u00f3n; H\u00e9ctor Amichetti, Sindicato Federaci\u00f3n Gr\u00e1fica Bonaerense; Diego Carrizo, Secretario de DD HH de ATE y CTA Aut\u00f3noma de Malvinas Argentinas (Prov. de Bs. ); Soria Ra\u00fal, 1\u00b0 de Mayo ATE Moreno; Augusto Wiemann, Despedido GPS &#8211; Aerol\u00edneas Argentinas; Maxi Masquijo, Secret\u00e1rio de Imprensa da ATECH Provincial (Chubut) \/ Francisco Torres, Secret\u00e1rio Sindical da FND (Federaci\u00f3n Nacional Docente); Lucrecia Cocha, Secret\u00e1ria de Organiza\u00e7\u00e3o da UEPC C\u00f3rdoba; Facundo Fern\u00e1ndez, Secret\u00e1rio de Cultura da AMSAFE Rosario; Conselho de Administra\u00e7\u00e3o SUTEBA Moreno; Jes\u00fas Esp\u00edndola, Secret\u00e1rio Geral SUTEBA Moreno; Ang\u00e9lica Guiot, Secret\u00e1ria Geral da SUTEBA Marcos Paz; Andrea Lanzette, Deputada Multicor da SUTEBA Lan\u00fas; Daniela Rodr\u00edguez, Secret\u00e1ria de Direitos Humanos da SUTEBA Bah\u00eda Blanca; Vanesa Gagliardi, Conselho de Administra\u00e7\u00e3o da Ademys; Ailen Beraldo, Secret\u00e1ria de A\u00e7\u00e3o Social da Ademys; Andr\u00e9s Machuca, SUTEBA La Matanza; Sergio Cordova, Docentes de Base de La Matanza; Alternativa Docente; Docentes en Marcha; Tribuna Docente; Marr\u00f3n 9 de Abril; ATE Verde Roja-Moreno; METRAM &#8211; Asociaci\u00f3n civil ecol\u00f3gica y trabajo ambiental; Red Ecosocialista-MST (FITU); Red Del Encuentro, educa\u00e7\u00e3o popular e comunit\u00e1ria; Equipo Argentino de Trabajo e Investigaci\u00f3n Psicosocial (EATIP); Alicia Graziano e Oscar Garc\u00eda, Agrupaci\u00f3n de Trabajadores Sobrevivientes de la Tortura e Carlos Monestes, DDHH CTA Ciudad; Movimiento No Matar\u00e1s; Asamblea Desobediente; Asamblea Autoconvocada Mercedes; <\/p>\n\n\n\n<p>Continuam as assinaturas &#8230;.<\/p>\n","protected":false},"excerpt":{"rendered":"<p>Assine este formul\u00e1rio: (https:\/\/forms.gle\/NmV9YWUs3jFBpQ8DA) N\u00f3s, abaixo assinados, exigimos a liberdade imediata e irrestrita de todos os detidos durante a manifesta\u00e7\u00e3o maci\u00e7a da \u00faltima quarta-feira, 12 de junho, contra a aprova\u00e7\u00e3o da chamada &#8220;Ley Bases&#8221;, exercendo seu direito democr\u00e1tico e constitucional de protestar. A maioria das pris\u00f5es ocorreu a mais de dez quadras da Plaza Congreso, [&hellip;]<\/p>\n","protected":false},"author":7,"featured_media":79063,"menu_order":0,"comment_status":"open","ping_status":"open","sticky":false,"template":"","format":"standard","meta":{"litci_post_political_author":"","footnotes":""},"categories":[94],"tags":[395,8709],"class_list":["post-79062","post","type-post","status-publish","format-standard","has-post-thumbnail","hentry","category-argentina","tag-argentina-2","tag-milei"],"fimg_url":"https:\/\/litci.org\/pt\/wp-content\/uploads\/2024\/06\/Argentina.jpg","categories_names":["Argentina"],"author_info":{"name":"lena","pic":"https:\/\/secure.gravatar.com\/avatar\/b9eb35b4c023b96c29c4a145a82c6c381b68f2c889c5427106ad5aab6df45b9d?s=96&d=mm&r=g"},"political_author":null,"tagline":"","_links":{"self":[{"href":"https:\/\/litci.org\/pt\/wp-json\/wp\/v2\/posts\/79062","targetHints":{"allow":["GET"]}}],"collection":[{"href":"https:\/\/litci.org\/pt\/wp-json\/wp\/v2\/posts"}],"about":[{"href":"https:\/\/litci.org\/pt\/wp-json\/wp\/v2\/types\/post"}],"author":[{"embeddable":true,"href":"https:\/\/litci.org\/pt\/wp-json\/wp\/v2\/users\/7"}],"replies":[{"embeddable":true,"href":"https:\/\/litci.org\/pt\/wp-json\/wp\/v2\/comments?post=79062"}],"version-history":[{"count":1,"href":"https:\/\/litci.org\/pt\/wp-json\/wp\/v2\/posts\/79062\/revisions"}],"predecessor-version":[{"id":79064,"href":"https:\/\/litci.org\/pt\/wp-json\/wp\/v2\/posts\/79062\/revisions\/79064"}],"wp:featuredmedia":[{"embeddable":true,"href":"https:\/\/litci.org\/pt\/wp-json\/wp\/v2\/media\/79063"}],"wp:attachment":[{"href":"https:\/\/litci.org\/pt\/wp-json\/wp\/v2\/media?parent=79062"}],"wp:term":[{"taxonomy":"category","embeddable":true,"href":"https:\/\/litci.org\/pt\/wp-json\/wp\/v2\/categories?post=79062"},{"taxonomy":"post_tag","embeddable":true,"href":"https:\/\/litci.org\/pt\/wp-json\/wp\/v2\/tags?post=79062"}],"curies":[{"name":"wp","href":"https:\/\/api.w.org\/{rel}","templated":true}]}}