{"id":78966,"date":"2024-05-27T02:42:21","date_gmt":"2024-05-27T02:42:21","guid":{"rendered":"https:\/\/litci.org\/pt\/?p=78966"},"modified":"2024-05-27T02:42:24","modified_gmt":"2024-05-27T02:42:24","slug":"crise-no-uruguai-metade-da-forca-de-trabalho-e-pobre","status":"publish","type":"post","link":"https:\/\/litci.org\/pt\/2024\/05\/27\/crise-no-uruguai-metade-da-forca-de-trabalho-e-pobre\/","title":{"rendered":"Crise no Uruguai: metade da for\u00e7a de trabalho \u00e9 pobre"},"content":{"rendered":"\n<p><em>Num contexto de agravamento da crise internacional, os fen\u00f4menos locais devem ser analisados \u200b\u200bnum contexto de guerra mundial e de ataque \u00e0s condi\u00e7\u00f5es de vida da classe oper\u00e1ria, a fim de restaurar as taxas de lucro.<\/em><\/p>\n\n\n\n<p>Por: IST Uruguai<\/p>\n\n\n\n<p><strong>Os \u201cdonos do pa\u00eds\u201d concentram a riqueza<\/strong><\/p>\n\n\n\n<p>No Uruguai, 1% da popula\u00e7\u00e3o concentra 15% da renda e 44% da riqueza; s\u00e3o 10 mil pessoas com mais de um milh\u00e3o de d\u00f3lares e 100 com bens superiores a 50 milh\u00f5es, o que coloca o pa\u00eds com uma concentra\u00e7\u00e3o de riqueza maior que o M\u00e9xico e a Argentina. Esta situa\u00e7\u00e3o \u00e9 explicada pelo aumento dos dep\u00f3sitos banc\u00e1rios de montantes superiores a um quarto de milh\u00e3o de d\u00f3lares, que contrastam com a deteriora\u00e7\u00e3o do mercado de trabalho e a perda sustentada de sal\u00e1rio desde 2020.<\/p>\n\n\n\n<p>\u00c9 uma burguesia parasit\u00e1ria, cuja atividade implica um grau m\u00ednimo de investimento e desenvolvimento produtivo: em 2023, os produtos mais exportados pelo Uruguai foram mat\u00e9rias-primas como carne bovina, celulose, latic\u00ednios, concentrados de bebidas e o arroz.<\/p>\n\n\n\n<p>A n\u00edvel continental e nacional, pa\u00edses como o Uruguai dependem de um mercado internacional cada vez mais vol\u00e1til, envolvido em guerras comerciais e armadas, onde os pa\u00edses investem somas astron\u00f3micas para manter bancos e empresas \u00e0 tona, com um consequente aumento da d\u00edvida e do d\u00e9ficit fiscal (esse que querem que acreditemos que \u00e9 responsabilidade dos \u201cgastos sociais\u201d).<\/p>\n\n\n\n<p>No entanto, o Estado priva-se de arrecadar enormes quantias de dinheiro de tributos: subs\u00eddios, isen\u00e7\u00f5es, elimina\u00e7\u00e3o do pagamento de contribui\u00e7\u00f5es, impostos sobre a renda somam uma perda de arrecada\u00e7\u00e3o superior a 6,5% do PIB&#8230; Toda uma estrutura orquestrada para beneficiar empres\u00e1rios que se utilizam da fuga de capitais, que pagam sal\u00e1rios de fome, que especulam a n\u00edvel financeiro.<\/p>\n\n\n\n<p>As medidas do governo Lacalle Pou tiveram como eixo minar o sal\u00e1rio e, portanto, as condi\u00e7\u00f5es de vida da classe oper\u00e1ria, facilitando as condi\u00e7\u00f5es para os patr\u00f5es recomporem a sua taxa de lucro com base na imposi\u00e7\u00e3o de novos confiscos \u00e0 classe oper\u00e1ria, que somam-se \u00e0 explora\u00e7\u00e3o inerente ao sistema.<\/p>\n\n\n\n<p><strong>Um sal\u00e1rio que n\u00e3o chega ao fim do m\u00eas<\/strong><\/p>\n\n\n\n<p>Segundo dados publicados pelo INE em novembro de 2023, o Uruguai tem 3.444.263 habitantes. Um sexto desta popula\u00e7\u00e3o \u2013 550 mil, o equivalente a 33% dos trabalhadores \u2013 ganha menos de $25 mil pesos, refletindo um aumento de 100 mil em compara\u00e7\u00e3o com 2019, apenas 4 anos antes. Ou seja, um sexto da popula\u00e7\u00e3o do Uruguai (que, por sua vez, sustenta a vida de suas fam\u00edlias) ganha $25 mil pesos ou menos.<\/p>\n\n\n\n<p>Neste sentido, La Diaria afirma que \u201c<em>dentro deste corte vale a pena mencionar os sal\u00e1rios submersos, aqueles inferiores a <\/em><em>$<\/em><em>15.000 pesos mensais, que evolu\u00edram de 133.000 trabalhadores em 2019, 8% do total, para 173.000 trabalhadores, 11%. Estes dados n\u00e3o t\u00eam em conta o aumento de trabalhadores ativos ocorrido durante 2023, cerca de 80 mil, o que poder\u00e1 afetar os n\u00fameros de 2022.\u201d<\/em>1<\/p>\n\n\n\n<p>Segundo o relat\u00f3rio do Instituto Cuesta Duarte (IDC), os sal\u00e1rios submersos atingem mais quem est\u00e1 na informalidade, s\u00e3o mulheres e vivem no interior. Dois em cada tr\u00eas trabalhadores informais (cerca de 72 mil) ganham menos de $25 mil pesos. Segundo nota publicada no El Observador em 2021, havia cerca de 400 mil trabalhadores no \u201cmercado informal\u201d2.<\/p>\n\n\n\n<p>Por setor de emprego, mant\u00e9m-se a tend\u00eancia da \u00faltima d\u00e9cada: metade dos trabalhadores dom\u00e9sticos, trabalhadores rurais, trabalhadores da gastronomia e do com\u00e9rcio auferem estes sal\u00e1rios de pobreza3. Estima-se que mais de metade dos sal\u00e1rios submersos estejam concentrados nestes setores.<\/p>\n\n\n\n<p>Como esses sal\u00e1rios impactam? Encontraremos uma poss\u00edvel resposta \u201ccruzando\u201d os dados com o custo da cesta familiar nos \u00faltimos anos.<\/p>\n\n\n\n<p>Em dezembro de 2020, o IPCB (conhecido como \u201ccesta familiar de Pesquisa\u201d) ascendia a $98.036 pesos4. Em maio de 2023, o custo da cesta era de $123.134 pesos, com m\u00e9dia di\u00e1ria de $1.778 pesos em alimentos (item de maior peso neste \u00edndice), somando cerca de $ 40 mil pesos no total.<\/p>\n\n\n\n<p>Ou seja, uma fam\u00edlia de 3 membros, onde dois trabalham, devem gastar esses valores com alimenta\u00e7\u00e3o, transporte, moradia, recrea\u00e7\u00e3o, educa\u00e7\u00e3o, etc. para satisfazer as necessidades humanas. Vale ainda destacar que existem alguns itens que s\u00e3o calculados abaixo dos custos reais, por exemplo no item \u201calugu\u00e9is\u201d, cujo pre\u00e7o estimado \u00e9 de $ 6.900 pesos, equivalente a 2010, segundo a CGN; enquanto em 2020 a m\u00e9dia foi de $16.500 pesos da mesma fonte.<\/p>\n\n\n\n<p>Em ocasi\u00f5es anteriores, referimo-nos \u00e0 cesta b\u00e1sica (fixada em 47.809 pesos para um agregado familiar de 3 pessoas, com duas que trabalham), com a qual se estabelece a \u201clinha de pobreza\u201d, ou seja, o m\u00ednimo essencial para ter um teto, comida e roupas.<\/p>\n\n\n\n<p>Com este \u00faltimo \u00edndice em mente, assistimos \u00e0 cat\u00e1strofe em curso: o aumento da pobreza de 8,8% para 10,01% entre 2019 e 2023. Portanto, cerca de 350.000 pessoas est\u00e3o abaixo da linha da pobreza (72 fam\u00edlias em cada 1.000)<\/p>\n\n\n\n<p>Continuando a an\u00e1lise, 1.200.000 trabalhadores (dependentes e independentes) ganham menos de 50.000 pesos por m\u00eas, ou seja, ganham o m\u00ednimo para n\u00e3o terem uma renda que os coloque abaixo da linha da pobreza (lembrando que 14% das fam\u00edlias s\u00e3o monoparentais, 11,4% chefiados por mulheres).<\/p>\n\n\n\n<p>No ano passado, metade dos agregados familiares oper\u00e1rioa recebia um rendimento inferior ou igual a 70.000 pesos5, enquanto o rendimento per capita era de 31.000 pesos, mantendo assim a pobreza end\u00eamica.<\/p>\n\n\n\n<p>Apenas um quarto dos trabalhadores ocupados ganha um sal\u00e1rio igual ou superior a m\u00e9dia cesta familiar, equivalente ao custo do limiar da pobreza. Dentro destes, uma minoria (menos de 20 mil, 1,5%) ocupa cargos de gest\u00e3o e supervis\u00e3o, com sal\u00e1rios superiores a 200 mil pesos, de acordo com o pagamento do imposto sobre o rendimento das pessoas nessa faixa.<\/p>\n\n\n\n<p>Se considerarmos outros indicadores, como a taxa de desemprego, esta aumenta significativamente nos agregados familiares pobres: um ter\u00e7o das mulheres est\u00e3o desempregadas e 20% dos homens.<\/p>\n\n\n\n<p>A descri\u00e7\u00e3o que aparece no relat\u00f3rio de g\u00eanero do INE \u00e9 lapidar: <em>a pobreza afeta em maior medida os agregados familiares alargados ou compostos e em monoparentais femininos (particularmente aquelas com presen\u00e7a de crian\u00e7as menores de 4 anos). Por sua vez, as percentagens mais elevadas de pobreza registam-se nos agregados familiares chefiados por mulheres com menos de 30 anos de idade<\/em>. 6 A pobreza infantil est\u00e1 diretamente relacionada com a pobreza de toda a fam\u00edlia, especialmente das jovens m\u00e3es que sofrem com o desemprego e com sal\u00e1rios submersos.<\/p>\n\n\n\n<p>Estima-se que um em cada cinco chefes\/as de fam\u00edlia ganha cerca de 25.000 pesos, assim como 24% de seus ou suas companheiros\/as. Ou seja, um em cada quatro agregados familiares \u00e9 composto por pelo menos dois adultos que trabalham e, juntando os dois sal\u00e1rios, mal chegam aos 50.000 pesos.<\/p>\n\n\n\n<p>Com estes rendimentos, fica claro que a precariedade \u00e9 transferida para todos os aspectos da vida: por exemplo, 9 em cada 100 moradores de Montevid\u00e9u vivem em assentamentos, um total de 123.000 em 344, n\u00famero que vem diminuindo desde 2006 (quando havia 386).<\/p>\n\n\n\n<p>O futuro tamb\u00e9m est\u00e1 comprometido: 36% dos jovens realizam tarefas de cuidado porque as suas fam\u00edlias n\u00e3o t\u00eam acesso a creches ou jardins de inf\u00e2ncia que cubram a jornada de trabalho, o que afeta o desenvolvimento de todos os seus membros (especialmente das mulheres jovens, que normalmente deixam de estudar para assumir essas tarefas).<\/p>\n\n\n\n<p>Neste ponto, resta denunciar que governaram todas as variantes dos partidos do capital, aqueles que, com os seus programas embaixo do bra\u00e7o, t\u00eam favorecido sistematicamente as patronais e os organismos internacionais de cr\u00e9dito.<\/p>\n\n\n\n<p>A concentra\u00e7\u00e3o de terras, riquezas e rendimentos s\u00f3 piora ano ap\u00f3s ano, no calor de uma guerra declarada contra a classe oper\u00e1ria.<\/p>\n\n\n\n<p>O debate sobre o cuidado dos idosos ou das crian\u00e7as \u00e9 falso, por isso alertamos os trabalhadores para n\u00e3o ca\u00edrem nessa fal\u00e1cia: vamos lutar por ambos e deixar que a crise seja paga por aqueles que a criaram, os capitalistas.<\/p>\n\n\n\n<p><strong>Um programa de luta por sal\u00e1rios e condi\u00e7\u00f5es de vida<\/strong><\/p>\n\n\n\n<p>Diante de tal ataque, \u00e9 fundamental organizar e propor um plano de luta. Esta a\u00e7\u00e3o pol\u00edtica vai contra a orienta\u00e7\u00e3o da burocracia sindical, que tem validado, por a\u00e7\u00e3o e omiss\u00e3o, a deteriora\u00e7\u00e3o dos sal\u00e1rios e das condi\u00e7\u00f5es de vida. Em seu discurso do dia 1\u00ba de maio, o \u00fanico palestrante do evento PIT-CNT, Marcelo Abdala, apontou uma s\u00e9rie de n\u00fameros que sustentam as cr\u00edticas ao governo, no contexto de uma crise capitalista global, denunciando o percentual de ricos que monopolizam a riqueza mundial&#8230;<\/p>\n\n\n\n<p>Por\u00e9m, em plena pandemia aceitaram furtivamente, uma redu\u00e7\u00e3o salarial que o pr\u00f3prio CID calcula em aproximadamente um sal\u00e1rio por ano.<\/p>\n\n\n\n<p>Um programa socialista deve contemplar elementos de supera\u00e7\u00e3o das condi\u00e7\u00f5es materiais de exist\u00eancia, que imp\u00f5e a luta pelo socialismo e pelo governo oper\u00e1rio. N\u00e3o \u00e9 poss\u00edvel erradicar a pobreza infantil, nem as aposentadorias de mis\u00e9ria, a inseguran\u00e7a e a repress\u00e3o, os problemas em rela\u00e7\u00e3o \u00e0 habita\u00e7\u00e3o, \u00e0 sa\u00fade e \u00e0 educa\u00e7\u00e3o, sem uma proposta de supera\u00e7\u00e3o do regime social.<\/p>\n\n\n\n<p>No nosso pa\u00eds, a classe oper\u00e1ria conseguiu definir a agenda pol\u00edtica nesta banal campanha eleitoral, obtendo 430.000 assinaturas para promover o plebiscito contra a estafa das aposentadorias com um programa b\u00e1sico, que constitui um ataque direto ao capital: elimina\u00e7\u00e3o das AFAPs, estabelecimento da idade de aposentadoria aos 60 anos e equipara\u00e7\u00e3o das aposentadorias ao sal\u00e1rio m\u00ednimo. Defender esta iniciativa \u00e9 uma quest\u00e3o vital para o movimento oper\u00e1rio e para a juventude, que fez um enorme esfor\u00e7o militante, o aparelho das FA e os seus tecnocratas contra.<\/p>\n\n\n\n<p>O sal\u00e1rio diferido, que constitui a aposentadoria, est\u00e1 condicionado ao v\u00ednculo empregat\u00edcio e ao sal\u00e1rio de quem hoje est\u00e1 na ativa. Como desenvolvemos acima, a grande maioria dos trabalhadores ganha um sal\u00e1rio abaixo do m\u00ednimo necess\u00e1rio para a sobreviv\u00eancia e reprodu\u00e7\u00e3o da fam\u00edlia, enquanto os capitalistas aumentam a concentra\u00e7\u00e3o de riqueza como nunca antes e desfrutam de uma estrutura fiscal concebida para benefici\u00e1-los.<\/p>\n\n\n\n<p>\u00c9 por isso que um programa de medidas urgentes passa pela imposi\u00e7\u00e3o de um sal\u00e1rio digno e m\u00f3vel igual a cesta b\u00e1sica, que \u00e9 automaticamente aumentado com base ao custo de vida, bem como pela elimina\u00e7\u00e3o de impostos sobre sal\u00e1rios, aposentadorias e pens\u00f5es, que devem ser substitu\u00eddo por impostos sobre o grande capital.<\/p>\n\n\n\n<p>No quadro de uma pol\u00edtica antioper\u00e1ria, desenvolveram-se conflitos importantes em setores como a educa\u00e7\u00e3o, a constru\u00e7\u00e3o, a pesca, frigor\u00edficos, etc., sendo 2023 um dos anos de maior conflito desde 1995 (metade destas greves foram por sal\u00e1rio). Contudo, estas lutas foram isoladas e extintas pelo governo e pelos empregadores, com a cumplicidade da burocracia sindical, que deve ser derrotada e superada pela classe oper\u00e1ria.<\/p>\n\n\n\n<p>Face aos sal\u00e1rios de fome, ao desemprego, aos cortes or\u00e7amentais na sa\u00fade, na educa\u00e7\u00e3o e na habita\u00e7\u00e3o, colocamos a necessidade de realizar um encontro de trabalhadores, que delibere sobre um programa de luta e de greve geral. A classe oper\u00e1ria deve confiar nas suas pr\u00f3prias for\u00e7as, sem colocar a menor expectativa nas promessas eleitorais (muito med\u00edocres, ali\u00e1s) dos partidos que representam variantes do capital.<\/p>\n\n\n\n<p>Para o Partido dos Trabalhadores, a campanha eleitoral deve estar ao servi\u00e7o da luta inabal\u00e1vel pela vit\u00f3ria do plebiscito e das lutas em curso, da den\u00fancia do genoc\u00eddio sionista, etc. \u00c9 por isso e nada mais que intervimos nas elei\u00e7\u00f5es.<\/p>\n\n\n\n<p>1https:\/\/ladiaria.com.uy\/verifica\/articulo\/2024\/5\/cinco-afirmaciones-trueeras-en-el-discurso-del-pit-cnt-durante-el-1-de-mayo\/<\/p>\n\n\n\n<p>2https:\/\/www.elobservador.com.uy\/nota\/pretrabajo-por-cifras-de-trabajo-informal-el-gobierno-evalua-nuevas-medidas-graduales\u201320211715120#:~:text=Seg%C3%BAn %20o%20%C3%Blast%20dados%20corresponde%20a%20400%20mil%20pessoas.<\/p>\n\n\n\n<p>3https:\/\/www.pitcnt.uy\/novedades\/noticias\/item\/5494-cuesta-duarte-salarios-submersdos-100-000-veinticincomilpesistas-mas-que-en-2019<\/p>\n\n\n\n<p>4https:\/\/www.busqueda.com.uy\/Secciones\/La-canasta-familiar-ascendio-a\u201398-036-uc46099<\/p>\n\n\n\n<p>5https:\/\/www5.ine.gub.uy\/documents\/Demograf%C3%ADayEESS\/HTML\/ECH\/Ingresos\/2023\/Bolet%C3%ADn%20T%C3%A9cnico%20Ingresos%20cuarto%20trimestre%202023.html<\/p>\n\n\n\n<p>6https:\/\/www.gub.uy\/ministerio-desarrollo-social\/sites\/ministerio-desarrollo-social\/files\/documentos\/publicaciones\/Estad%C3%ADsticas%20de%20g%C3%A9nero%202020.pdf<\/p>\n","protected":false},"excerpt":{"rendered":"<p>Num contexto de agravamento da crise internacional, os fen\u00f4menos locais devem ser analisados \u200b\u200bnum contexto de guerra mundial e de ataque \u00e0s condi\u00e7\u00f5es de vida da classe oper\u00e1ria, a fim de restaurar as taxas de lucro. Por: IST Uruguai Os \u201cdonos do pa\u00eds\u201d concentram a riqueza No Uruguai, 1% da popula\u00e7\u00e3o concentra 15% da renda [&hellip;]<\/p>\n","protected":false},"author":7,"featured_media":78967,"menu_order":0,"comment_status":"open","ping_status":"open","sticky":false,"template":"","format":"standard","meta":{"litci_post_political_author":"","footnotes":""},"categories":[3595],"tags":[3594],"class_list":["post-78966","post","type-post","status-publish","format-standard","has-post-thumbnail","hentry","category-uruguai","tag-ist-uruguai"],"fimg_url":"https:\/\/litci.org\/pt\/wp-content\/uploads\/2024\/05\/2024-04-1uruguaypobres.jpg","categories_names":["Uruguai"],"author_info":{"name":"lena","pic":"https:\/\/secure.gravatar.com\/avatar\/b9eb35b4c023b96c29c4a145a82c6c381b68f2c889c5427106ad5aab6df45b9d?s=96&d=mm&r=g"},"political_author":null,"tagline":"","_links":{"self":[{"href":"https:\/\/litci.org\/pt\/wp-json\/wp\/v2\/posts\/78966","targetHints":{"allow":["GET"]}}],"collection":[{"href":"https:\/\/litci.org\/pt\/wp-json\/wp\/v2\/posts"}],"about":[{"href":"https:\/\/litci.org\/pt\/wp-json\/wp\/v2\/types\/post"}],"author":[{"embeddable":true,"href":"https:\/\/litci.org\/pt\/wp-json\/wp\/v2\/users\/7"}],"replies":[{"embeddable":true,"href":"https:\/\/litci.org\/pt\/wp-json\/wp\/v2\/comments?post=78966"}],"version-history":[{"count":1,"href":"https:\/\/litci.org\/pt\/wp-json\/wp\/v2\/posts\/78966\/revisions"}],"predecessor-version":[{"id":78968,"href":"https:\/\/litci.org\/pt\/wp-json\/wp\/v2\/posts\/78966\/revisions\/78968"}],"wp:featuredmedia":[{"embeddable":true,"href":"https:\/\/litci.org\/pt\/wp-json\/wp\/v2\/media\/78967"}],"wp:attachment":[{"href":"https:\/\/litci.org\/pt\/wp-json\/wp\/v2\/media?parent=78966"}],"wp:term":[{"taxonomy":"category","embeddable":true,"href":"https:\/\/litci.org\/pt\/wp-json\/wp\/v2\/categories?post=78966"},{"taxonomy":"post_tag","embeddable":true,"href":"https:\/\/litci.org\/pt\/wp-json\/wp\/v2\/tags?post=78966"}],"curies":[{"name":"wp","href":"https:\/\/api.w.org\/{rel}","templated":true}]}}