{"id":78512,"date":"2024-02-20T23:21:39","date_gmt":"2024-02-20T23:21:39","guid":{"rendered":"https:\/\/litci.org\/pt\/?p=78512"},"modified":"2024-02-21T11:51:32","modified_gmt":"2024-02-21T11:51:32","slug":"sem-acoes-urgentes-amazonia-pode-atingir-ponto-de-nao-retorno-em-2050-com-consequencias-dramaticas","status":"publish","type":"post","link":"https:\/\/litci.org\/pt\/2024\/02\/20\/sem-acoes-urgentes-amazonia-pode-atingir-ponto-de-nao-retorno-em-2050-com-consequencias-dramaticas\/","title":{"rendered":"Sem a\u00e7\u00f5es urgentes, Amaz\u00f4nia pode atingir ponto de \u201cn\u00e3o retorno\u201d em 2050, com consequ\u00eancias dram\u00e1ticas"},"content":{"rendered":"\n<p><em>Risco de colapso na floresta amaz\u00f4nica \u00e9 apontado em artigo que foi capa da revista cient\u00edfica Nature, nesta quarta-feira (14)<\/em><\/p>\n\n\n\n<p>Por: CSP Conlutas<\/p>\n\n\n\n<p>Estudo publicado, nesta quarta-feira (11), na revista cient\u00edfica Nature, aponta que a Amaz\u00f4nia pode atingir at\u00e9 o ano de 2050 o chamado ponto de \u201cn\u00e3o retorno\u201d, com perda substancial da cobertura da floresta tropical. Esse fato significaria mudan\u00e7as irrevers\u00edveis no bioma da regi\u00e3o, com consequ\u00eancias dram\u00e1ticas para todo o planeta.<\/p>\n\n\n\n<p>O artigo \u00e9 assinado por 24 pesquisadores do mundo todo, entre os quais 14 brasileiros que coordenaram o estudo.<\/p>\n\n\n\n<p>Os cientistas estimam limites cr\u00edticos que, se forem atingidos, poder\u00e3o causar um colapso de partes ou de toda a floresta. Eles s\u00e3o o aumento na temperatura m\u00e9dia global acima de 1,5 graus Celsius (\u00baC), volume de chuvas abaixo de 1,8 mil mil\u00edmetros (mm), dura\u00e7\u00e3o da esta\u00e7\u00e3o seca superior a cinco meses e desmatamento superior a 10% da cobertura original da floresta, somada \u00e0 falta de restaura\u00e7\u00e3o de, pelo menos, 5% do bioma.<\/p>\n\n\n\n<p>Segundo o artigo, al\u00e9m do aumento das temperaturas, das secas extremas e do desmatamento, os inc\u00eandios e queimadas tamb\u00e9m s\u00e3o fator de estresse na Amaz\u00f4nia. O estudo considera esses fatores, que t\u00eam ocorrido ao mesmo tempo, para apontar o colapso de um dos mais importantes biomas do planeta cada vez mais iminente.<\/p>\n\n\n\n<p>\u201cEstamos nos aproximando de todos os limiares. No ritmo em que estamos, todos ser\u00e3o alcan\u00e7ados neste s\u00e9culo. E a intera\u00e7\u00e3o entre todos eles pode fazer com que aconte\u00e7a (o colapso) antes do esperado\u201d, disse Bernardo Flores, da UFSC (Universidade Federal de Santa Catarina), um dos coordenadores da pesquisa, \u00e0 Ag\u00eancia Brasil.<\/p>\n\n\n\n<p>\u201cA gente encontra a\u00ed mais ou menos 50% de possibilidades. Significa [redu\u00e7\u00e3o de] uma quantidade substancial de floresta, o que influencia na quantidade de \u00e1gua, na quantidade de carbono que a floresta \u00e9 capaz de manter e reciclar \u00e1gua\u201d, disse tamb\u00e9m a cientista Marina Hirota, professora do departamento de f\u00edsica da Universidade Federal de Santa Catarina (UFSC) e uma das coordenadoras do estudo.<\/p>\n\n\n\n<p>\u201dO clima da Amaz\u00f4nia \u00e9 muito dirigido pelo que acontece na temperatura global do planeta, assim como em qualquer parte do mundo. A temperatura global aumentando vai ter impacto em cascata no clima regional da Amaz\u00f4nia. E as previs\u00f5es, e o que a gente j\u00e1 v\u00ea acontecendo, s\u00e3o de redu\u00e7\u00e3o gradual da quantidade de chuvas, aumento da dura\u00e7\u00e3o e da intensidade das secas, aumento de eventos extremos de seca, de chuva, intercalados\u201d, disse.<\/p>\n\n\n\n<p><strong>Impactos ambientais e sociais<\/strong><\/p>\n\n\n\n<p>As mudan\u00e7as que resultariam da ultrapassagem do ponto de n\u00e3o retorno causariam impactos n\u00e3o apenas sobre as popula\u00e7\u00f5es locais, mas tamb\u00e9m ambientais, sociais, culturais e econ\u00f4micos.<\/p>\n\n\n\n<p>A Amaz\u00f4nia atua na regula\u00e7\u00e3o do clima e da umidade no Brasil e na Am\u00e9rica do Sul, e num eventual colapso dessa floresta tropical haveria menos chuvas, afetando setores como a agricultura.<\/p>\n\n\n\n<p>\u201cQuando muda o ecossistema, muda toda a biodiversidade. As esp\u00e9cies s\u00e3o substitu\u00eddas por outras. O tipo de solo muda, os rios se modificam, modifica tudo. [\u2026] A Amaz\u00f4nia contribui para o balan\u00e7o energ\u00e9tico da atmosfera. Haveria menor fluxo de umidade para outras partes do mundo, sem falar que a emiss\u00e3o de gases de efeito estufa estocados na floresta aceleraria\u201d, explicou Flores, em entrevista ao Nexo.<\/p>\n\n\n\n<p><strong>No ano passado, a Amaz\u00f4nia enfrentou uma das maiores secas de sua hist\u00f3ria.<\/strong><\/p>\n\n\n\n<p><strong>Medidas<\/strong><\/p>\n\n\n\n<p>O estudo cita, dentre as medidas que devem ser tomadas para afastar a amea\u00e7a de colapso parcial da floresta, o combate ao desmatamento. Outra medida \u00e9 a restaura\u00e7\u00e3o ecol\u00f3gica a partir de meios eficientes, o que depende de diferentes modelos de governan\u00e7a dentro do Brasil e de outros pa\u00edses amaz\u00f4nicos. Um terceiro ponto importante diz respeito a estrat\u00e9gias de mitiga\u00e7\u00e3o das mudan\u00e7as clim\u00e1ticas que dependem e uma governan\u00e7a mundial.<\/p>\n\n\n\n<p>As propostas v\u00e3o ao encontro do que cientistas e ambientalistas t\u00eam exaustivamente apontado como medidas para impedir o colapso n\u00e3o s\u00f3 da Amaz\u00f4nia, mas de outros biomas do planeta. Medidas, vale destacar, que seguem sendo ignoradas pelos governos capitalistas.<\/p>\n\n\n\n<p>Essa situa\u00e7\u00e3o refor\u00e7a que a sa\u00edda para a crise clim\u00e1tica e destrui\u00e7\u00e3o do planeta s\u00f3 pode ser dar com a supera\u00e7\u00e3o do capitalismo e a constru\u00e7\u00e3o de uma sociedade socialista.<\/p>\n","protected":false},"excerpt":{"rendered":"<p>Risco de colapso na floresta amaz\u00f4nica \u00e9 apontado em artigo que foi capa da revista cient\u00edfica Nature, nesta quarta-feira (14) Por: CSP Conlutas Estudo publicado, nesta quarta-feira (11), na revista cient\u00edfica Nature, aponta que a Amaz\u00f4nia pode atingir at\u00e9 o ano de 2050 o chamado ponto de \u201cn\u00e3o retorno\u201d, com perda substancial da cobertura da [&hellip;]<\/p>\n","protected":false},"author":7,"featured_media":78519,"menu_order":0,"comment_status":"open","ping_status":"open","sticky":false,"template":"","format":"standard","meta":{"litci_post_political_author":"","footnotes":""},"categories":[3498,121,3840,3766],"tags":[8320,7870],"class_list":["post-78512","post","type-post","status-publish","format-standard","has-post-thumbnail","hentry","category-crise-climatica-e-ambiental","category-brasil","category-defesa-da-amazonia","category-meio-ambiente","tag-amazonia-2","tag-csp-conlultas"],"fimg_url":"https:\/\/litci.org\/pt\/wp-content\/uploads\/2024\/02\/amazonia2.jpg","categories_names":["Brasil","Crise clim\u00e1tica e ambiental","Defesa da amaz\u00f4nia","Meio Ambiente"],"author_info":{"name":"lena","pic":"https:\/\/secure.gravatar.com\/avatar\/b9eb35b4c023b96c29c4a145a82c6c381b68f2c889c5427106ad5aab6df45b9d?s=96&d=mm&r=g"},"political_author":null,"tagline":"","_links":{"self":[{"href":"https:\/\/litci.org\/pt\/wp-json\/wp\/v2\/posts\/78512","targetHints":{"allow":["GET"]}}],"collection":[{"href":"https:\/\/litci.org\/pt\/wp-json\/wp\/v2\/posts"}],"about":[{"href":"https:\/\/litci.org\/pt\/wp-json\/wp\/v2\/types\/post"}],"author":[{"embeddable":true,"href":"https:\/\/litci.org\/pt\/wp-json\/wp\/v2\/users\/7"}],"replies":[{"embeddable":true,"href":"https:\/\/litci.org\/pt\/wp-json\/wp\/v2\/comments?post=78512"}],"version-history":[{"count":1,"href":"https:\/\/litci.org\/pt\/wp-json\/wp\/v2\/posts\/78512\/revisions"}],"predecessor-version":[{"id":78514,"href":"https:\/\/litci.org\/pt\/wp-json\/wp\/v2\/posts\/78512\/revisions\/78514"}],"wp:featuredmedia":[{"embeddable":true,"href":"https:\/\/litci.org\/pt\/wp-json\/wp\/v2\/media\/78519"}],"wp:attachment":[{"href":"https:\/\/litci.org\/pt\/wp-json\/wp\/v2\/media?parent=78512"}],"wp:term":[{"taxonomy":"category","embeddable":true,"href":"https:\/\/litci.org\/pt\/wp-json\/wp\/v2\/categories?post=78512"},{"taxonomy":"post_tag","embeddable":true,"href":"https:\/\/litci.org\/pt\/wp-json\/wp\/v2\/tags?post=78512"}],"curies":[{"name":"wp","href":"https:\/\/api.w.org\/{rel}","templated":true}]}}