{"id":77870,"date":"2023-11-03T00:16:37","date_gmt":"2023-11-03T00:16:37","guid":{"rendered":"https:\/\/litci.org\/pt\/?p=77870"},"modified":"2023-11-04T22:28:40","modified_gmt":"2023-11-04T22:28:40","slug":"burkina-faso-estudantes-se-mobilizam-e-policia-invade-a-universidade","status":"publish","type":"post","link":"https:\/\/litci.org\/pt\/2023\/11\/03\/burkina-faso-estudantes-se-mobilizam-e-policia-invade-a-universidade\/","title":{"rendered":"Burkina Faso: Estudantes se mobilizam e policia invade a Universidade"},"content":{"rendered":"\n<p>Por C\u00e9sar Neto<\/p>\n\n\n\n<p><em>Desde fevereiro os estudantes da Universit\u00e9 Joseph Ki Zerbo, em Ouagadougou, a capital do pa\u00eds vem se mobilizando contra uma lei que regula as promo\u00e7\u00f5es e qualifica\u00e7\u00f5es dos estudantes. Essa enquadra as normativas universit\u00e1rias do pa\u00eds aos padr\u00f5es europeus. Promulgada em 2009, ainda durante a ditadura de Blaise Compaor\u00e9, essa lei nunca foi totalmente aplicada e agora no governo de Ibrahim Traor\u00e9, est\u00e3o tentando aplic\u00e1-la e os estudantes est\u00e3o se mobilizando.<\/em><\/p>\n\n\n\n<p>No dia sete mar\u00e7o os estudantes entregaram uma peti\u00e7\u00e3o as autoridades universit\u00e1rias. Sem respostas os alunos organizaram uma greve no dia 13 de abril a <em>\u201cqual foi violentamente reprimida dentro do campus universit\u00e1rio conforme cita a imprensa local: Cenas de persegui\u00e7\u00e3o foram observadas na manh\u00e3 de quinta-feira, 13 de abril de 2023, na Universidade Joseph Ki-Zerbo entre estudantes e policiais. Elementos da Companhia Republicana de Seguran\u00e7a (CRS) dispersaram com g\u00e1s lacrimog\u00e9neo alunos do Mestrado da Unidade de Forma\u00e7\u00e3o e Investiga\u00e7\u00e3o em Ci\u00eancias da Vida e da Terra (UFR\/SVT) que observavam um movimento de greve. Alguns deles responderam atirando pedras e erguendo barricadas em certas estradas do campus.\u201d<\/em><a href=\"#_ftn1\" id=\"_ftnref1\">[1]<\/a><\/p>\n\n\n\n<p>Segundo a Associa\u00e7\u00e3o Nacional de Estudantes Burquinenses (ANEB), <em>\u201cEm vez de atender \u00e0s demandas feitas, a administra\u00e7\u00e3o da UFR SVT decidiu usar a viol\u00eancia ao envolver a pol\u00edcia nos dias 13 e 14 de abril de 2023 no campus, em flagrante viola\u00e7\u00e3o das franquias e liberdades universit\u00e1rias para reprimir estudantes com as m\u00e3os nuas que apenas pedem melhores condi\u00e7\u00f5es para estudar<a href=\"#_ftn2\" id=\"_ftnref2\"><strong>[2]<\/strong><\/a>\u201d<\/em><\/p>\n\n\n\n<p>O sistema de avalia\u00e7\u00e3o segundo a ANEB tem servido para excluir alunos da universidade. No primeiro semestre havia <em>\u201c1.180 alunos ante 627 no segundo semestre. Ou seja, 553 alunos que abandonaram o curso entre o primeiro e o segundo semestre por causa da aplica\u00e7\u00e3o do novo regime de estudos\u201d<\/em><\/p>\n\n\n\n<p>Al\u00e9m do sistema de avalia\u00e7\u00e3o herdado da ditadura e que at\u00e9 ent\u00e3o n\u00e3o havia sido aplicado, os estudantes lutam por reformas nas instala\u00e7\u00f5es da universidade, bolsas e mais professores.<\/p>\n\n\n\n<p>Depois da repress\u00e3o do dia 13 e 14 de abril os estudantes fizeram uma nova manifesta\u00e7\u00e3o no m\u00eas de julho. Foram as chamadas: Greve de 120 horas para denunciar o planejamento de demiss\u00e3o da turma master 1<\/p>\n\n\n\n<p><strong>16 de Outubro: os estudantes voltam a se mobilizarem<\/strong><\/p>\n\n\n\n<p>Na segunda feira a dire\u00e7\u00e3o universit\u00e1ria tentou impor a for\u00e7a os exames e os estudantes se mobilizaram. Ao chegar na universidade encontraram com a mesma tomada por policiais Companhia Republicana de Seguran\u00e7a (CRS). Houve enfrentamentos entre os estudantes e a policia dentro do campus. \u201cMembros da Companhia Republicana de Seguran\u00e7a (CRS) foram recha\u00e7ados com pedras, depois de terem utilizado g\u00e1s lacrimog\u00e9neo para dispersar a multid\u00e3o\u201d. Com a grande quantidade de gaz lan\u00e7ada contra os estudantes a manifesta\u00e7\u00e3o foi dispersada.<\/p>\n\n\n\n<p><strong>A Companhia Republicana de Seguran\u00e7a (Compagnie R\u00e9publicaine de S\u00e9curit\u00e9)<\/strong><\/p>\n\n\n\n<p>Burkina Faso se independizou da Fran\u00e7a no dia 5 de agosto de 1960. Dentre os acordos assinados entre a Fran\u00e7a e as ex colonias, inclusive Burkina Faso, havia acordos militares. Assim, dois meses ap\u00f3s a independ\u00eancia, em 17 de outubro, foi criada a Compagnie R\u00e9publicaine de S\u00e9curit\u00e9. O primeiro diretor foi um policial franc\u00eas &#8211; mesmo ap\u00f3s a independ\u00eancia &#8211; somente depois de estruturado e criado os m\u00e9todos repressivos \u00e9 que a dire\u00e7\u00e3o foi assumida por um burquinab\u00e9.<\/p>\n\n\n\n<p>A Fran\u00e7a perdeu seu controle sobre Burkina Faso mas suas ra\u00edzes repressivas contra os trabalhadores e os jovens seguem sendo aplicado pela Compagnie R\u00e9publicaine de R\u00e9curit\u00e9.<\/p>\n\n\n\n<p><strong>E o que diz o Presidente Ibrahim Traor\u00e9?<\/strong><\/p>\n\n\n\n<p>Traor\u00e9 ganhou notoriedade na C\u00fapula R\u00fassia-\u00c1frica, a partir de sua interven\u00e7\u00e3o no dia 29 de julho, quando fez um forte discurso anti-imperialista: &#8220;N\u00f3s chefes de estado africanos precisamos parar de nos comportar como fantoches que dan\u00e7am sempre que os imperialistas puxam as cordas&#8221;. Esse discurso impactou setores da esquerda. Mas na realidade, Ibrahim Traor\u00e9 n\u00e3o prop\u00f5e romper os la\u00e7os que os ata ao imperialismo franc\u00eas ou qualquer outro, ele busca outras formas de relacionamento, haja visto que as transnacionais como Barrick Gold, Goldrush Resources, Semafo, Gryphon Minerals, entre outras seguem operando normalmente no quarto maior produtor de ouro da Africa.<\/p>\n\n\n\n<p>Ibrahim Traor\u00e9 foi estudante da Universidade Joseph Ki Zerbo, inclusive, no come\u00e7o deste ano fez duas conferencias para mais de dois mil alunos. Assim que, ele conhece bem os problemas da universidade. E qual tem sido a atitude do ilustre ex-aluno? N\u00e3o se tem noticia de nenhuma atitude que indique preocupa\u00e7\u00e3o com os problemas da Universidade Joseph Ki Zerbo.<\/p>\n\n\n\n<p><strong>E qual tem sido a atitude do Traor\u00e9 em rela\u00e7\u00e3o aos movimentos sociais?<\/strong><\/p>\n\n\n\n<p>H\u00e1 dois exemplos que explicam a pol\u00edtica que Ibrahim Traor\u00e9 vem aplicando. Uma \u00e9 em rela\u00e7\u00e3o ao sindicato dos motoristas rodovi\u00e1rios. H\u00e1 pouco mais de um m\u00eas a&nbsp; Union des Chauffeurs Routiers du Burkina foi recebido no Pal\u00e1cio presidencial, e o presidente da UCRB afirmou que foi \u201cagradecer ao Chefe de Estado e reiterar o seu incentivo aos esfor\u00e7os envidados para o regresso da paz ao nosso pa\u00eds\u201d e ao mesmo tempo \u201cTamb\u00e9m discutimos o problema do incumprimento do acordo coletivo setorial revisto do transporte rodovi\u00e1rio de 2020 e da filia\u00e7\u00e3o dos condutores rodovi\u00e1rios ao Fundo Nacional de Seguran\u00e7a Social (CNSS). Aguardamos o apoio do Chefe de Estado neste sentido\u201d<a href=\"#_ftn3\" id=\"_ftnref3\">[3]<\/a><\/p>\n\n\n\n<p>Quanto a Associa\u00e7\u00e3o Nacional de Estudantes Burquinenses n\u00e3o h\u00e1 manifesta\u00e7\u00f5es por parte do governo. Nem em rela\u00e7\u00e3o as reivindica\u00e7\u00f5es dos estudantes e nem sobre a invas\u00e3o da universidade por parte das for\u00e7as policias e muito menos sobre a repress\u00e3o aos estudantes.<\/p>\n\n\n\n<p>Em rela\u00e7\u00e3o a manifesta\u00e7\u00e3o que prop\u00f5e uma nova Constitui\u00e7\u00e3o, pois a atual segundo os manifestantes \u00e9 uma heran\u00e7a colonial, Ibrahim Traor\u00e9 informou que \u201ca modifica\u00e7\u00e3o [ser\u00e1] parcial, voc\u00ea ver\u00e1 do que se trata; vamos tocar em uma parte\u201d&nbsp; Para quem espera uma Constitui\u00e7\u00e3o redigida e aprovada pela popula\u00e7\u00e3o, Traor\u00e9 desfaz essa possibilidade e indicada que ser\u00e1 igual ao do Mali onde n\u00e3o houve participa\u00e7\u00e3o direta da popula\u00e7\u00e3o. Ela, segundo o presidente burquinense ouvir\u00e1 as diferentes confiss\u00f5es religiosas, os s\u00e1bios e as representa\u00e7\u00f5es \u00e9tnicas.<\/p>\n\n\n\n<p><strong>Estamos com os estudantes. N\u00e3o confiamos em Traor\u00e9<\/strong><\/p>\n\n\n\n<p>\u00c9 necess\u00e1rio difundir, apoiar e alentar a luta dos estudantes de Burquina Faso. Mas \u00e9 preciso tamb\u00e9m ajud\u00e1-los a ver que apesar do enorme prestigio do atual presidente, ele n\u00e3o os apoia e mais quer fazer um remendo na Constitui\u00e7\u00e3o colonial.<\/p>\n\n\n\n<p>N\u00e3o podemos confundir os discursos inflamados com a estreita liga\u00e7\u00e3o de Ibrahim Traor\u00e9 com a burguesia agr\u00e1ria do pa\u00eds. Burkina Faso tem a maior parte de seu territ\u00f3rio nas regi\u00f5es \u00e1ridas pr\u00f3ximo ao deserto do Sahara. Mais ao sul do pa\u00eds, est\u00e1 a prov\u00edncia da Mouhoun, uma regi\u00e3o com uma enorme bacia hidrogr\u00e1fica e que permite a agricultura intensiva. Dessa rica regi\u00e3o saiu Traor\u00e9 e outros militares, que frente aos grupos isl\u00e2micos que controlam 40% do territ\u00f3rio nacional, assumiram o poder para controlar os grupos isl\u00e2micos e defender a propriedade privada de suas fam\u00edlias.<\/p>\n\n\n\n<p>&nbsp;Por isso dizemos que a tarefa n\u00famero \u00e9 come\u00e7ar construir uma organiza\u00e7\u00e3o independente dos patr\u00f5es e o governo e que tenha como seu norte a luta por um governo dos trabalhadores, rumos a constru\u00e7\u00e3o de um socialista.<\/p>\n\n\n\n<hr class=\"wp-block-separator has-alpha-channel-opacity\"\/>\n\n\n\n<p><a href=\"#_ftnref1\" id=\"_ftn1\">[1]<\/a> Universit\u00e9 Joseph Ki Zerbo: courses-poursuites entre policiers et \u00e9tudiants en gr\u00e8ve &#8211; https:\/\/www.wakatsera.com\/universite-joseph-ki-zerbo-courses-poursuites-entre-policiers-et-etudiants-en-greve\/<\/p>\n\n\n\n<p><a href=\"#_ftnref2\" id=\"_ftn2\">[2]<\/a> Universit\u00e9 Joseph Ki-Zerbo\/UFR SVT : Une gr\u00e8ve de 120 heures pour d\u00e9noncer la planification du renvoi de la promotion master 1 &#8211; https:\/\/lefaso.net\/spip.php?article122722<\/p>\n\n\n\n<p><a href=\"#_ftnref3\" id=\"_ftn3\">[3]<\/a> L\u2019UCRB plaide pour l\u2019application de la Convention collective des transports routiers &#8211; https:\/\/www.wakatsera.com\/lucrb-plaide-pour-lapplication-de-la-convention-collective-des-transports-routiers\/<\/p>\n","protected":false},"excerpt":{"rendered":"<p>Por C\u00e9sar Neto Desde fevereiro os estudantes da Universit\u00e9 Joseph Ki Zerbo, em Ouagadougou, a capital do pa\u00eds vem se mobilizando contra uma lei que regula as promo\u00e7\u00f5es e qualifica\u00e7\u00f5es dos estudantes. Essa enquadra as normativas universit\u00e1rias do pa\u00eds aos padr\u00f5es europeus. Promulgada em 2009, ainda durante a ditadura de Blaise Compaor\u00e9, essa lei nunca [&hellip;]<\/p>\n","protected":false},"author":7,"featured_media":77871,"menu_order":0,"comment_status":"open","ping_status":"open","sticky":false,"template":"","format":"standard","meta":{"litci_post_political_author":"","footnotes":""},"categories":[8758],"tags":[8759],"class_list":["post-77870","post","type-post","status-publish","format-standard","has-post-thumbnail","hentry","category-burkina-faso","tag-burkina-faso"],"fimg_url":"https:\/\/litci.org\/pt\/wp-content\/uploads\/2023\/11\/Burkina-Faso.jpg","categories_names":["Burkina Faso"],"author_info":{"name":"lena","pic":"https:\/\/secure.gravatar.com\/avatar\/b9eb35b4c023b96c29c4a145a82c6c381b68f2c889c5427106ad5aab6df45b9d?s=96&d=mm&r=g"},"political_author":null,"tagline":"","_links":{"self":[{"href":"https:\/\/litci.org\/pt\/wp-json\/wp\/v2\/posts\/77870","targetHints":{"allow":["GET"]}}],"collection":[{"href":"https:\/\/litci.org\/pt\/wp-json\/wp\/v2\/posts"}],"about":[{"href":"https:\/\/litci.org\/pt\/wp-json\/wp\/v2\/types\/post"}],"author":[{"embeddable":true,"href":"https:\/\/litci.org\/pt\/wp-json\/wp\/v2\/users\/7"}],"replies":[{"embeddable":true,"href":"https:\/\/litci.org\/pt\/wp-json\/wp\/v2\/comments?post=77870"}],"version-history":[{"count":2,"href":"https:\/\/litci.org\/pt\/wp-json\/wp\/v2\/posts\/77870\/revisions"}],"predecessor-version":[{"id":77888,"href":"https:\/\/litci.org\/pt\/wp-json\/wp\/v2\/posts\/77870\/revisions\/77888"}],"wp:featuredmedia":[{"embeddable":true,"href":"https:\/\/litci.org\/pt\/wp-json\/wp\/v2\/media\/77871"}],"wp:attachment":[{"href":"https:\/\/litci.org\/pt\/wp-json\/wp\/v2\/media?parent=77870"}],"wp:term":[{"taxonomy":"category","embeddable":true,"href":"https:\/\/litci.org\/pt\/wp-json\/wp\/v2\/categories?post=77870"},{"taxonomy":"post_tag","embeddable":true,"href":"https:\/\/litci.org\/pt\/wp-json\/wp\/v2\/tags?post=77870"}],"curies":[{"name":"wp","href":"https:\/\/api.w.org\/{rel}","templated":true}]}}