{"id":77608,"date":"2023-09-28T13:29:31","date_gmt":"2023-09-28T13:29:31","guid":{"rendered":"https:\/\/litci.org\/pt\/?p=77608"},"modified":"2023-09-28T13:29:35","modified_gmt":"2023-09-28T13:29:35","slug":"nem-o-projeto-capitalista-de-bolsonaro-nem-o-projeto-capitalista-de-lula-os-trabalhadores-precisam-de-um-projeto-seu","status":"publish","type":"post","link":"https:\/\/litci.org\/pt\/2023\/09\/28\/nem-o-projeto-capitalista-de-bolsonaro-nem-o-projeto-capitalista-de-lula-os-trabalhadores-precisam-de-um-projeto-seu\/","title":{"rendered":"Nem o projeto capitalista de Bolsonaro, nem o projeto capitalista de Lula: Os trabalhadores precisam de um projeto seu"},"content":{"rendered":"\n<p><em>Diversas setores come\u00e7am a\u00a0entrar em luta\u00a0em defesa das suas reivindica\u00e7\u00f5es,\u00a0contra as privatiza\u00e7\u00f5es do saneamento, dos metr\u00f4s,\u00a0os ataques dos governos e pelos direitos dos trabalhadores e estudantes. Estamos falando do plebiscito contra a privatiza\u00e7\u00e3o em S\u00e3o Paulo, da luta dos estudantes da USP, mas tamb\u00e9m mobiliza\u00e7\u00f5es dos petroleiros no Rio de Janeiro, rejei\u00e7\u00e3o de PDV por metal\u00fargicos e outras movimenta\u00e7\u00f5es pelo pa\u00eds.\u00a0<\/em>                                                        Por: PSTU Brasil<\/p>\n\n\n\n<p>H\u00e1 uma bronca contra os governos estaduais da ultradireita como Tarc\u00edsio em S\u00e3o Paulo, Zema em Minas e Castro no Rio, e suas agendas agressivas de privatiza\u00e7\u00e3o e ataques. Mas tamb\u00e9m contra os governos estaduais do PT, como Jer\u00f4nimo na Bahia que,&nbsp; igualmente,&nbsp;privatiza, faz Parcerias P\u00fablico Privadas, e chacinas&nbsp;igualzinho&nbsp;aos governos da direita bolsonarista.<\/p>\n\n\n\n<p>Lula&nbsp;teve um aumento de popularidade,&nbsp;como mostra as \u00faltimas pesquisas. Mas isso n\u00e3o impede que hajam lutas,&nbsp;experi\u00eancia e descontentamento em diferentes graus entre os trabalhadores organizados. O relativo melhor momento da economia que surfa o governo tem a ver mais&nbsp;com&nbsp;os efeitos do aux\u00edlio emergencial transformado em Bolsa Fam\u00edlia e certa desacelera\u00e7\u00e3o da infla\u00e7\u00e3o, do que com investimento em capacidade instalada, empregos melhores remunerados e direitos.&nbsp;<\/p>\n\n\n\n\n\n<p>Mas esse pequeno crescimento tamb\u00e9m ajuda a alentar as lutas. Joga a favor deste in\u00edcio de mobiliza\u00e7\u00e3o entre os trabalhadores e os estudantes a percep\u00e7\u00e3o que come\u00e7a a chegar de que ser\u00e1 preciso lutar para resistir ao ataques de todos os governos, para conquistar alguma reivindica\u00e7\u00e3o e que o momento \u00e9 prop\u00edcio para isso.&nbsp;<\/p>\n\n\n\n<p>Joga a favor da luta tamb\u00e9m a relativa defensiva do bolsonarismo a partir revela\u00e7\u00e3o das maracutaias golpistas e os efeitos da derrota eleitoral. E isso se d\u00e1 apesar do governo que n\u00e3o moveu uma palha contra o bolsonarismo.&nbsp;O que \u00e9 grave porque sabemos que seguir\u00e3o existindo enquanto se mantiver essa decad\u00eancia capitalista, que governos como o de Lula-Alckmin mant\u00e9m e aprofundam.&nbsp;<\/p>\n\n\n\n<p>As lutas ainda est\u00e3o em seu inicio&nbsp;e&nbsp;\u00e9 certo que aqueles que defendem os trabalhadores devem fazer de tudo para que a luta cres\u00e7a.&nbsp;Por\u00e9m, \u00e9 preciso que&nbsp;a&nbsp;luta&nbsp;enfrente os governadores de direita, mas tamb\u00e9m&nbsp;os ataques promovidos pelo governo federal&nbsp;e seu projeto econ\u00f4mico.&nbsp;<\/p>\n\n\n\n<p>O governo Lula, em primeiro lugar, n\u00e3o faz nada para frear as privatiza\u00e7\u00f5es ou para enfrentar os governos estaduais da ultradireita bolsonarista.&nbsp;Pelo contr\u00e1rio. \u00c9 aliado deles na privatiza\u00e7\u00e3o dos portos, dos metr\u00f4s ou do saneamento, da educa\u00e7\u00e3o e sa\u00fade, atrav\u00e9s das PPPs e tamb\u00e9m da entrega pura e simples de empresas, como aconteceu no caso do metr\u00f4 de BH.&nbsp;&nbsp;O que se agrava com o fato de passar pano para os militares golpistas e&nbsp;seguir&nbsp;colocando centr\u00e3o&nbsp;bolsonarista&nbsp;para dentro do governo,&nbsp;como a entrega do minist\u00e9rio dos portos para um privatista, amigo de Tarcisio de Freitas, governador de S\u00e3o Paulo. Sem falar no \u201cFufuca\u201d, ou no Zanin no STF, defendendo pautas conservadoras iguais \u00e0s bolsonaristas.<\/p>\n\n\n\n<p>Na verdade, o que foi aprovado at\u00e9 aqui s\u00f3 demonstrou o compromisso de Lula e do PT com a governabilidade capitalista e os planos neoliberais haja visto&nbsp;o arcabou\u00e7o fiscal, reforma tribut\u00e1ria e projeto de desenvolvimento econ\u00f4mico pautado na venda do pa\u00eds para as multinacionais e em parcerias publico privadas&nbsp;(PPPs). A ONG de Paulo Lemman um dos homens mais ricos&nbsp;e pilantras&nbsp;do brasil, respons\u00e1vel pela falcatrua das Americanas,&nbsp;ocupa&nbsp;espa\u00e7os no governo Lula na \u00e1rea da educa\u00e7\u00e3o ao ponto de ganhar acesso a 6 bilh\u00f5es de reais do Minist\u00e9rio da Educa\u00e7\u00e3o e Comunica\u00e7\u00e3o.<\/p>\n\n\n\n<p>O projeto de Lula do ponto de vista econ\u00f4mico, sendo diferente do de Bolsonaro no varejo, no atacado \u00e9 capitalista e subalterno ao imperialismo da mesma forma, e por isso n\u00e3o apenas n\u00e3o garante a amplia\u00e7\u00e3o de direitos para a classe trabalhadora, como n\u00e3o garante sequer manter os poucos que restaram. Tamb\u00e9m n\u00e3o garante nem um mil\u00edmetro mais de soberania nacional, pelo contr\u00e1rio, o pa\u00eds continua sendo entregue aos monop\u00f3lios internacionais e subalterno aos interesses dos pa\u00edses ricos. O governo fala em \u201creindustrializa\u00e7\u00e3o\u201d e oferece m\u00e3o de obra barata e regalias para os pa\u00edses ricos produzirem, nas palavras do ministro da Fazenda Haddad, \u201calum\u00ednio, t\u00eaxtil, celulose e a\u00e7o\u201d. E chama isso de \u201cneodesenvolvimentismo\u201d. Os bilion\u00e1rios fazem a festa, enquanto os debaixo continuam na mesma ou pior.<\/p>\n\n\n\n<p>A luta deve seguir e nos entusiasma. Mas os trabalhadores devem avan\u00e7ar&nbsp;para&nbsp;ter um projeto seu&nbsp;e lutar por ele. Porque o governo Lula, ao implementar uma pol\u00edtica econ\u00f4mica neoliberal, fazer a alian\u00e7a com a direita e governar a servi\u00e7o dos ricos, n\u00e3o&nbsp;vai&nbsp;resolver os principais problemas sentidos pelos trabalhadores.&nbsp;<\/p>\n\n\n\n<p>&nbsp;Para isso seria preciso enfrentar de verdade as multinacionais e os grandes monop\u00f3lios capitalistas. Partindo da reestatiza\u00e7\u00e3o das empresas privatizadas. Colocando-as sob controle dos trabalhadores e n\u00e3o de meia d\u00fazia de magnatas como foi feito com a Eletrobras ou como pretendem fazer agora com a \u00e1gua. Daqui a pouco v\u00e3o privatizar at\u00e9 o ar.&nbsp;<\/p>\n\n\n\n<p>Enfrentar os bilion\u00e1rios,&nbsp;e reestatizar&nbsp;seria um caminho para termos servi\u00e7os melhores, mais baratos&nbsp;e para todos os brasileiros. Al\u00e9m de possibilitar com que a riqueza produzida por esses grandes monop\u00f3lios fossem utilizados pelos trabalhadores sendo destinados para&nbsp;universalizar os servi\u00e7os p\u00fablicos como saneamento b\u00e1sico,&nbsp;melhores sal\u00e1rios, pleno emprego investimentos nas \u00e1reas sociais e necessidades reais do pa\u00eds, possibilitando romper a domina\u00e7\u00e3o imperialista.&nbsp;<\/p>\n\n\n\n<p>O que impede o brasil de se desenvolver \u00e9 o dom\u00ednio das grandes empresas controlando tudo desde a economia at\u00e9 a pol\u00edtica.&nbsp;<\/p>\n\n\n\n<p>Por isso para mudar \u00e9 importante ter independ\u00eancia de classe.&nbsp;Ou&nbsp;seja, os trabalhadores n\u00e3o podem apoiar o governo&nbsp;Lula-Alckimin,&nbsp;que governa com&nbsp;o centr\u00e3o bolsonarista&nbsp;e toda grande patronal, aplicando um projeto capitalista atrelado aos interesses dos bilion\u00e1rios e suas megas empresas e bancos. Para os trabalhadores ganharem tem que atacar a propriedade monopolista e multinacional.<\/p>\n\n\n\n<p>A unidade de a\u00e7\u00e3o de todos&nbsp;que estejam&nbsp;a favor de lutar deve existir. Mas \u00e9 preciso construir a independ\u00eancia de classe dos trabalhadores no movimento.&nbsp;Quer dizer, exigir que as organiza\u00e7\u00f5es dos trabalhadores sejam independentes do governo e defender o interesse dos trabalhadores at\u00e9 o final, contra a patronal e o governo controlado por ela.&nbsp;&nbsp;Para al\u00e9m do movimento \u00e9 preciso que&nbsp; uma sa\u00edda pol\u00edtica, um outro projeto. Por isso a necessidade de construir uma oposi\u00e7\u00e3o de esquerda de classe e socialista.&nbsp;<\/p>\n\n\n\n<p>Ningu\u00e9m quer a volta da ultradireita. Mas quem ajuda a ultradireita s\u00e3o os governos do PT que tem um discurso a favor do povo mas, na pr\u00e1tica, segue mantendo e ajudando os capitalismo e os bilion\u00e1rios. A melhor vacina contra o v\u00edrus da ultradireita \u00e9 a independ\u00eancia de classe do governo Lula e o fortalecimento de uma alternativa revolucion\u00e1ria e socialista de oposi\u00e7\u00e3o de esquerda ao governo, inclusive para&nbsp; enfrentar tamb\u00e9m a direita.<\/p>\n\n\n\n<p>Nem o projeto capitalista de Bolsonaro, nem o projeto capitalista de Lula: Os trabalhadores precisam de um projeto seu<\/p>\n\n\n\n<p>Vota\u00e7\u00e3o do plebiscito popular contra as privatiza\u00e7\u00f5es em SP<\/p>\n\n\n\n<p>Diversas setores come\u00e7am a&nbsp;entrar em luta&nbsp;em defesa das suas reivindica\u00e7\u00f5es,&nbsp;contra as privatiza\u00e7\u00f5es do saneamento, dos metr\u00f4s,&nbsp;os ataques dos governos e pelos direitos dos trabalhadores e estudantes. Estamos falando do plebiscito contra a privatiza\u00e7\u00e3o em S\u00e3o Paulo, da luta dos estudantes da USP, mas tamb\u00e9m mobiliza\u00e7\u00f5es dos petroleiros no Rio de Janeiro, rejei\u00e7\u00e3o de PDV por metal\u00fargicos e outras movimenta\u00e7\u00f5es pelo pa\u00eds.&nbsp;<\/p>\n\n\n\n<p>H\u00e1 uma bronca contra os governos estaduais da ultradireita como Tarc\u00edsio em S\u00e3o Paulo, Zema em Minas e Castro no Rio, e suas agendas agressivas de privatiza\u00e7\u00e3o e ataques. Mas tamb\u00e9m contra os governos estaduais do PT, como Jer\u00f4nimo na Bahia que,&nbsp; igualmente,&nbsp;privatiza, faz Parcerias P\u00fablico Privadas, e chacinas&nbsp;igualzinho&nbsp;aos governos da direita bolsonarista.<\/p>\n\n\n\n<p>Lula&nbsp;teve um aumento de popularidade,&nbsp;como mostra as \u00faltimas pesquisas. Mas isso n\u00e3o impede que hajam lutas,&nbsp;experi\u00eancia e descontentamento em diferentes graus entre os trabalhadores organizados. O relativo melhor momento da economia que surfa o governo tem a ver mais&nbsp;com&nbsp;os efeitos do aux\u00edlio emergencial transformado em Bolsa Fam\u00edlia e certa desacelera\u00e7\u00e3o da infla\u00e7\u00e3o, do que com investimento em capacidade instalada, empregos melhores remunerados e direitos.&nbsp;<\/p>\n\n\n\n\n\n<p>Mas esse pequeno crescimento tamb\u00e9m ajuda a alentar as lutas. Joga a favor deste in\u00edcio de mobiliza\u00e7\u00e3o entre os trabalhadores e os estudantes a percep\u00e7\u00e3o que come\u00e7a a chegar de que ser\u00e1 preciso lutar para resistir ao ataques de todos os governos, para conquistar alguma reivindica\u00e7\u00e3o e que o momento \u00e9 prop\u00edcio para isso.&nbsp;<\/p>\n\n\n\n<p>Joga a favor da luta tamb\u00e9m a relativa defensiva do bolsonarismo a partir revela\u00e7\u00e3o das maracutaias golpistas e os efeitos da derrota eleitoral. E isso se d\u00e1 apesar do governo que n\u00e3o moveu uma palha contra o bolsonarismo.&nbsp;O que \u00e9 grave porque sabemos que seguir\u00e3o existindo enquanto se mantiver essa decad\u00eancia capitalista, que governos como o de Lula-Alckmin mant\u00e9m e aprofundam.&nbsp;<\/p>\n\n\n\n<p>As lutas ainda est\u00e3o em seu inicio&nbsp;e&nbsp;\u00e9 certo que aqueles que defendem os trabalhadores devem fazer de tudo para que a luta cres\u00e7a.&nbsp;Por\u00e9m, \u00e9 preciso que&nbsp;a&nbsp;luta&nbsp;enfrente os governadores de direita, mas tamb\u00e9m&nbsp;os ataques promovidos pelo governo federal&nbsp;e seu projeto econ\u00f4mico.&nbsp;<\/p>\n\n\n\n<p>O governo Lula, em primeiro lugar, n\u00e3o faz nada para frear as privatiza\u00e7\u00f5es ou para enfrentar os governos estaduais da ultradireita bolsonarista.&nbsp;Pelo contr\u00e1rio. \u00c9 aliado deles na privatiza\u00e7\u00e3o dos portos, dos metr\u00f4s ou do saneamento, da educa\u00e7\u00e3o e sa\u00fade, atrav\u00e9s das PPPs e tamb\u00e9m da entrega pura e simples de empresas, como aconteceu no caso do metr\u00f4 de BH.&nbsp;&nbsp;O que se agrava com o fato de passar pano para os militares golpistas e&nbsp;seguir&nbsp;colocando centr\u00e3o&nbsp;bolsonarista&nbsp;para dentro do governo,&nbsp;como a entrega do minist\u00e9rio dos portos para um privatista, amigo de Tarcisio de Freitas, governador de S\u00e3o Paulo. Sem falar no \u201cFufuca\u201d, ou no Zanin no STF, defendendo pautas conservadoras iguais \u00e0s bolsonaristas.<\/p>\n\n\n\n<p>Na verdade, o que foi aprovado at\u00e9 aqui s\u00f3 demonstrou o compromisso de Lula e do PT com a governabilidade capitalista e os planos neoliberais haja visto&nbsp;o arcabou\u00e7o fiscal, reforma tribut\u00e1ria e projeto de desenvolvimento econ\u00f4mico pautado na venda do pa\u00eds para as multinacionais e em parcerias publico privadas&nbsp;(PPPs). A ONG de Paulo Lemman um dos homens mais ricos&nbsp;e pilantras&nbsp;do brasil, respons\u00e1vel pela falcatrua das Americanas,&nbsp;ocupa&nbsp;espa\u00e7os no governo Lula na \u00e1rea da educa\u00e7\u00e3o ao ponto de ganhar acesso a 6 bilh\u00f5es de reais do Minist\u00e9rio da Educa\u00e7\u00e3o e Comunica\u00e7\u00e3o.<\/p>\n\n\n\n<p>O projeto de Lula do ponto de vista econ\u00f4mico, sendo diferente do de Bolsonaro no varejo, no atacado \u00e9 capitalista e subalterno ao imperialismo da mesma forma, e por isso n\u00e3o apenas n\u00e3o garante a amplia\u00e7\u00e3o de direitos para a classe trabalhadora, como n\u00e3o garante sequer manter os poucos que restaram. Tamb\u00e9m n\u00e3o garante nem um mil\u00edmetro mais de soberania nacional, pelo contr\u00e1rio, o pa\u00eds continua sendo entregue aos monop\u00f3lios internacionais e subalterno aos interesses dos pa\u00edses ricos. O governo fala em \u201creindustrializa\u00e7\u00e3o\u201d e oferece m\u00e3o de obra barata e regalias para os pa\u00edses ricos produzirem, nas palavras do ministro da Fazenda Haddad, \u201calum\u00ednio, t\u00eaxtil, celulose e a\u00e7o\u201d. E chama isso de \u201cneodesenvolvimentismo\u201d. Os bilion\u00e1rios fazem a festa, enquanto os debaixo continuam na mesma ou pior.<\/p>\n\n\n\n<p>A luta deve seguir e nos entusiasma. Mas os trabalhadores devem avan\u00e7ar&nbsp;para&nbsp;ter um projeto seu&nbsp;e lutar por ele. Porque o governo Lula, ao implementar uma pol\u00edtica econ\u00f4mica neoliberal, fazer a alian\u00e7a com a direita e governar a servi\u00e7o dos ricos, n\u00e3o&nbsp;vai&nbsp;resolver os principais problemas sentidos pelos trabalhadores.&nbsp;<\/p>\n\n\n\n<p>&nbsp;Para isso seria preciso enfrentar de verdade as multinacionais e os grandes monop\u00f3lios capitalistas. Partindo da reestatiza\u00e7\u00e3o das empresas privatizadas. Colocando-as sob controle dos trabalhadores e n\u00e3o de meia d\u00fazia de magnatas como foi feito com a Eletrobras ou como pretendem fazer agora com a \u00e1gua. Daqui a pouco v\u00e3o privatizar at\u00e9 o ar.&nbsp;<\/p>\n\n\n\n<p>Enfrentar os bilion\u00e1rios,&nbsp;e reestatizar&nbsp;seria um caminho para termos servi\u00e7os melhores, mais baratos&nbsp;e para todos os brasileiros. Al\u00e9m de possibilitar com que a riqueza produzida por esses grandes monop\u00f3lios fossem utilizados pelos trabalhadores sendo destinados para&nbsp;universalizar os servi\u00e7os p\u00fablicos como saneamento b\u00e1sico,&nbsp;melhores sal\u00e1rios, pleno emprego investimentos nas \u00e1reas sociais e necessidades reais do pa\u00eds, possibilitando romper a domina\u00e7\u00e3o imperialista.&nbsp;<\/p>\n\n\n\n<p>O que impede o brasil de se desenvolver \u00e9 o dom\u00ednio das grandes empresas controlando tudo desde a economia at\u00e9 a pol\u00edtica.&nbsp;<\/p>\n\n\n\n<p>Por isso para mudar \u00e9 importante ter independ\u00eancia de classe.&nbsp;Ou&nbsp;seja, os trabalhadores n\u00e3o podem apoiar o governo&nbsp;Lula-Alckimin,&nbsp;que governa com&nbsp;o centr\u00e3o bolsonarista&nbsp;e toda grande patronal, aplicando um projeto capitalista atrelado aos interesses dos bilion\u00e1rios e suas megas empresas e bancos. Para os trabalhadores ganharem tem que atacar a propriedade monopolista e multinacional.<\/p>\n\n\n\n<p>A unidade de a\u00e7\u00e3o de todos&nbsp;que estejam&nbsp;a favor de lutar deve existir. Mas \u00e9 preciso construir a independ\u00eancia de classe dos trabalhadores no movimento.&nbsp;Quer dizer, exigir que as organiza\u00e7\u00f5es dos trabalhadores sejam independentes do governo e defender o interesse dos trabalhadores at\u00e9 o final, contra a patronal e o governo controlado por ela.&nbsp;&nbsp;Para al\u00e9m do movimento \u00e9 preciso que&nbsp; uma sa\u00edda pol\u00edtica, um outro projeto. Por isso a necessidade de construir uma oposi\u00e7\u00e3o de esquerda de classe e socialista.&nbsp;<\/p>\n\n\n\n<p>Ningu\u00e9m quer a volta da ultradireita. Mas quem ajuda a ultradireita s\u00e3o os governos do PT que tem um discurso a favor do povo mas, na pr\u00e1tica, segue mantendo e ajudando os capitalismo e os bilion\u00e1rios. A melhor vacina contra o v\u00edrus da ultradireita \u00e9 a independ\u00eancia de classe do governo Lula e o fortalecimento de uma alternativa revolucion\u00e1ria e socialista de oposi\u00e7\u00e3o de esquerda ao governo, inclusive para&nbsp; enfrentar tamb\u00e9m a direita.<\/p>\n","protected":false},"excerpt":{"rendered":"<p>Diversas setores come\u00e7am a\u00a0entrar em luta\u00a0em defesa das suas reivindica\u00e7\u00f5es,\u00a0contra as privatiza\u00e7\u00f5es do saneamento, dos metr\u00f4s,\u00a0os ataques dos governos e pelos direitos dos trabalhadores e estudantes. Estamos falando do plebiscito contra a privatiza\u00e7\u00e3o em S\u00e3o Paulo, da luta dos estudantes da USP, mas tamb\u00e9m mobiliza\u00e7\u00f5es dos petroleiros no Rio de Janeiro, rejei\u00e7\u00e3o de PDV por [&hellip;]<\/p>\n","protected":false},"author":7,"featured_media":77609,"menu_order":0,"comment_status":"open","ping_status":"open","sticky":false,"template":"","format":"standard","meta":{"litci_post_political_author":"","footnotes":""},"categories":[121],"tags":[190],"class_list":["post-77608","post","type-post","status-publish","format-standard","has-post-thumbnail","hentry","category-brasil","tag-pstu-brasil"],"fimg_url":"https:\/\/litci.org\/pt\/wp-content\/uploads\/2023\/09\/Plesbicito.jpg","categories_names":["Brasil"],"author_info":{"name":"lena","pic":"https:\/\/secure.gravatar.com\/avatar\/b9eb35b4c023b96c29c4a145a82c6c381b68f2c889c5427106ad5aab6df45b9d?s=96&d=mm&r=g"},"political_author":null,"tagline":"","_links":{"self":[{"href":"https:\/\/litci.org\/pt\/wp-json\/wp\/v2\/posts\/77608","targetHints":{"allow":["GET"]}}],"collection":[{"href":"https:\/\/litci.org\/pt\/wp-json\/wp\/v2\/posts"}],"about":[{"href":"https:\/\/litci.org\/pt\/wp-json\/wp\/v2\/types\/post"}],"author":[{"embeddable":true,"href":"https:\/\/litci.org\/pt\/wp-json\/wp\/v2\/users\/7"}],"replies":[{"embeddable":true,"href":"https:\/\/litci.org\/pt\/wp-json\/wp\/v2\/comments?post=77608"}],"version-history":[{"count":1,"href":"https:\/\/litci.org\/pt\/wp-json\/wp\/v2\/posts\/77608\/revisions"}],"predecessor-version":[{"id":77610,"href":"https:\/\/litci.org\/pt\/wp-json\/wp\/v2\/posts\/77608\/revisions\/77610"}],"wp:featuredmedia":[{"embeddable":true,"href":"https:\/\/litci.org\/pt\/wp-json\/wp\/v2\/media\/77609"}],"wp:attachment":[{"href":"https:\/\/litci.org\/pt\/wp-json\/wp\/v2\/media?parent=77608"}],"wp:term":[{"taxonomy":"category","embeddable":true,"href":"https:\/\/litci.org\/pt\/wp-json\/wp\/v2\/categories?post=77608"},{"taxonomy":"post_tag","embeddable":true,"href":"https:\/\/litci.org\/pt\/wp-json\/wp\/v2\/tags?post=77608"}],"curies":[{"name":"wp","href":"https:\/\/api.w.org\/{rel}","templated":true}]}}