{"id":77204,"date":"2023-07-05T14:07:23","date_gmt":"2023-07-05T14:07:23","guid":{"rendered":"https:\/\/litci.org\/pt\/?p=77204"},"modified":"2023-07-05T14:07:25","modified_gmt":"2023-07-05T14:07:25","slug":"incendios-florestais-no-canada-um-sinal-do-que-vem-por-ai","status":"publish","type":"post","link":"https:\/\/litci.org\/pt\/2023\/07\/05\/incendios-florestais-no-canada-um-sinal-do-que-vem-por-ai\/","title":{"rendered":"Inc\u00eandios florestais no Canad\u00e1: um sinal do que vem por a\u00ed"},"content":{"rendered":"\n<p><em>Desde 29 de abril, a \u00e1rea ocupada pelo oeste do Canad\u00e1 tem visto uma quantidade impressionante de inc\u00eandios florestais acontecendo bem antes da \u00e9poca. Isso acontece semanas depois de recordes de altas temperaturas quantidades incrivelmente baixas de chuva e neve. At\u00e9 20 de maio, esses inc\u00eandios j\u00e1 destru\u00edram mais de 842.000 hectares de terra, principalmente de floresta boreal, o que \u00e9 mais de quatro vezes a m\u00e9dia anual. No momento em que esse texto for publicado, \u00e9 prov\u00e1vel que ultrapassemos os 883.441 hectares que foram recorde em 2019.<\/em><\/p>\n\n\n\n<p>Por: Taytyn Badger<\/p>\n\n\n\n<p>Em seu \u00e1pice em 7 de maio, os inc\u00eandios j\u00e1 tinham removido ou for\u00e7ado a evacua\u00e7\u00e3o de mais de 30.000 pessoas. Pelo menos 275 constru\u00e7\u00f5es, em sua maioria casas, foram sabidamente destru\u00eddas, e \u00e9 prov\u00e1vel que esse n\u00famero cres\u00e7a conforme a extens\u00e3o da destrui\u00e7\u00e3o se tornar conhecida. Embora sejam n\u00fameros menores que os da temporada de 2016, que deslocou 90.000 pessoas e destruiu 2400 lares no entorno de Fort McMurray, uma pequena cidade que surgiu para extrair areias betuminosas, o motivo parece ser o fato de que os inc\u00eandios est\u00e3o ocorrendo em regi\u00f5es menos densamente povoadas.<\/p>\n\n\n\n<p><strong>Os efeitos sobre os povos ind\u00edgenas <\/strong><\/p>\n\n\n\n<p>Os povos ind\u00edgenas e as comunidades t\u00eam sido desproporcionalmente atingidos pelos inc\u00eandios e seus efeitos. Por um lado, os povos e comunidades ind\u00edgenas foram e s\u00e3o propositalmente movidos para terras de pouco valor econ\u00f4mico para os colonizadores, historicamente atrav\u00e9s da cria\u00e7\u00e3o de reservas e tanto hist\u00f3rica quanto atualmente pelos pre\u00e7os da terra. Ao mesmo tempo, povos menos removidos s\u00e3o uma parte grande da popula\u00e7\u00e3o em \u00e1reas em que os colonizadores n\u00e3o encontraram motivo para ocupar em grandes n\u00fameros. Por essas duas coisas, a prote\u00e7\u00e3o de nossas comunidades e dessa terra \u00e9 vista como menos importante e de prioridade menor do que regi\u00f5es e comunidades que s\u00e3o percebidas como de maior valor econ\u00f4mico para o capitalismo.<br><br>Comunidades ind\u00edgenas for\u00e7adas a evacuar sob amea\u00e7a imediata de inc\u00eandios incluem a Na\u00e7\u00e3o Cree Little Red River, a Na\u00e7\u00e3o Origin\u00e1ria Cree de Sturgeon Lake, La Loche, a Na\u00e7\u00e3o Origin\u00e1ria Saulteaux, e a Col\u00f4nia Metis da Plan\u00edcie Oriental. Em Little Red River, centenas fizeram filas ao lado do rio para escapar via balsas, que s\u00e3o a \u00fanica forma de entrar e sair dessa comunidade de 3000 pessoas onde se sabe de 80 edifica\u00e7\u00f5es destru\u00eddas. Cerca de 1600 foram evacuadas de Sturgeon Lake, com 40 estruturas destru\u00eddas. A Col\u00f4nia Metis da Plan\u00edcie Oriental, localizada a apenas 25 quil\u00f4metros de minha comunidade natal, Sucker Creek, perdeu ao menos 24 casas desde que foi evacuada, e os membros da comunidade denunciam a falta de apoio e de equipamentos para aqueles que s\u00e3o bombeiros volunt\u00e1rios para proteger seus lares.<\/p>\n\n\n\n<p>H\u00e1 semanas os meus av\u00f3s, junto com o restante da minha comunidade, est\u00e3o sob alerta oficial de evacua\u00e7\u00e3o, o que significa que eles precisam estar preparados para sair em at\u00e9 uma hora. Quando eu ligo para saber como eles est\u00e3o e garantir que est\u00e1 tudo bem, minha kokhom fala sobre como parentes perderam tudo, e sobre como ela tem medo de perder sua casa e todas as mem\u00f3rias e lembran\u00e7as que criou duas gera\u00e7\u00f5es de crian\u00e7as e de seus \u00faltimos 30 anos de vida. Ela se preparou tanto quanto poss\u00edvel, mas como muitos outros, ela encara a possibilidade real de que tudo que possui pode se tornar fuma\u00e7a.<br><br><strong>Efeitos da fuma\u00e7a<br><\/strong><br>Al\u00e9m da destrui\u00e7\u00e3o maci\u00e7a de florestas e o efeito sobre as pessoas e comunidades que est\u00e3o diretamente no caminho dos inc\u00eandios, tamb\u00e9m h\u00e1 a gigantesca nuvem de fuma\u00e7a que cobriu a maioria do Oeste do Canad\u00e1 e partes dos EUA. Milh\u00f5es de pessoas foram submetidas a per\u00edodos em que a o \u00cdndice de Qualidade do Ar para Part\u00edculas Finas foi 400 ou mais (mais de 30 vezes a taxa m\u00e1xima segura), assim como uma quantidade enorme de outras part\u00edculas e tipos de polui\u00e7\u00e3o.<\/p>\n\n\n\n<p>A exposi\u00e7\u00e3o a part\u00edculas de tipo fino e extremamente fino (PM2.5 e PM1 respectivamente), capazes de chegar profundamente aos pulm\u00f5es, est\u00e1 ligada a diversos impactos negativos \u00e0 sa\u00fade. No curto prazo, pode causar irrita\u00e7\u00e3o nos olhos, pulm\u00f5es e garganta, dificuldade para respirar, fadiga, bronquite aguda e suscetibilidade a infec\u00e7\u00f5es respirat\u00f3rias. A amea\u00e7a \u00e9 particularmente grave para crian\u00e7as, idosos, pessoas imunocomprometidas e aquelas com problemas pulmonares ou respirat\u00f3rios preexistentes. Esses grupos n\u00e3o s\u00f3 est\u00e3o mais propensos a desenvolver esses sintomas, como correm risco de ataques de asma, ataques card\u00edacos e arritmias. Al\u00e9m disso, a exposi\u00e7\u00e3o repetida ou a longo prazo est\u00e1 ligada a uma s\u00e9rie de doen\u00e7as cr\u00f4nicas ou de longo prazo.<\/p>\n\n\n\n<p><strong>Aquecimento global e racismo ambiental<\/strong><\/p>\n\n\n\n<p>Embora os inc\u00eandios desse ano sejam incomuns por sua gravidade, eles infelizmente refletem uma tend\u00eancia cont\u00ednua que \u00e9 resultado da mudan\u00e7a clim\u00e1tica causada pela humanidade, e s\u00e3o um sinal do que est\u00e1 por vir. Temperaturas crescentes ao redor do mundo est\u00e3o atrasando o inverno, o que leva a redu\u00e7\u00e3o dos n\u00edveis de neve, derretimentos da primavera prematuros, e a r\u00e1pida secagem dos res\u00edduos bot\u00e2nicos, criando condi\u00e7\u00f5es ideais para esse tipo de inc\u00eandio. O oeste do Canad\u00e1 em particular se aqueceu mais rapidamente que a m\u00e9dia global, 1,9 grau Celsius desde os anos 50. Como reflexo disso, a \u00e1rea m\u00e9dia de floresta queimada por ano dobrou desde 1970, e cinco dos seis maiores inc\u00eandios na hist\u00f3ria da prov\u00edncia de Alberta ocorreram nos \u00faltimos 15 anos. Enquanto o aquecimento seguir, inc\u00eandios assim continuar\u00e3o crescendo, enquanto que apenas o m\u00ednimo do m\u00ednimo \u00e9 gasto para enfrent\u00e1-los, exceto quando investimentos capitalistas est\u00e3o sob risco.<br><br>Tudo que n\u00f3s discutimos no artigo at\u00e9 agora mostra como esses inc\u00eandios est\u00e3o ligados ao racismo ambiental sofrido pelos povos ind\u00edgenas da terra que hoje \u00e9 ocupada pela Canad\u00e1. A explora\u00e7\u00e3o das areias betuminosas e a sua crescente teia de tubula\u00e7\u00f5es j\u00e1 envenena a terra, o ar e nosso povo para garantir lucros para os ocupadores capitalistas. E conforme a produ\u00e7\u00e3o e queima desses combust\u00edveis f\u00f3sseis acelera o aquecimento global, somos abandonados para lidar com os efeitos nefastos no ambiente e a destrui\u00e7\u00e3o de nossos lares.<br><br><strong>O capitalismo \u00e9 incapaz de responder<\/strong><\/p>\n\n\n\n<p>A l\u00f3gica subjacente do capitalismo garante que ele \u00e9 &nbsp;incapaz de responder \u00e0 crescente crise ambiental. Sob o capitalismo, o \u00fanico valor que importa \u00e9 o valor de troca, a quantidade pelo qual algo pode ser trocado no mercado. Para maximizar lucros ou tentar impedir a tend\u00eancia da queda da taxa de lucros, o capital precisa constantemente se expandir e estender sua explora\u00e7\u00e3o n\u00e3o apenas aos povos, como tamb\u00e9m \u00e0 terra. O ambiente do qual todos dependemos para sobreviver \u00e9 tratado como um &#8220;almo\u00e7o gr\u00e1tis&#8221; para o capital, para ser pilhado e destru\u00eddo como necess\u00e1rio. Na verdade, o capital tem pouca escolha sobre isso, j\u00e1 que optar por N\u00c3O maximizar os lucros a qualquer custo condena as empresas a ficar para tr\u00e1s e serem absorvidas pelas que o fazem. O resultado \u00e9 o crescimento de uma &#8220;ruptura metab\u00f3lica&#8221; entre o que a sociedade humana, atualmente capitalista, retira do meio e o que ela devolve, com uma infinidade de efeitos desastrosos para ambos.<br><br>No n\u00edvel da pol\u00edtica, essa realidade pode ser vista na completa recusa dos estados capitalistas a enfrentar crises clim\u00e1ticas de forma minimamente significativa. O atual governo do Canad\u00e1, chefiado pelo Partido Liberal, foi eleito com uma plataforma que inclu\u00eda o enfrentamento \u00e0 destrui\u00e7\u00e3o ambiental e a redu\u00e7\u00e3o das emiss\u00f5es de carbono. Imediatamente ap\u00f3s a elei\u00e7\u00e3o, prontamente jogou todo seu peso pra ajudar a constru\u00e7\u00e3o de v\u00e1rias imensas tubula\u00e7\u00f5es de combust\u00edveis f\u00f3sseis e areias betuminosas, assim como para a extra\u00e7\u00e3o de combust\u00edveis f\u00f3sseis no geral, respondendo aos interesses dos capitalistas dessa \u00e1rea. Isso n\u00e3o \u00e9 nenhuma surpresa dado que combust\u00edveis f\u00f3sseis s\u00e3o 17,5% das exporta\u00e7\u00f5es do Canad\u00e1 e 7,5% do PIB, e, portanto, um investimento chave para a classe capitalista canadense.<br>&nbsp;<\/p>\n\n\n\n<p>Em Alberta mesmo essa tem\u00e1tica de mudan\u00e7a clim\u00e1tica, prote\u00e7\u00e3o ambiental e a crescente gravidade dos inc\u00eandios florestais est\u00e1 completamente ausente das plataformas dos dois maiores partidos, apesar dos inc\u00eandios na prov\u00edncia e da recente elei\u00e7\u00e3o em 29 de maio. O site para o NDP de Alberta, nosso partido nominalmente social-democrata, o m\u00e1ximo que aparece \u00e9 a ideia de for\u00e7ar empresas a limparem po\u00e7os abandonados e expandir o Programa de Incentivo Petroqu\u00edmico de Alberta para incluir reciclagem de pl\u00e1stico.<br><br>Durante os debates em18 de maio, quando a onda de inc\u00eandios devorava a prov\u00edncia, a \u00fanica men\u00e7\u00e3o ao assunto foi o candidato do Partido Conservador acusando o NDP de querer instituir um imposto sobre o carbono. A estrutura anti-inc\u00eandio tinha sido reduzida para cortar custos; o exemplo mais not\u00f3rio foi a dissolu\u00e7\u00e3o do Rapattack, uma for\u00e7a de bombeiros de r\u00e1pida resposta equipados com aeronaves para suprimir inc\u00eandios em lugares remotos antes que crescessem e se tornassem imposs\u00edveis de controlar.<br><br>Isso acontece apesar de 62% dos moradores de Alberta acreditarem que &#8220;deveria se fazer mais para enfrentar a mudan\u00e7a clim\u00e1tica&#8221;, e 59% que a transi\u00e7\u00e3o para outra matriz energ\u00e9tica seria melhor no longo prazo.[1] No entanto, combust\u00edveis f\u00f3sseis s\u00e3o centrais para a economia de Alberta a mais de um s\u00e9culos e correspondem a 27,9% do PIB da prov\u00edncia. Por um lado, isso torna o neg\u00f3cio completamente indispens\u00e1vel para o capital investido na prov\u00edncia, e por isso o completo sil\u00eancio dos governantes sobre quest\u00f5es ambientais. Por outro lado, muitos albertanos, incapazes de enxergar alternativa e temendo o desemprego, se agarram e apoiam a ind\u00fastria de combust\u00edveis por medo de perder seu n\u00edvel de vida caso haja uma diminui\u00e7\u00e3o da produ\u00e7\u00e3o sem outras formas de trabalho.<br><br><strong>A necessidade do socialismo<\/strong><\/p>\n\n\n\n<p>O \u00fanico caminho adiante \u00e9 a derrubada do capitalismo e sua substitui\u00e7\u00e3o por um sistema em que a produ\u00e7\u00e3o seja realizada sob controle dos trabalhadores e da comunidade para garantir as verdadeiras necessidades sociais dentro dos limites ecol\u00f3gicos. Os estados burocratizados dirigidos por Stalinistas no s\u00e9culo 20 mostram que meramente destruir o capitalismo localmente n\u00e3o \u00e9 suficiente para garantir que uma sociedade mantenha uma rela\u00e7\u00e3o metab\u00f3lica saud\u00e1vel com o meio ambiente. No entanto, separada da constante corrida alucinante por lucros, e dirigida democraticamente por aqueles que de fato s\u00e3o afetados pelas crises clim\u00e1ticas, finalmente ser\u00e1 poss\u00edvel \u00e0 humanidade oferecer uma resposta adequada para a atual cat\u00e1strofe clim\u00e1tica.<br><br>Isso vai demandar, como m\u00ednimo, a convers\u00e3o em massa para formas de energia limpas e renov\u00e1veis para amenizar os piores efeitos das crises clim\u00e1ticas e do aquecimento global j\u00e1 em curso. Nas palavras de Marx, precisamos &#8220;governar o metabolismo entre a humanidade e a natureza de forma racional, trazendo-o para o controle coletivo ao inv\u00e9s da domina\u00e7\u00e3o por parte de um poder cego, garantindo o menor consumo de energia e em condi\u00e7\u00f5es mais dignas e apropriadas para sua natureza humana.\u201d<br><br>Para chegar l\u00e1, precisaremos construir um movimento de massas independente e que compreenda as quest\u00f5es ambientais, unindo a classe trabalhadora e os grupos oprimidos, que podem exigir do sistema capitalista aquilo que ele nunca vai dar por vontade pr\u00f3pria. Agora, mais do que nunca, precisamos compreender a observa\u00e7\u00e3o que foi feita por Rosa Luxemburgo mais de um s\u00e9culo atr\u00e1s, de que estamos &#8220;em uma encruzilhada, ou para a transi\u00e7\u00e3o para o socialismo, ou para a regress\u00e3o \u00e0 barb\u00e1rie.\u201d<br><br>[1] \u2013 https:\/\/www.cbc.ca\/news\/canada\/calgary\/alberta-oil-and-gas-poll-1.6652674<br><br>*Publicado originalmente em 26\/05\/2023 na p\u00e1gina do Workers\u2019 Voice: https:\/\/workersvoiceus.org\/2023\/05\/26\/canadian-wildfires-a-sign-of-things-to-come\/?amp=1<\/p>\n","protected":false},"excerpt":{"rendered":"<p>Desde 29 de abril, a \u00e1rea ocupada pelo oeste do Canad\u00e1 tem visto uma quantidade impressionante de inc\u00eandios florestais acontecendo bem antes da \u00e9poca. Isso acontece semanas depois de recordes de altas temperaturas quantidades incrivelmente baixas de chuva e neve. At\u00e9 20 de maio, esses inc\u00eandios j\u00e1 destru\u00edram mais de 842.000 hectares de terra, principalmente [&hellip;]<\/p>\n","protected":false},"author":7,"featured_media":77205,"menu_order":0,"comment_status":"open","ping_status":"open","sticky":false,"template":"","format":"standard","meta":{"litci_post_political_author":"","footnotes":""},"categories":[4103,3498],"tags":[8680,8679],"class_list":["post-77204","post","type-post","status-publish","format-standard","has-post-thumbnail","hentry","category-canada","category-crise-climatica-e-ambiental","tag-incendio-canada","tag-taytyn-badger"],"fimg_url":"https:\/\/litci.org\/pt\/wp-content\/uploads\/2023\/07\/canada2fo1b1.jpg","categories_names":["Canad\u00e1","Crise clim\u00e1tica e ambiental"],"author_info":{"name":"lena","pic":"https:\/\/secure.gravatar.com\/avatar\/b9eb35b4c023b96c29c4a145a82c6c381b68f2c889c5427106ad5aab6df45b9d?s=96&d=mm&r=g"},"political_author":null,"tagline":"","_links":{"self":[{"href":"https:\/\/litci.org\/pt\/wp-json\/wp\/v2\/posts\/77204","targetHints":{"allow":["GET"]}}],"collection":[{"href":"https:\/\/litci.org\/pt\/wp-json\/wp\/v2\/posts"}],"about":[{"href":"https:\/\/litci.org\/pt\/wp-json\/wp\/v2\/types\/post"}],"author":[{"embeddable":true,"href":"https:\/\/litci.org\/pt\/wp-json\/wp\/v2\/users\/7"}],"replies":[{"embeddable":true,"href":"https:\/\/litci.org\/pt\/wp-json\/wp\/v2\/comments?post=77204"}],"version-history":[{"count":1,"href":"https:\/\/litci.org\/pt\/wp-json\/wp\/v2\/posts\/77204\/revisions"}],"predecessor-version":[{"id":77206,"href":"https:\/\/litci.org\/pt\/wp-json\/wp\/v2\/posts\/77204\/revisions\/77206"}],"wp:featuredmedia":[{"embeddable":true,"href":"https:\/\/litci.org\/pt\/wp-json\/wp\/v2\/media\/77205"}],"wp:attachment":[{"href":"https:\/\/litci.org\/pt\/wp-json\/wp\/v2\/media?parent=77204"}],"wp:term":[{"taxonomy":"category","embeddable":true,"href":"https:\/\/litci.org\/pt\/wp-json\/wp\/v2\/categories?post=77204"},{"taxonomy":"post_tag","embeddable":true,"href":"https:\/\/litci.org\/pt\/wp-json\/wp\/v2\/tags?post=77204"}],"curies":[{"name":"wp","href":"https:\/\/api.w.org\/{rel}","templated":true}]}}