{"id":77037,"date":"2023-06-15T01:12:42","date_gmt":"2023-06-15T01:12:42","guid":{"rendered":"https:\/\/litci.org\/pt\/?p=77037"},"modified":"2023-06-15T01:12:44","modified_gmt":"2023-06-15T01:12:44","slug":"exigimos-a-imediata-aparicao-e-libertacao-da-professora-e-intelectual-cubana-alina-barbara-lopez-hernandez","status":"publish","type":"post","link":"https:\/\/litci.org\/pt\/2023\/06\/15\/exigimos-a-imediata-aparicao-e-libertacao-da-professora-e-intelectual-cubana-alina-barbara-lopez-hernandez\/","title":{"rendered":"Exigimos a imediata apari\u00e7\u00e3o e liberta\u00e7\u00e3o da professora e intelectual cubana Alina B\u00e1rbara L\u00f3pez Hern\u00e1ndez!"},"content":{"rendered":"\n<p>Fim da repress\u00e3o e intimida\u00e7\u00e3o da ditadura cubana de D\u00edaz-Canel!<\/p>\n\n\n\n<p>Alina B\u00e1rbara L\u00f3pez Hern\u00e1ndez \u00e9 uma conhecida intelectual cubana, marxista, professora e historiadora, e que fez parte da dire\u00e7\u00e3o do site <strong>La Joven Cuba<\/strong>. Seus artigos foram publicados em diversos sites da esquerda pol\u00edtica global. Alina exigiu a liberta\u00e7\u00e3o dos presos pol\u00edticos cubanos em 11 de julho de 2021 e denunciou a repress\u00e3o contra intelectuais independentes como Jorge Fern\u00e1ndez foi.<\/p>\n\n\n\n<p>Esta atitude de confronto com a arbitrariedade da ditadura de D\u00edaz-Canel levou a um sistem\u00e1tico ass\u00e9dio do regime e do aparato de Seguran\u00e7a do Estado (SE) cubano.<\/p>\n\n\n\n<p>Fontes pr\u00f3ximas a Alina indicam que, nesta quarta, \u00e0s 9h30, ela foi detida enquanto se dirigia para seu trabalho. Trata-se de uma deten\u00e7\u00e3o absolutamente arbitr\u00e1ria sem qualquer motivo, ou acusa\u00e7\u00e3o, como j\u00e1 \u00e9 costume no funcionamento da Ditadura, que tem repetido esse <em>modus operandi<\/em> para intimidar e enfraquecer os opositores pol\u00edticos.<\/p>\n\n\n\n<p>No momento em que escrevemos esta nota, Alina n\u00e3o tem paradeiro conhecido desde o seu desaparecimento.<\/p>\n\n\n\n<p><a><\/a>Fazemos um apelo internacional para sua apari\u00e7\u00e3o imediata. \u00c9 inaceit\u00e1vel os sistem\u00e1ticos sequestros e torturas psicol\u00f3gicas e priva\u00e7\u00f5es desumanas perpetradas pelo regime cubano!<\/p>\n\n\n\n<p><strong>Exigimos a liberta\u00e7\u00e3o imediata de Alina L\u00f3pez Hern\u00e1ndez, bem como todas as garantias para encontr\u00e1-la f\u00edsica e mentalmente bem.<\/strong><\/p>\n\n\n\n<p><strong>Liberdade aos presos pol\u00edticos cubanos!<\/strong><\/p>\n\n\n\n<p><strong>Repress\u00e3o e medo n\u00e3o t\u00eam nada de socialismo!<\/strong><\/p>\n","protected":false},"excerpt":{"rendered":"<p>Fim da repress\u00e3o e intimida\u00e7\u00e3o da ditadura cubana de D\u00edaz-Canel! Alina B\u00e1rbara L\u00f3pez Hern\u00e1ndez \u00e9 uma conhecida intelectual cubana, marxista, professora e historiadora, e que fez parte da dire\u00e7\u00e3o do site La Joven Cuba. Seus artigos foram publicados em diversos sites da esquerda pol\u00edtica global. Alina exigiu a liberta\u00e7\u00e3o dos presos pol\u00edticos cubanos em 11 [&hellip;]<\/p>\n","protected":false},"author":15,"featured_media":77038,"menu_order":0,"comment_status":"open","ping_status":"open","sticky":false,"template":"","format":"standard","meta":{"litci_post_political_author":"","footnotes":""},"categories":[1182,5620],"tags":[1183,2767,4153],"class_list":["post-77037","post","type-post","status-publish","format-standard","has-post-thumbnail","hentry","category-cuba","category-america-latina","tag-cuba-3","tag-diaz-canel","tag-liberdade-presos-cuba"],"fimg_url":"https:\/\/litci.org\/pt\/wp-content\/uploads\/2023\/06\/Alina.jpg","categories_names":["Am\u00e9rica Latina","Cuba"],"author_info":{"name":"Ricardo","pic":"https:\/\/secure.gravatar.com\/avatar\/083da0c264ed14365fb4219930fc7320b330457b0155a6347ef759470626f5e7?s=96&d=mm&r=g"},"political_author":null,"tagline":"","_links":{"self":[{"href":"https:\/\/litci.org\/pt\/wp-json\/wp\/v2\/posts\/77037","targetHints":{"allow":["GET"]}}],"collection":[{"href":"https:\/\/litci.org\/pt\/wp-json\/wp\/v2\/posts"}],"about":[{"href":"https:\/\/litci.org\/pt\/wp-json\/wp\/v2\/types\/post"}],"author":[{"embeddable":true,"href":"https:\/\/litci.org\/pt\/wp-json\/wp\/v2\/users\/15"}],"replies":[{"embeddable":true,"href":"https:\/\/litci.org\/pt\/wp-json\/wp\/v2\/comments?post=77037"}],"version-history":[{"count":1,"href":"https:\/\/litci.org\/pt\/wp-json\/wp\/v2\/posts\/77037\/revisions"}],"predecessor-version":[{"id":77039,"href":"https:\/\/litci.org\/pt\/wp-json\/wp\/v2\/posts\/77037\/revisions\/77039"}],"wp:featuredmedia":[{"embeddable":true,"href":"https:\/\/litci.org\/pt\/wp-json\/wp\/v2\/media\/77038"}],"wp:attachment":[{"href":"https:\/\/litci.org\/pt\/wp-json\/wp\/v2\/media?parent=77037"}],"wp:term":[{"taxonomy":"category","embeddable":true,"href":"https:\/\/litci.org\/pt\/wp-json\/wp\/v2\/categories?post=77037"},{"taxonomy":"post_tag","embeddable":true,"href":"https:\/\/litci.org\/pt\/wp-json\/wp\/v2\/tags?post=77037"}],"curies":[{"name":"wp","href":"https:\/\/api.w.org\/{rel}","templated":true}]}}