{"id":76990,"date":"2023-06-12T16:09:04","date_gmt":"2023-06-12T16:09:04","guid":{"rendered":"https:\/\/litci.org\/pt\/?p=76990"},"modified":"2023-06-15T18:56:08","modified_gmt":"2023-06-15T18:56:08","slug":"uma-politica-para-a-ucrania-um-desafio-para-os-internacionalistas-coerentes","status":"publish","type":"post","link":"https:\/\/litci.org\/pt\/2023\/06\/12\/uma-politica-para-a-ucrania-um-desafio-para-os-internacionalistas-coerentes\/","title":{"rendered":"Uma pol\u00edtica para a Ucrania: um desafio para os internacionalistas coerentes"},"content":{"rendered":"\n<p><em><strong>Definir com precis\u00e3o as apostas geopol\u00edticas<\/strong> <strong>por parte de Putin<\/strong><\/em><\/p>\n\n\n\n<p><em>No momento em que estas linhas foram escritas a intensidade dos combates em Bakhmut est\u00e1 provocando baixas sem precedentes no conflito entre os ucranianos e o regime de Putin. Apesar da captura de algumas posi\u00e7\u00f5es pelo grupo Wagner na cidade, seu l\u00edder declarou: \u201c\u00c9 necess\u00e1rio por fim definitivamente na opera\u00e7\u00e3o militar especial&#8230; Hoje, a melhor op\u00e7\u00e3o \u00e9 informar todo o mundo de que a R\u00fassia alcan\u00e7ou os resultados a que tinha se proposto\u201d. Esta declara\u00e7\u00e3o, aparentemente independente, de Yevgeny Prigozhin \u00e9 bastante sintom\u00e1tica das dificuldades para fazer coincidir os objetivos pol\u00edticos estabelecidos nos estados maiores politico e militar com sua realiza\u00e7\u00e3o na pratica. Os objetivos pol\u00edticos parecem se redefinir constantemente em fun\u00e7\u00e3o do equil\u00edbrio de poder.<\/em><\/p>\n\n\n\n<p>Por: Lucas Peeters, Fran\u00e7a<\/p>\n\n\n\n<p>Assim, mais de um ano depois da invas\u00e3o russa na Ucrania, segue sendo dif\u00edcil estabelecer os objetivos e as prioridades da invas\u00e3o russa: contrapor-se ao desenvolvimento da OTAN na vizinhan\u00e7a da R\u00fassia? Provocar o colapso do governo e estados ucranianos e substitui-lo por um governo mais prop\u00edcio para salvaguardar os interesses russos na regi\u00e3o? Ou simplesmente assegurar o controle da R\u00fassia sobre o acesso ao Mar Negro? Ou avan\u00e7ar finalmente na reconstru\u00e7\u00e3o de um imp\u00e9rio \u201ctzarista\u201d?<\/p>\n\n\n\n<p><strong><em>Por parte da OTAN<\/em><\/strong><\/p>\n\n\n\n<p>A hip\u00f3tese de que a OTAN arme a resist\u00eancia ucraniana para permitir-lhe derrotar rapidamente a R\u00fassia \u00e9 pouco prov\u00e1vel, principalmente se observamos a gradualidade e a insufici\u00eancia da ajuda militar enviada \u00e0 resist\u00eancia ucraniana: misseis cujo alcance n\u00e3o permite atacar as bases de lan\u00e7amento russas, an\u00fancios de envios de tanques ou baterias antim\u00edsseis que requerem infraestruturas que levar\u00e3o meses para serem montadas e que n\u00e3o respondem de fato \u00e0 emerg\u00eancia militar&#8230; Os an\u00fancios de apoio militar \u00e0 Ucrania parecem assim mais um pretexto da parte dos pa\u00edses implicados para aumentar seus pr\u00f3prios or\u00e7amentos militares e justificar suas politicas de seguran\u00e7a internas, assim como suas aspira\u00e7\u00f5es imperialistas. Cabe ressaltar que n\u00e3o acreditamos que a guerra na Ucrania seja principalmente o terreno de uma confronta\u00e7\u00e3o militar inter imperialista, que se trata principalmente de uma guerra de liberta\u00e7\u00e3o nacional, mas a exacerba\u00e7\u00e3o das tens\u00f5es econ\u00f4micas inter imperialistas aumenta a possibilidade de uma guerra inter imperialista a longo prazo.<\/p>\n\n\n\n<p>Na situa\u00e7\u00e3o imediata, este cen\u00e1rio serve principalmente ao regime de Putin, j\u00e1 que coloca limites aos envios de armas \u00e0 resist\u00eancia ucraniana, sem evitar a escalada, j\u00e1 que uma vit\u00f3ria russa refor\u00e7aria a capacidade do agressor para repetir este tipo de opera\u00e7\u00f5es, especialmente por sua maior capacidade de obter mat\u00e9rias primas atrav\u00e9s das minas do leste da Ucrania ou apoderando-se de uma parte da produ\u00e7\u00e3o agr\u00edcola ucraniana.<\/p>\n\n\n\n<p><strong>Alguns eixos e contradi\u00e7\u00f5es geopol\u00edticas gerais a serem levados em conta pelos revolucion\u00e1rios internacionalistas:<\/strong><\/p>\n\n\n\n<p>Nesta configura\u00e7\u00e3o, propor uma pol\u00edtica internacional de apoio \u00e0s for\u00e7as progressistas dos diferentes pa\u00edses afetados \u00e9 um desafio importante para derrotar os que buscam se aproveitar da guerra nos distintos pa\u00edses. Esta pol\u00edtica deve-se dirigir em primeiro lugar, \u00e9 claro, aos prolet\u00e1rios implicados na resist\u00eancia civil e militar ucraniana, mas tamb\u00e9m aos opositores russos e \u00e0s redes militantes que se reivindicam anti-imperialistas nos pa\u00edses da OTAN. Este \u00faltimo ponto \u00e9 t\u00e3o ou mais importante quando uma parte do apoio a Putin \u00e9 o resultado das pol\u00edticas neocoloniais de alguns destes pa\u00edses ex-OTAN, como demonstram as manifesta\u00e7\u00f5es pro-russas na Rep\u00fablica Democr\u00e1tica do Congo durante a visita do presidente franc\u00eas no m\u00eas passado, com dezenas de manifestantes que carregavam bandeiras russas. Estas rea\u00e7\u00f5es, que devem ser \u201ccompreendidas\u201d al\u00e9m de combatidas, tamb\u00e9m podem permitir compreender melhor as tend\u00eancias opostas pr\u00f3-OTAN ou pr\u00f3-UE que se desenvolvem na Ucr\u00e2nia desde 2014. De fato, entre as aspira\u00e7\u00f5es do movimento Maidan, al\u00e9m das reivindica\u00e7\u00f5es sociais, estava a vontade de se emancipar da inger\u00eancia russa multiforme na vida pol\u00edtica e econ\u00f4mica da Ucrania.<\/p>\n\n\n\n<p><strong>Que pontos de apoio para que margem de manobra na situa\u00e7\u00e3o?<\/strong><\/p>\n\n\n\n<p><strong><em>Na R\u00fassia<\/em><\/strong><\/p>\n\n\n\n<p>A situa\u00e7\u00e3o social na R\u00fassia est\u00e1 marcada no momento principalmente por um movimento social contido h\u00e1 anos pela repress\u00e3o governamental e tamb\u00e9m para-governamental. O encarceramento ou envenenamento de opositores \u201cdemocratas liberais\u201d ou os assassinatos de jornalistas ocupam frequentemente o espa\u00e7o midi\u00e1tico fora do pa\u00eds, mas al\u00e9m dos \u201cexemplos\u201d, \u00e9 o conjunto do movimento social que \u00e9 atacado em profundidade.<\/p>\n\n\n\n<p>A efic\u00e1cia dos m\u00e9todos de repress\u00e3o tamb\u00e9m vem acompanhada, no momento, de uma sensa\u00e7\u00e3o de estabilidade interna para as classes sociais que viveram o caos da restaura\u00e7\u00e3o capitalista nos anos noventa. No momento, o cen\u00e1rio de um colapso imediato do regime de Putin atrav\u00e9s de uma revolta popular parece, consequentemente, muito pouco prov\u00e1vel. No entanto, o custo humano e material da invas\u00e3o russa, e, portanto, indiretamente da resist\u00eancia ucraniana, est\u00e1 produzindo tens\u00f5es sociais que devemos esperar que se desenvolvam com o prosseguimento e o endurecimento do conflito.<\/p>\n\n\n\n<p>Entre as resist\u00eancias que provavelmente cres\u00e7am, est\u00e1, como em muitos pa\u00edses, o movimento de mulheres, ativo desde o in\u00edcio da invas\u00e3o, mas cujas manifesta\u00e7\u00f5es foram reprimidas. Tamb\u00e9m h\u00e1 organiza\u00e7\u00f5es da esquerda revolucion\u00e1ria ou da segunda confedera\u00e7\u00e3o sindical do pa\u00eds, mas tamb\u00e9m s\u00e3o fortemente reprimidas. As redes anarquistas tamb\u00e9m expressam sua oposi\u00e7\u00e3o \u00e0 guerra, por exemplo, com a reivindica\u00e7\u00e3o dos atos de sabotagem nas ferrovias. Entre as for\u00e7as que resistem aos esfor\u00e7os b\u00e9licos est\u00e3o os soldados que desertam do fronte ou se levantam, suas fam\u00edlias que os apoiam e os civis que protestam contra o servi\u00e7o militar obrigat\u00f3rio imposto por Putin, dirigido contra as minorias \u00e9tnicas e nacionais e que poupa os mais vulner\u00e1veis. Os grupos de direitos humanos tamb\u00e9m d\u00e3o seu apoio. Como todas as for\u00e7as mencionadas anteriormente, as m\u00e3es dos soldados ainda n\u00e3o desempenham um papel de organiza\u00e7\u00e3o suficientemente importante para desestabilizar o regime. Esta situa\u00e7\u00e3o n\u00e3o \u00e9 est\u00e1tica: podem passar v\u00e1rios anos at\u00e9 que surjam for\u00e7as antibelicistas significativas em um pa\u00eds agressor. Por exemplo, levou tr\u00eas anos para que tais for\u00e7as desempenhassem um papel significativo na Fran\u00e7a durante a guerra da Arg\u00e9lia. Sem perder de vista estas for\u00e7as e este cen\u00e1rio, devemos nos apoiar no momento em outras alavancas.<\/p>\n\n\n\n<p><strong><em>Na Ucrania<\/em><\/strong><\/p>\n\n\n\n<p>Assumindo que n\u00e3o existe uma perspectiva bilateral antib\u00e9lica que possa conduzir ao fim do conflito e a retirada total das tropas russas, nossa aten\u00e7\u00e3o deve se centrar nas for\u00e7as pol\u00edticas e sindicais comprometidas com a resist\u00eancia ucraniana que, combinadas ou n\u00e3o, lutam contra os ataques aos direitos sociais feitos pelo governo Zelensky. Portanto defendemos uma estrat\u00e9gia independente da classe oper\u00e1ria ucraniana e seus aliados para ganhar esta guerra. Deste ponto de vista \u00e9 importante deixar n\u00edtido que estamos na frente militar do ex\u00e9rcito ucraniano, ao mesmo tempo que nos diferenciamos politicamente do governo. Se a guerra imp\u00f5e limites \u00e0 frente militar e ao poder estabelecido, devemos evitar a armadilha da unidade nacional em que se baseia Zelensky. Tal unidade nacional serve para atacar os direitos sociais e democr\u00e1ticos a fim de garantir a rentabilidade dos investimentos dos imperialistas, que ajudam hoje para melhor colonizar economicamente amanh\u00e3. Os limites nem sempre s\u00e3o f\u00e1ceis de serem determinados a partir do exterior, porque precisam levar em conta que as express\u00f5es cr\u00edticas p\u00fablicas n\u00e3o podem ser demasiadamente abertas com Zelensky, pois do contr\u00e1rio os militantes das organiza\u00e7\u00f5es progressistas se exp\u00f5em \u00e0 repress\u00e3o ou s\u00e3o enviados para opera\u00e7\u00f5es militares especialmente arriscadas. Estas s\u00e3o as perguntas que se pode fazer ao Movimento Social (Sotsialnyi Rukh), porque, ainda que apoiem a resist\u00eancia ucraniana, fazem reivindica\u00e7\u00f5es sociais progressistas e criticam todo o imperialismo, \u00e9 dif\u00edcil encontrar em seu programa elementos claros de recha\u00e7o \u00e0 integra\u00e7\u00e3o da Ucr\u00e2nia \u00e0 OTAN ou \u00e0 Uni\u00e3o Europeia. Entre as demais organiza\u00e7\u00f5es politicas ativas, tamb\u00e9m h\u00e1 redes anarquistas ou anarcocomunistas como a Uni\u00e3o Aut\u00f4noma de Trabalhadores, mas os sindicatos parecem ser os pontos de apoio mais interessantes em escala massiva. A KVPU, a confedera\u00e7\u00e3o dos sindicatos livres da Ucr\u00e2nia, implantada nas grandes empresas (ferrovi\u00e1rias, transportes urbanos, metalurgia, minera\u00e7\u00e3o, energia&#8230;) se caracteriza principalmente por contar entre seus dirigentes, alguns que se posicionam em apoio \u00e0 resist\u00eancia ucraniana, mas tamb\u00e9m em uma linha anti-imperialista e contra os ataques ao direito ao trabalho.<\/p>\n\n\n\n<p>Em rela\u00e7\u00e3o \u00e0s denuncias dos retrocessos sociais na Ucr\u00e2nia, h\u00e1 que se colocar foco tamb\u00e9m no sindicato estudantil A\u00e7\u00e3o Direta (Pryama Diva) que denuncia a politica do governo ucraniano frente aos estudantes. Realizaram campanhas de a\u00e7\u00e3o pacifica e se colocaram em contato com o movimento estudantil franc\u00eas para desenvolver a solidariedade internacional.<\/p>\n\n\n\n<p>O movimento feminista \u00e9 outro componente do movimento social de resist\u00eancia ucraniano que necessita de apoio para que as for\u00e7as progressistas tenham uma voz mais forte no panorama politico ucraniano agora e no futuro. O grupo Bilkis vincula as quest\u00f5es feministas com o anticapitalismo.<\/p>\n\n\n\n<p><strong>Que redes e quais quest\u00f5es pol\u00edticas requerem um apoio concreto?<\/strong><\/p>\n\n\n\n<p><strong><em>A rede Sindical Internacional de Solidariedade e Luta<\/em><\/strong><\/p>\n\n\n\n<p>Com a organiza\u00e7\u00e3o de dois comboios no curr\u00edculo, a rede RSISL \u00e9 a que oferece melhores perspectivas em termos de orienta\u00e7\u00e3o pol\u00edtica: apoio material direto aos sindicatos independentes, den\u00fancia das pol\u00edticas antissociais de Zelensky e das depreda\u00e7\u00f5es imperialistas ocidentais. No entanto, seus recursos financeiros, log\u00edsticos e humanos requerem um forte desenvolvimento que n\u00e3o ser\u00e1 suficiente para responder \u00e0s necessidades dos trabalhadores ucranianos em um futuro pr\u00f3ximo. Tamb\u00e9m cabe mencionar, de passagem, que algumas confedera\u00e7\u00f5es sindicais nacionais est\u00e3o tomando iniciativas interessantes, mas sem assumir uma dimens\u00e3o internacional e unit\u00e1ria que poderia ser assumida pelas bases destas organiza\u00e7\u00f5es. A falta, no momento, de uma centraliza\u00e7\u00e3o das iniciativas independentes de governos, a participa\u00e7\u00e3o em campanhas de apoio politico e material dirigidas diretamente aos trabalhadores da Ucr\u00e2nia, tal como se apresentam, parece ser a melhor perspectiva, mas n\u00e3o a \u00fanica. Por isso \u00e9 necess\u00e1rio avan\u00e7ar na constru\u00e7\u00e3o de uma frente sindical de unidade de a\u00e7\u00e3o com a resist\u00eancia ucraniana na Europa e no mundo, coordenando e amplificando as iniciativas de solidariedade que desenvolvam a capacidade dos trabalhadores para atuar com independ\u00eancia da patronal e seus governos<\/p>\n\n\n\n<p><strong><em>A Rede Europeia de Solidariedade com a Ucr\u00e2nia<\/em><\/strong><\/p>\n\n\n\n<p>Esta rede \u00e9 formada por organiza\u00e7\u00f5es de distintas naturezas pol\u00edticas, sindicais, associativas&#8230; Em particular organizou um comboio de solidariedade em maio de 2022 e, desde ent\u00e3o, organizou atos nos pa\u00edses em que est\u00e1 implantada. Ainda que esta rede defenda posi\u00e7\u00f5es progressistas em quest\u00f5es sociais (leia-se a primeira p\u00e1gina do site), as iniciativas que toma s\u00e3o menos exigentes que as da RSISL em termos de independ\u00eancia institucional. As atividades que aconteceram na Fran\u00e7a no primeiro aniversario da invas\u00e3o russa foram inclusive problem\u00e1ticas. Se \u00e9 necess\u00e1rio explorar o desejo de desenvolver v\u00ednculos com a di\u00e1spora ucraniana, \u00e9 problem\u00e1tico que se fa\u00e7a sem delimitar-se politicamente das posi\u00e7\u00f5es abertamente pr\u00f3-imperialistas das pot\u00eancias da UE e dos Estados Unidos, que tamb\u00e9m s\u00e3o uma amea\u00e7a potencial \u00e0 soberania ucraniana. Ao aceitar personalidades pr\u00f3-OTAN e muitos direitistas como Alain Madelin ou Bernard Guetta, ou ao deixar que a embaixada ucraniana financiasse a manifesta\u00e7\u00e3o, as interven\u00e7\u00f5es dos trabalhadores durante as reuni\u00f5es e a manifesta\u00e7\u00e3o em torno ao 24 de mar\u00e7o serviram, de fato, mais como um respaldo dos trabalhadores a um marco cujo tom geral pode ser facilmente cooptado pelo governo ucraniano para suas necessidades em termos de unidade nacional ou inclusive pelos governos imperialistas que se fazem passar por salvadores do povo ucraniano. Al\u00e9m disso a prioridade dos principais atores desta rede parece, no momento, mais centrada na constitui\u00e7\u00e3o de uma rede de parlamentares em escala europeia que na constitui\u00e7\u00e3o de uma rede de solidariedade direta entre organiza\u00e7\u00f5es do movimento social nos pa\u00edses europeus. Se a RESU segue sendo um lugar interessante para a circula\u00e7\u00e3o da informa\u00e7\u00e3o e dos contatos, conv\u00e9m se envolver nela na medida que consiga precisar nos fatos sua atitude em rela\u00e7\u00e3o \u00e0 OTAN, \u00e0 Uni\u00e3o Europeia e ao governo Zelensky.<\/p>\n\n\n\n<p><strong><em>Em todas as nossas organiza\u00e7\u00f5es:<\/em><\/strong><\/p>\n\n\n\n<p>A quest\u00e3o da guerra na Ucr\u00e2nia \u00e9 debatida em todas as organiza\u00e7\u00f5es e c\u00edrculos nos quais intervimos. O apoio aos trabalhadores implicados na resist\u00eancia ucraniana \u00e0s vezes \u00e9 descartado com o argumento do risco da escalada militar, j\u00e1 mencionado neste artigo.<\/p>\n\n\n\n<p>Tamb\u00e9m se descarta frequentemente, em nome de vagos matizes, que poderiam se articular em torno ao pacifismo. O pacifismo n\u00e3o \u00e9 uma estrat\u00e9gia que deva ser descartada por si, j\u00e1 que \u00e9 potencialmente eficaz em um contexto determinado. Hoje em dia, na R\u00fassia o pacifismo \u00e9 progressista, mas no caso da Ucr\u00e2nia e outros pa\u00edses \u00e9 o contr\u00e1rio. A quest\u00e3o da paz na Ucr\u00e2nia e o fim da guerra \u00e9 cada vez mais premente, mas \u00e9 importante considerar que este tipo de paz seja justa e duradoura. Uma paz que se imp\u00f5e \u00e0s custas de anexa\u00e7\u00e3o de parte do territ\u00f3rio ucraniano \u00e9 a institucionaliza\u00e7\u00e3o das conquistas militares da guerra dirigida por Putin, \u00e9 uma paz que legitima a agress\u00e3o e a viol\u00eancia. Defendemos uma paz sem anexa\u00e7\u00f5es para uma Ucr\u00e2nia plenamente livre e soberana e para conquistar esta paz \u00e9 necess\u00e1rio apoiar militarmente as for\u00e7as sociais que s\u00e3o capazes de consegui-la: a resist\u00eancia oper\u00e1ria ucraniana e seus aliados. Para desenvolver a \u201copini\u00e3o\u201d de apoio \u00e0 resist\u00eancia ucraniana devemos polemizar com aqueles que responsabilizam R\u00fassia e OTAN igualmente pela guerra e que erroneamente estabelecem paralelos com o pacifismo da I Guerra Mundial, que se baseava na capacidade dos partidos socialistas da Europa de chamar a greve geral em caso de mobiliza\u00e7\u00e3o contra suas respectivas burguesias, segundo o princ\u00edpio do derrotismo revolucion\u00e1rio. Na situa\u00e7\u00e3o atual, este marco para analisar a guerra se traduz em uma aus\u00eancia de pol\u00edtica em rela\u00e7\u00e3o \u00e0 classe oper\u00e1ria ucraniana, que se v\u00ea abandonada \u00e0 sua pr\u00f3pria sorte frente ao agressor russo e as depreda\u00e7\u00f5es dos imperialistas do outro lado. Esta aus\u00eancia de pol\u00edtica \u00e9 as vezes um sinal do desvio propagand\u00edstico de algumas organiza\u00e7\u00f5es que podem estar esperando que os atores do conflito visitem suas p\u00e1ginas web ou planejando enviar alguns panfletos \u00e0 R\u00fassia ou \u00e0 Ucrania por drone&#8230;, mas tamb\u00e9m \u00e9 \u00e0s vezes um sinal do que se poderia chamar de \u201ccampismo envergonhado\u201d. Em alguns c\u00edrculos, Putin \u00e9 visto como um oponente ou inclusive como uma alternativa aos principais imperialismos e posicionar-se contra o armamento da resist\u00eancia ucraniana escondendo-se atr\u00e1s de um discurso pacifista permite evitar ter que assumir o apoio de fato ao agressor. \u00a0                                                                                      BAIXE A REVISTA AQUI                                                                                                                                                                                                  <\/p>\n\n\n\n<figure class=\"wp-block-embed is-type-wp-embed is-provider-liga-internacional-dos-trabalhadores wp-block-embed-liga-internacional-dos-trabalhadores\"><div class=\"wp-block-embed__wrapper\">\n<blockquote class=\"wp-embedded-content\" data-secret=\"jJ00CYkyRg\"><a href=\"https:\/\/litci.org\/pt\/correio-internacional-europa\/\">correio internacional Europa<\/a><\/blockquote><iframe loading=\"lazy\" class=\"wp-embedded-content\" sandbox=\"allow-scripts\" security=\"restricted\" style=\"position: absolute; visibility: hidden;\" title=\"&#8220;correio internacional Europa&#8221; &#8212; Liga Internacional dos Trabalhadores\" src=\"https:\/\/litci.org\/pt\/correio-internacional-europa\/embed\/#?secret=NKeoy27rmv#?secret=jJ00CYkyRg\" data-secret=\"jJ00CYkyRg\" width=\"500\" height=\"282\" frameborder=\"0\" marginwidth=\"0\" marginheight=\"0\" scrolling=\"no\"><\/iframe>\n<\/div><\/figure>\n","protected":false},"excerpt":{"rendered":"<p>Definir com precis\u00e3o as apostas geopol\u00edticas por parte de Putin No momento em que estas linhas foram escritas a intensidade dos combates em Bakhmut est\u00e1 provocando baixas sem precedentes no conflito entre os ucranianos e o regime de Putin. Apesar da captura de algumas posi\u00e7\u00f5es pelo grupo Wagner na cidade, seu l\u00edder declarou: \u201c\u00c9 necess\u00e1rio [&hellip;]<\/p>\n","protected":false},"author":7,"featured_media":76991,"menu_order":0,"comment_status":"open","ping_status":"open","sticky":false,"template":"","format":"standard","meta":{"litci_post_political_author":"","footnotes":""},"categories":[4280,91],"tags":[4281,4543,8501],"class_list":["post-76990","post","type-post","status-publish","format-standard","has-post-thumbnail","hentry","category-revista-correio-internacional","category-ucrania","tag-correio-internacional","tag-guerra-ucrania","tag-lucas-peeters"],"fimg_url":"https:\/\/litci.org\/pt\/wp-content\/uploads\/2023\/06\/soldados-ucranianos-cerca-de-la-recuperada-zona-de-lyman-donetsk-1431291.jpg","categories_names":["Correio Internacional","Ucr\u00e2nia"],"author_info":{"name":"lena","pic":"https:\/\/secure.gravatar.com\/avatar\/b9eb35b4c023b96c29c4a145a82c6c381b68f2c889c5427106ad5aab6df45b9d?s=96&d=mm&r=g"},"political_author":null,"tagline":"","_links":{"self":[{"href":"https:\/\/litci.org\/pt\/wp-json\/wp\/v2\/posts\/76990","targetHints":{"allow":["GET"]}}],"collection":[{"href":"https:\/\/litci.org\/pt\/wp-json\/wp\/v2\/posts"}],"about":[{"href":"https:\/\/litci.org\/pt\/wp-json\/wp\/v2\/types\/post"}],"author":[{"embeddable":true,"href":"https:\/\/litci.org\/pt\/wp-json\/wp\/v2\/users\/7"}],"replies":[{"embeddable":true,"href":"https:\/\/litci.org\/pt\/wp-json\/wp\/v2\/comments?post=76990"}],"version-history":[{"count":3,"href":"https:\/\/litci.org\/pt\/wp-json\/wp\/v2\/posts\/76990\/revisions"}],"predecessor-version":[{"id":77050,"href":"https:\/\/litci.org\/pt\/wp-json\/wp\/v2\/posts\/76990\/revisions\/77050"}],"wp:featuredmedia":[{"embeddable":true,"href":"https:\/\/litci.org\/pt\/wp-json\/wp\/v2\/media\/76991"}],"wp:attachment":[{"href":"https:\/\/litci.org\/pt\/wp-json\/wp\/v2\/media?parent=76990"}],"wp:term":[{"taxonomy":"category","embeddable":true,"href":"https:\/\/litci.org\/pt\/wp-json\/wp\/v2\/categories?post=76990"},{"taxonomy":"post_tag","embeddable":true,"href":"https:\/\/litci.org\/pt\/wp-json\/wp\/v2\/tags?post=76990"}],"curies":[{"name":"wp","href":"https:\/\/api.w.org\/{rel}","templated":true}]}}