{"id":76913,"date":"2023-06-05T15:35:36","date_gmt":"2023-06-05T15:35:36","guid":{"rendered":"https:\/\/litci.org\/pt\/?p=76913"},"modified":"2023-06-05T15:35:39","modified_gmt":"2023-06-05T15:35:39","slug":"plano-operario-emergencial-ja-para-as-mulheres-na-argentina","status":"publish","type":"post","link":"https:\/\/litci.org\/pt\/2023\/06\/05\/plano-operario-emergencial-ja-para-as-mulheres-na-argentina\/","title":{"rendered":"Plano Oper\u00e1rio Emergencial j\u00e1 para as Mulheres na Argentina!"},"content":{"rendered":"\n<p><strong><em>Sem autonomia econ\u00f4mica n\u00e3o h\u00e1 vida livre de viol\u00eancia<\/em><\/strong><\/p>\n\n\n\n<p><em>Segundo a Pesquisa Permanente de Domic\u00edlios (EPH), nas \u00e1reas urbanas cerca de 13 milh\u00f5es de pessoas vivem abaixo da linha da pobreza. A maioria da popula\u00e7\u00e3o pobre, desempregada ou com empregos prec\u00e1rios \u00e9 feminina e\/ou pertence a outros setores oprimidos da classe trabalhadora. Sem trabalho, moradia, sa\u00fade, educa\u00e7\u00e3o, sem autonomia econ\u00f4mica, n\u00e3o pode haver vida livre de viol\u00eancia.<\/em><\/p>\n\n\n\n<p>Por: Lucha Mujer \u2013 PSTU Argentina<\/p>\n\n\n\n<p>Para resolver este problema, urge aplicar um plano oper\u00e1rio de emerg\u00eancia que comece por romper o acordo com o FMI, deixar de pagar a D\u00edvida, renacionalizar e estatizar empresas de servi\u00e7os e recursos naturais, aumentar fortemente a carga fiscal das grandes empresas, sobretudo as multinacionais , al\u00e9m de outras medidas. A\u00ed est\u00e1 o dinheiro de que precisamos para atender \u00e0s necessidades dos trabalhadores!<\/p>\n\n\n\n<p>Para isso temos que nos auto-organizar a partir das f\u00e1bricas, universidades e bairros, para impor \u00e0 CGT, ambas as CTAs, sindicatos, gr\u00eamios estudantis, centros estudantis, lideran\u00e7as de movimentos sociais, uma luta nacional que o exija. Nesse caminho, iremos ganhando o poder de que precisamos para sobrepor, se necess\u00e1rio, a dire\u00e7\u00e3o que continua se comportando como at\u00e9 agora e n\u00e3o nos responde.<\/p>\n\n\n\n<p>Precisamos lutar por uma verdadeira Emerg\u00eancia Nacional que combata a viol\u00eancia machista, com or\u00e7amento e recursos.<\/p>\n\n\n\n<p>Emerg\u00eancia \u00e9 implementar medidas como:<\/p>\n\n\n\n<p>Pris\u00e3o e puni\u00e7\u00e3o exemplar para os assassinos de mulheres e diversidades. Tratamento psicol\u00f3gico e controle permanente dentro e fora da pris\u00e3o.<\/p>\n\n\n\n<p>Cria\u00e7\u00e3o imediata de centros estatais de atendimento \u00e0 mulher e diversidade, com compet\u00eancia para receber den\u00fancias, garantir atendimento jur\u00eddico, m\u00e9dico e psicol\u00f3gico gratuito \u00e0s v\u00edtimas de viol\u00eancia e com atendimento 24 horas.<\/p>\n\n\n\n<p>Constru\u00e7\u00e3o urgente de casas-abrigo, com profissionais e infraestrutura necess\u00e1rios para abrigar mulheres e diversidades que sofrem viol\u00eancia e seus filhos.<\/p>\n\n\n\n<p>Subs\u00eddios, moradia e emprego priorit\u00e1rios para v\u00edtimas de viol\u00eancia familiar, base de qualquer projeto de vida independente.<\/p>\n\n\n\n<p>Chega de trabalho prec\u00e1rio, equipara\u00e7\u00e3o salarial, aplica\u00e7\u00e3o efetiva com acompanhamento da cota trabalhista trans, sal\u00e1rios e aposentadorias iguais \u00e0 cesta familiar automaticamente indexados \u00e0 infla\u00e7\u00e3o, or\u00e7amentos para o combate \u00e0 viol\u00eancia, para trabalho, moradia, educa\u00e7\u00e3o e sa\u00fade.<\/p>\n\n\n\n<p>Extens\u00e3o da licen\u00e7a maternidade, por doen\u00e7a familiar, licen\u00e7a por viol\u00eancia de g\u00eanero e dia feminino para todos; creches, jardins de inf\u00e2ncia gratuitos e de qualidade para os filhos de trabalhadores\/as.<\/p>\n\n\n\n<p>Separa\u00e7\u00e3o do Estado e igreja. Amplia\u00e7\u00e3o da ESI, educa\u00e7\u00e3o sexual n\u00e3o sexista, contracep\u00e7\u00e3o gratuita e acesso ao aborto legal sem as restri\u00e7\u00f5es impostas pela lei e car\u00eancias atuais. Fim da prostitui\u00e7\u00e3o, do tr\u00e1fico e de toda viol\u00eancia contra as mulheres e diversidades.<\/p>\n","protected":false},"excerpt":{"rendered":"<p>Sem autonomia econ\u00f4mica n\u00e3o h\u00e1 vida livre de viol\u00eancia Segundo a Pesquisa Permanente de Domic\u00edlios (EPH), nas \u00e1reas urbanas cerca de 13 milh\u00f5es de pessoas vivem abaixo da linha da pobreza. A maioria da popula\u00e7\u00e3o pobre, desempregada ou com empregos prec\u00e1rios \u00e9 feminina e\/ou pertence a outros setores oprimidos da classe trabalhadora. Sem trabalho, moradia, [&hellip;]<\/p>\n","protected":false},"author":7,"featured_media":76914,"menu_order":0,"comment_status":"open","ping_status":"open","sticky":false,"template":"","format":"standard","meta":{"litci_post_political_author":"","footnotes":""},"categories":[3493,94,3923],"tags":[3714,3494,5612,1626,8583],"class_list":["post-76913","post","type-post","status-publish","format-standard","has-post-thumbnail","hentry","category-mulheres","category-argentina","category-opressao","tag-lucha-mujer-argenitna","tag-mulheres","tag-opressao","tag-pstu-argentina","tag-violencia-2"],"fimg_url":"https:\/\/litci.org\/pt\/wp-content\/uploads\/2023\/06\/Argentina.jpg","categories_names":["Argentina","Mulheres","Opress\u00e3o"],"author_info":{"name":"lena","pic":"https:\/\/secure.gravatar.com\/avatar\/b9eb35b4c023b96c29c4a145a82c6c381b68f2c889c5427106ad5aab6df45b9d?s=96&d=mm&r=g"},"political_author":null,"tagline":"","_links":{"self":[{"href":"https:\/\/litci.org\/pt\/wp-json\/wp\/v2\/posts\/76913","targetHints":{"allow":["GET"]}}],"collection":[{"href":"https:\/\/litci.org\/pt\/wp-json\/wp\/v2\/posts"}],"about":[{"href":"https:\/\/litci.org\/pt\/wp-json\/wp\/v2\/types\/post"}],"author":[{"embeddable":true,"href":"https:\/\/litci.org\/pt\/wp-json\/wp\/v2\/users\/7"}],"replies":[{"embeddable":true,"href":"https:\/\/litci.org\/pt\/wp-json\/wp\/v2\/comments?post=76913"}],"version-history":[{"count":1,"href":"https:\/\/litci.org\/pt\/wp-json\/wp\/v2\/posts\/76913\/revisions"}],"predecessor-version":[{"id":76915,"href":"https:\/\/litci.org\/pt\/wp-json\/wp\/v2\/posts\/76913\/revisions\/76915"}],"wp:featuredmedia":[{"embeddable":true,"href":"https:\/\/litci.org\/pt\/wp-json\/wp\/v2\/media\/76914"}],"wp:attachment":[{"href":"https:\/\/litci.org\/pt\/wp-json\/wp\/v2\/media?parent=76913"}],"wp:term":[{"taxonomy":"category","embeddable":true,"href":"https:\/\/litci.org\/pt\/wp-json\/wp\/v2\/categories?post=76913"},{"taxonomy":"post_tag","embeddable":true,"href":"https:\/\/litci.org\/pt\/wp-json\/wp\/v2\/tags?post=76913"}],"curies":[{"name":"wp","href":"https:\/\/api.w.org\/{rel}","templated":true}]}}