{"id":76489,"date":"2023-04-07T16:13:36","date_gmt":"2023-04-07T16:13:36","guid":{"rendered":"https:\/\/litci.org\/pt\/?p=76489"},"modified":"2023-04-07T16:13:37","modified_gmt":"2023-04-07T16:13:37","slug":"extrema-direita-e-teoria-da-conspiracao-a-teoria-da-grande-substituicao","status":"publish","type":"post","link":"https:\/\/litci.org\/pt\/2023\/04\/07\/extrema-direita-e-teoria-da-conspiracao-a-teoria-da-grande-substituicao\/","title":{"rendered":"Extrema direita e teoria da conspira\u00e7\u00e3o: A teoria da grande substitui\u00e7\u00e3o"},"content":{"rendered":"\n<p><em>A \u201cTeoria da Grande Substitui\u00e7\u00e3o ou Genoc\u00eddio Branco\u201d \u00e9 uma teoria que afirma que h\u00e1 uma conspira\u00e7\u00e3o para substituir a popula\u00e7\u00e3o branca da Europa e de outros pa\u00edses ocidentais por meio da imigra\u00e7\u00e3o em massa de pessoas n\u00e3o-brancas. De acordo com esta teoria, a elite \u201cglobalista\u201d estaria por tr\u00e1s dessa conspira\u00e7\u00e3o, visando a destrui\u00e7\u00e3o das culturas ocidentais e a domina\u00e7\u00e3o global.<\/em><\/p>\n\n\n\n<p>Por: Shirley Raposo<\/p>\n\n\n\n<p>\u00c9 importante notar que as no\u00e7\u00f5es de substitui\u00e7\u00e3o populacional e temores de perda de identidade nacional existem h\u00e1 muito tempo na hist\u00f3ria. Por exemplo, o pai do nacionalismo franc\u00eas, Maurice Barr\u00e8s, escreveu sobre a suposta amea\u00e7a de uma nova popula\u00e7\u00e3o que destruiria a identidade nacional francesa no in\u00edcio do s\u00e9culo XX.<\/p>\n\n\n\n<p>O escritor franc\u00eas Renaud Camus popularizou o termo \u201cgrande substitui\u00e7\u00e3o\u201d em seu livro \u201cLe Grand Remplacement\u201d em 2011. Camus argumenta que a imigra\u00e7\u00e3o em massa est\u00e1 levando \u00e0 substitui\u00e7\u00e3o gradual da popula\u00e7\u00e3o branca e crist\u00e3 da Europa por uma popula\u00e7\u00e3o mu\u00e7ulmana n\u00e3o-branca.<\/p>\n\n\n\n<p>Essa teoria racista e xen\u00f3foba ganha eco justamente num momento de piora das condi\u00e7\u00f5es de vida da classe trabalhadora mundial e de uma intensa crise migrat\u00f3ria onde os refugiados s\u00e3o vistos como uma amea\u00e7a e usados como bode expiat\u00f3rios. O objetivo \u00e9 causar medo e desconfian\u00e7a em rela\u00e7\u00e3o aos refugiados e imigrantes.<\/p>\n\n\n\n<p><strong>A consequ\u00eancia \u00e9 a radicaliza\u00e7\u00e3o e a viol\u00eancia<\/strong><\/p>\n\n\n\n<p>Desde a cria\u00e7\u00e3o dessa teoria, ela tem sido promovida por grupos de extrema direita em toda a Europa, EUA e em outras partes do mundo. A teoria tem sido associada a atos de viol\u00eancia, como o tiroteio em uma mesquita em Christchurch, Nova Zel\u00e2ndia, em mar\u00e7o de 2019, onde 51 pessoas foram mortas.<\/p>\n\n\n\n<p>No caso do atirador de Buffalo, um homem branco de 18 anos matou a tiros dez pessoas num supermercado da cidade de Buffalo, Nova York, no ano passado. Ele atirou em 13 pessoas, das quais 11 eram negras. \u201cEste indiv\u00edduo veio aqui com o prop\u00f3sito expresso de tirar o maior n\u00famero de vidas negras que pudesse\u201c, disse o prefeito de Buffalo, Byron Brown.<\/p>\n\n\n\n<p>Segundo as autoridades que investigaram o caso, ele pesquisou a demografia das cidades da regi\u00e3o e escolheu a que tinha o maior n\u00famero de pessoas negras poss\u00edvel. Ele morava em&nbsp;Conklin, tamb\u00e9m em Nova York, a 330 km de Buffalo. Era um adepto dessa teoria como consta no seu manifesto.<\/p>\n\n\n\n<p><strong>Bolsonaro e Trump fomentam o \u00f3dio racista e contra imigrantes<\/strong><\/p>\n\n\n\n<p>Durante seu mandato como presidente dos Estados Unidos, Donald Trump fez coment\u00e1rios que ecoaram algumas das ideias centrais da \u201cTeoria da Grande Substitui\u00e7\u00e3o\u201d. Em particular, Trump enfatizou a necessidade de refor\u00e7ar as pol\u00edticas de imigra\u00e7\u00e3o e as fronteiras dos Estados Unidos, argumentando que a imigra\u00e7\u00e3o descontrolada estava amea\u00e7ando a identidade e a seguran\u00e7a dos americanos brancos.<\/p>\n\n\n\n<p>Embora Trump nunca tenha usado explicitamente o termo \u201cgrande substitui\u00e7\u00e3o\u201d, alguns de seus coment\u00e1rios e pol\u00edticas est\u00e3o alinhados com essa teoria conspirat\u00f3ria. Trump utilizou a quest\u00e3o da imigra\u00e7\u00e3o como uma t\u00e1tica pol\u00edtica para inflamar sentimentos nacionalistas e atrair apoio dos eleitores brancos conservadores.<\/p>\n\n\n\n<p>Em sua campanha eleitoral em 2016, Trump afirmou que \u201c[O M\u00e9xico] est\u00e1 enviando pessoas com muitos problemas, e eles est\u00e3o trazendo esses problemas para n\u00f3s. Eles est\u00e3o trazendo drogas, crime e estupradores\u201d. Incitando o \u00f3dio e vendendo a \u201csolu\u00e7\u00e3o\u201d de um muro para separar EUA&nbsp;e M\u00e9xico.<\/p>\n\n\n\n<p>Em entrevista para o Jornal Op\u00e7\u00e3o de Goi\u00e1s em 18 de setembro de 2015, Bolsonaro fez fala xen\u00f3foba ao comentar sobre a verba para as For\u00e7as Armadas e uma poss\u00edvel redu\u00e7\u00e3o de seu efetivo:<\/p>\n\n\n\n<p>\u201cN\u00e3o sei qual \u00e9 a ades\u00e3o dos comandantes, mas, caso venham reduzir o efetivo (das For\u00e7as Armadas), \u00e9 menos gente na rua para fazer frente aos marginais do MST, que s\u00e3o engordados agora por senegaleses, haitianos, iranianos, bolivianos, e tudo que \u00e9 esc\u00f3ria do mundo, n\u00e9, e agora t\u00e1 chegando os s\u00edrios tamb\u00e9m aqui. A esc\u00f3ria do mundo t\u00e1 chegando aqui no nosso Brasil como se n\u00f3s j\u00e1 n\u00e3o tiv\u00e9ssemos problemas demais para resolver. Esse \u00e9 o grande problema que n\u00f3s podemos ter.\u201d<\/p>\n\n\n\n<p>Essas ideias visam mobilizar o apoio em suas bases para legitimar as pol\u00edticas que criminalizam os imigrantes, que negam o acesso aos direitos e recursos b\u00e1sicos e que os colocam em situa\u00e7\u00f5es de vulnerabilidade e explora\u00e7\u00e3o.<\/p>\n\n\n\n<p><strong>Crise migrat\u00f3ria<\/strong><\/p>\n\n\n\n<p>Mais de 3 mil migrantes morreram em 2021 tentando chegar \u00e0 Europa pelo mar. Fam\u00edlias inteiras largaram seus lares e comunidades para enfrentar arriscadas travessias terrestres ou mar\u00edtimas, com a esperan\u00e7a de encontrar seguran\u00e7a, emprego e comida.<\/p>\n\n\n\n<p>A extrema pobreza gerada pelas pol\u00edticas de espolia\u00e7\u00e3o aplicadas por governos aliados da China e dos pa\u00edses imperialistas na \u00c1frica Subsaariana leva milhares de pessoas a terem que recorrer \u00e0s m\u00e1fias para tentar chegar \u00e0 Europa. Essas pessoas s\u00e3o for\u00e7adas a fugir de seus pa\u00edses em busca de uma vida melhor devido \u00e0s circunst\u00e2ncias em que se encontram.<\/p>\n\n\n\n<p>Infelizmente, muitos desses migrantes s\u00e3o explorados por m\u00e1fias que transformam o horror da guerra e da pobreza em um neg\u00f3cio altamente rent\u00e1vel. Essas imagens de medo e incerteza inundam as redes sociais, chamando a aten\u00e7\u00e3o da imprensa para uma das piores crises humanit\u00e1rias desde a II Guerra Mundial, junto com a pandemia de Covid.<\/p>\n\n\n\n<p>A globaliza\u00e7\u00e3o da economia, a crise econ\u00f4mica, a ecol\u00f3gica e a polariza\u00e7\u00e3o da luta de classes est\u00e3o causando novas ondas migrat\u00f3rias e crises pol\u00edticas importantes. A fuga de civis das guerras, da pobreza extrema e das cat\u00e1strofes clim\u00e1ticas e naturais nos continentes africano e asi\u00e1tico s\u00e3o uma das principais causas dessas ondas migrat\u00f3rias.<\/p>\n\n\n\n<p>A verdadeira raiz dos problemas socioecon\u00f4micos e migrat\u00f3rios enfrentados pelo mundo de hoje reside no sistema capitalista global, que perpetua a desigualdade e a explora\u00e7\u00e3o. A busca implac\u00e1vel pelo lucro e pelo crescimento econ\u00f4mico tem levado a uma distribui\u00e7\u00e3o desigual de recursos e oportunidades, criando uma disparidade entre os pa\u00edses desenvolvidos e os em desenvolvimento.<\/p>\n\n\n\n<p><strong>A crise migrat\u00f3ria \u00e9 inevit\u00e1vel no capitalismo imperialista<\/strong><\/p>\n\n\n\n<p>O capitalismo se espalhou pelo mundo atrav\u00e9s de guerras e coloniza\u00e7\u00e3o, criando um mercado mundial que coloca em contato trabalhadores de todo o mundo. Isso \u00e9 diferente das formas de organiza\u00e7\u00e3o sociais anteriores, em que os povos estavam separados e incomunic\u00e1veis entre si. O desenvolvimento desigual em cada pa\u00eds causa um efeito de maior ou menor taxa de emprego e remunera\u00e7\u00e3o, o que \u00e9 percebido pelos trabalhadores que agora est\u00e3o em contato.<\/p>\n\n\n\n<p>De um lado, est\u00e3o os pa\u00edses imperialistas, onde se concentra a maior parte do Capital mundial, oferecendo as melhores condi\u00e7\u00f5es de sobreviv\u00eancia \u00e0 sua classe trabalhadora. Do outro lado, est\u00e3o os pa\u00edses que sustentam a riqueza dos mais ricos, que oferecem piores condi\u00e7\u00f5es para sua classe trabalhadora. Os primeiros acabam atraindo trabalhadores de todo o mundo para si, perdendo poucas pessoas para outros pa\u00edses; enquanto os \u00faltimos perdem mais pessoas do que recebem. Quando um pa\u00eds sofre alguma calamidade, seja ela natural, econ\u00f4mica, sanit\u00e1ria ou militar, tendem a apresentar fuga em massa de pessoas.<\/p>\n\n\n\n<p>H\u00e1 ainda os pa\u00edses chamados de Emergentes que, ainda que subordinados ao imperialismo, possuem condi\u00e7\u00f5es melhores que seus vizinhos. Esses pa\u00edses atraem povos em menor escala em rela\u00e7\u00e3o aos imperialistas, e perdem em menor escala em rela\u00e7\u00e3o aos seus vizinhos. Esse \u00e9 o caso do Brasil, que v\u00ea parte de sua popula\u00e7\u00e3o migrando para EUA e Europa, mas que recebe venezuelanos, angolanos, haitianos, bolivianos, s\u00edrios, e povos de outras nacionalidades.<\/p>\n\n\n\n<p>Os pa\u00edses que recebem imigrantes e refugiados lidam com eles de formas diferentes, cada um com sua pr\u00f3pria legisla\u00e7\u00e3o, com maior ou menor restri\u00e7\u00e3o. Em geral, submetem esses trabalhadores a duras condi\u00e7\u00f5es de trabalho, piores do que a dos trabalhadores locais. Essas discrimina\u00e7\u00f5es legais for\u00e7am os imigrantes a guetos, ficando com os postos de trabalho mais precarizados, aumentando a lucratividade do Capital de cada empresa que os contrata.<\/p>\n\n\n\n<p><strong>Solidariedade internacional e combate ao racismo<\/strong><\/p>\n\n\n\n<p>Como se n\u00e3o bastassem os problemas enfrentados pelas pessoas que est\u00e3o buscando ref\u00fagio, os capitalistas se aproveitam dessas pessoas oferecendo a elas uma remunera\u00e7\u00e3o muito abaixo daquela praticada para os trabalhadores locais, pressionando para baixo os sal\u00e1rios gerais de todo o pa\u00eds.<\/p>\n\n\n\n<p>Os trabalhadores locais se incomodam ao ver sua renda sendo corro\u00edda como efeito colateral da superexplora\u00e7\u00e3o dos refugiados. Os grupos de extrema direita utilizam ideologias xen\u00f3fobas e racistas, como a da Grande Substitui\u00e7\u00e3o, para canalizar essa indigna\u00e7\u00e3o contra os trabalhadores vulner\u00e1veis que migram para seus pa\u00edses.<\/p>\n\n\n\n<p>A \u201cTeoria da Grande Substitui\u00e7\u00e3o\u201d \u00e9 destinada aos brancos nascidos nos pa\u00edses que recebem imigrantes e refugiados para que eles sirvam aos interesses dos grandes empres\u00e1rios. \u00c9 com o apoio desse setor da nossa classe que eles aprovam leis que aumentam a nossa explora\u00e7\u00e3o e rebaixam ainda mais nossos sal\u00e1rios e direitos, especialmente dos oprimidos. \u00c9 com a viol\u00eancia cada vez mais extrema praticada pelos brancos que a classe trabalhadora, que \u00e9 diversa e plural, fica ainda mais dividida.<\/p>\n\n\n\n<p>Os trabalhadores imigrantes, refugiados e racializados j\u00e1 resistem contra essas viol\u00eancias, tanto as da burguesia, quanto do estado e dos brancos que aderem a essas ideologias. \u00c9 vital que os movimentos classistas se unam a essa resist\u00eancia e combatam essas ideologias, inclusive seus membros brancos. Especialmente porque elas penetram nessas organiza\u00e7\u00f5es, que passam a reproduzir tanto a ideologia quanto a viol\u00eancia.<\/p>\n\n\n\n<p>Contudo, para que n\u00e3o haja mais a separa\u00e7\u00e3o entre ra\u00e7as e na\u00e7\u00f5es, e para que n\u00e3o haja explorados e oprimidos, \u00e9 preciso acabar com o sistema capitalista em cada pa\u00eds e no mundo como um todo. Somente uma sociedade socialista poderia, com efeito, eliminar essas contradi\u00e7\u00f5es e unificar os explorados na constru\u00e7\u00e3o de um mundo acolhedor para todas as nacionalidades.<\/p>\n\n\n\n<p>Refer\u00eancias<\/p>\n\n\n\n<p><a href=\"https:\/\/www.brasildefato.com.br\/2022\/05\/25\/alimentada-por-republicanos-e-fox-news-tese-conspiratoria-racista-fomenta-violencia-nos-eua\" target=\"_blank\" rel=\"noopener\">https:\/\/www.brasildefato.com.br\/2022\/05\/25\/alimentada-por-republicanos-e-fox-news-tese-conspiratoria-racista-fomenta-violencia-nos-eua<\/a><a href=\"https:\/\/news.un.org\/pt\/story\/2022\/04\/1787722\" target=\"_blank\" rel=\"noopener\">https:\/\/news.un.org\/pt\/story\/2022\/04\/1787722<\/a><\/p>\n\n\n\n<p><a href=\"https:\/\/g1.globo.com\/mundo\/noticia\/trump-chama-de-buracos-de-merda-haiti-e-outros-paises-da-america-central-e-africa.ghtml\" target=\"_blank\" rel=\"noopener\">https:\/\/g1.globo.com\/mundo\/noticia\/trump-chama-de-buracos-de-merda-haiti-e-outros-paises-da-america-central-e-africa.ghtml<\/a><\/p>\n\n\n\n<p><a href=\"https:\/\/gq.globo.com\/Prazeres\/Poder\/noticia\/2018\/01\/antes-de-trump-bolsonaro-ja-se-referiu-imigrantes-como-escoria-do-mundo.html\" target=\"_blank\" rel=\"noopener\">https:\/\/gq.globo.com\/Prazeres\/Poder\/noticia\/2018\/01\/antes-de-trump-bolsonaro-ja-se-referiu-imigrantes-como-escoria-do-mundo.html<\/a><\/p>\n\n\n\n<p><a href=\"https:\/\/g1.globo.com\/mundo\/blog\/sandra-cohen\/post\/2022\/05\/16\/teoria-racista-da-grande-substituicao-motivou-autor-do-massacre-em-buffalo.ghtml\" target=\"_blank\" rel=\"noopener\">https:\/\/g1.globo.com\/mundo\/blog\/sandra-cohen\/post\/2022\/05\/16\/teoria-racista-da-grande-substituicao-motivou-autor-do-massacre-em-buffalo.ghtml<\/a><\/p>\n\n\n\n<p><a href=\"https:\/\/www.gazetadopovo.com.br\/mundo\/mexico-leva-drogas-crime-e-estupro-aos-eua-diz-pre-candidato-donald-trump-5mf12hs2fb5fw06hxl6q2jmok\/\" target=\"_blank\" rel=\"noopener\">https:\/\/www.gazetadopovo.com.br\/mundo\/mexico-leva-drogas-crime-e-estupro-aos-eua-diz-pre-candidato-donald-trump-5mf12hs2fb5fw06hxl6q2jmok\/<\/a><\/p>\n\n\n\n<figure class=\"wp-block-embed is-type-wp-embed is-provider-teoria-e-revolucao wp-block-embed-teoria-e-revolucao\"><div class=\"wp-block-embed__wrapper\">\n<blockquote class=\"wp-embedded-content\" data-secret=\"y2D2Ok0Yry\"><a href=\"http:\/\/teoriaerevolucao.pstu.org.br\/o-fenomeno-migratorio-e-a-logica-do-capital-algumas-reflexoes-iniciais\/\" target=\"_blank\" rel=\"noopener\">O fen\u00f4meno migrat\u00f3rio e a l\u00f3gica do capital: algumas reflex\u00f5es iniciais<\/a><\/blockquote><iframe loading=\"lazy\" class=\"wp-embedded-content\" sandbox=\"allow-scripts\" security=\"restricted\" style=\"position: absolute; visibility: hidden;\" title=\"&#8220;O fen\u00f4meno migrat\u00f3rio e a l\u00f3gica do capital: algumas reflex\u00f5es iniciais&#8221; &#8212; Teoria e Revolu\u00e7\u00e3o\" src=\"http:\/\/teoriaerevolucao.pstu.org.br\/o-fenomeno-migratorio-e-a-logica-do-capital-algumas-reflexoes-iniciais\/embed\/#?secret=oWGhRelcre#?secret=y2D2Ok0Yry\" data-secret=\"y2D2Ok0Yry\" width=\"500\" height=\"282\" frameborder=\"0\" marginwidth=\"0\" marginheight=\"0\" scrolling=\"no\"><\/iframe>\n<\/div><\/figure>\n\n\n\n<figure class=\"wp-block-embed is-type-wp-embed is-provider-liga-internacional-dos-trabalhadores wp-block-embed-liga-internacional-dos-trabalhadores\"><div class=\"wp-block-embed__wrapper\">\n<blockquote class=\"wp-embedded-content\" data-secret=\"RE9oHzrZXN\"><a href=\"https:\/\/litci.org\/pt\/2018\/08\/27\/abaixo-a-xenofobia-em-defesa-dos-refugiados-viva-a-unidade-dos-trabalhadores\/\">Abaixo a xenofobia!  Em defesa dos refugiados! Viva a unidade dos trabalhadores<\/a><\/blockquote><iframe loading=\"lazy\" class=\"wp-embedded-content\" sandbox=\"allow-scripts\" security=\"restricted\" style=\"position: absolute; visibility: hidden;\" title=\"&#8220;Abaixo a xenofobia!  Em defesa dos refugiados! Viva a unidade dos trabalhadores&#8221; &#8212; Liga Internacional dos Trabalhadores\" src=\"https:\/\/litci.org\/pt\/2018\/08\/27\/abaixo-a-xenofobia-em-defesa-dos-refugiados-viva-a-unidade-dos-trabalhadores\/embed\/#?secret=GlCb10zb7Z#?secret=RE9oHzrZXN\" data-secret=\"RE9oHzrZXN\" width=\"500\" height=\"282\" frameborder=\"0\" marginwidth=\"0\" marginheight=\"0\" scrolling=\"no\"><\/iframe>\n<\/div><\/figure>\n","protected":false},"excerpt":{"rendered":"<p>A \u201cTeoria da Grande Substitui\u00e7\u00e3o ou Genoc\u00eddio Branco\u201d \u00e9 uma teoria que afirma que h\u00e1 uma conspira\u00e7\u00e3o para substituir a popula\u00e7\u00e3o branca da Europa e de outros pa\u00edses ocidentais por meio da imigra\u00e7\u00e3o em massa de pessoas n\u00e3o-brancas. De acordo com esta teoria, a elite \u201cglobalista\u201d estaria por tr\u00e1s dessa conspira\u00e7\u00e3o, visando a destrui\u00e7\u00e3o das [&hellip;]<\/p>\n","protected":false},"author":7,"featured_media":76496,"menu_order":0,"comment_status":"open","ping_status":"open","sticky":false,"template":"","format":"standard","meta":{"litci_post_political_author":"","footnotes":""},"categories":[3970,121,3501],"tags":[470,8575,4399,8574,20,311],"class_list":["post-76489","post","type-post","status-publish","format-standard","has-post-thumbnail","hentry","category-imigrantes","category-brasil","category-negras-os","tag-bolsonaro","tag-grande-conspiracao","tag-imigrantes","tag-shirley-raposo","tag-trump","tag-xenofobia"],"fimg_url":"https:\/\/litci.org\/pt\/wp-content\/uploads\/2023\/04\/ep2-grand-remplacement-img-header-696x464-1.jpeg","categories_names":["Brasil","Imigrantes","Negras\/os"],"author_info":{"name":"lena","pic":"https:\/\/secure.gravatar.com\/avatar\/b9eb35b4c023b96c29c4a145a82c6c381b68f2c889c5427106ad5aab6df45b9d?s=96&d=mm&r=g"},"political_author":null,"tagline":"","_links":{"self":[{"href":"https:\/\/litci.org\/pt\/wp-json\/wp\/v2\/posts\/76489","targetHints":{"allow":["GET"]}}],"collection":[{"href":"https:\/\/litci.org\/pt\/wp-json\/wp\/v2\/posts"}],"about":[{"href":"https:\/\/litci.org\/pt\/wp-json\/wp\/v2\/types\/post"}],"author":[{"embeddable":true,"href":"https:\/\/litci.org\/pt\/wp-json\/wp\/v2\/users\/7"}],"replies":[{"embeddable":true,"href":"https:\/\/litci.org\/pt\/wp-json\/wp\/v2\/comments?post=76489"}],"version-history":[{"count":1,"href":"https:\/\/litci.org\/pt\/wp-json\/wp\/v2\/posts\/76489\/revisions"}],"predecessor-version":[{"id":76497,"href":"https:\/\/litci.org\/pt\/wp-json\/wp\/v2\/posts\/76489\/revisions\/76497"}],"wp:featuredmedia":[{"embeddable":true,"href":"https:\/\/litci.org\/pt\/wp-json\/wp\/v2\/media\/76496"}],"wp:attachment":[{"href":"https:\/\/litci.org\/pt\/wp-json\/wp\/v2\/media?parent=76489"}],"wp:term":[{"taxonomy":"category","embeddable":true,"href":"https:\/\/litci.org\/pt\/wp-json\/wp\/v2\/categories?post=76489"},{"taxonomy":"post_tag","embeddable":true,"href":"https:\/\/litci.org\/pt\/wp-json\/wp\/v2\/tags?post=76489"}],"curies":[{"name":"wp","href":"https:\/\/api.w.org\/{rel}","templated":true}]}}