{"id":76250,"date":"2023-03-07T17:23:16","date_gmt":"2023-03-07T17:23:16","guid":{"rendered":"https:\/\/litci.org\/pt\/?p=76250"},"modified":"2023-03-07T17:23:19","modified_gmt":"2023-03-07T17:23:19","slug":"a-visita-de-biden-ao-mexico-e-suas-implicacoes-para-a-america-central-nas-questoes-migratorias","status":"publish","type":"post","link":"https:\/\/litci.org\/pt\/2023\/03\/07\/a-visita-de-biden-ao-mexico-e-suas-implicacoes-para-a-america-central-nas-questoes-migratorias\/","title":{"rendered":"<strong><em>A visita de Biden ao M\u00e9xico e suas implica\u00e7\u00f5es para a Am\u00e9rica Central nas quest\u00f5es migrat\u00f3rias<\/em><\/strong>"},"content":{"rendered":"\n<p><em>Em 10 de janeiro passado, os presidentes do M\u00e9xico, Estados Unidos e Canad\u00e1, se reuniram na capital mexicana no contexto da X C\u00fapula dos l\u00edderes da Am\u00e9rica do Norte. A Am\u00e9rica Central n\u00e3o esteve ausente em tal c\u00fapula, tanto pelas refer\u00eancias expl\u00edcitas que o presidente mexicano fez sobre o istmo.<\/em><\/p>\n\n\n\n<p>Por: CST M\u00e9xico<\/p>\n\n\n\n<p>Do mencionado na c\u00fapula, a a\u00e7\u00e3o que teve mais relev\u00e2ncia para a Am\u00e9rica Central na quest\u00e3o migrat\u00f3ria, \u00e9 a confirma\u00e7\u00e3o das medidas do governo de Biden (EUA) para o controle dos fluxos que t\u00eam como destino final seja EUA ou Canad\u00e1.<\/p>\n\n\n\n<p>Estas medidas consistem em criar uma via legal para que at\u00e9 30.000 migrantes de Cuba, Haiti, Nicar\u00e1gua e Venezuela possam receber visas e permiss\u00f5es de trabalho tempor\u00e1rios por m\u00eas, atrav\u00e9s de uma solicita\u00e7\u00e3o on line que dever\u00e3o fazer de seus pa\u00edses de origem, al\u00e9m de que a entrada no pa\u00eds ter\u00e1 que ser por avi\u00e3o e n\u00e3o por via terrestre na fronteira norte do M\u00e9xico com os EUA. Por outro lado, aqueles que n\u00e3o cumprirem estes requisitos, ser\u00e3o deportados ao pa\u00eds mexicano.<\/p>\n\n\n\n<p>O presidente mexicano, totalmente servil, deu seu apoio a tais medidas, celebrou que o governo estadunidense tenha decidido \u201corganizar o fluxo migrat\u00f3rio\u201d e garantiu que colaborar\u00e1 com a recep\u00e7\u00e3o das pessoas migrantes que forem rejeitadas nos Estados Unidos. O mandat\u00e1rio estadunidense, por sua vez, esclareceu que esse programa migrat\u00f3rio j\u00e1 havia sido implementado para a migra\u00e7\u00e3o venezuelana e que demonstrou ser bem sucedido \u201cpara fornecer processos seguros, humanos e organizados\u201d para aqueles que buscam asilo.<\/p>\n\n\n\n<p>A verdade \u00e9 que este programa, apesar dos elogios que recebe dos mandat\u00e1rios que se reuniram na C\u00fapula, gerar\u00e1 maiores dificuldades para implementar esse tipo de gest\u00e3o necess\u00e1ria, assim como piorar\u00e1 as condi\u00e7\u00f5es de tr\u00e2nsito e espera em nossos pa\u00edses para os fluxos migrat\u00f3rios. Em todos os sentidos \u00e9 uma abordagem totalmente negativa para as classes trabalhadoras da regi\u00e3o porque o interesse do imperialismo \u00e9 manter a todo custo o saque e a explora\u00e7\u00e3o.<\/p>\n\n\n\n<p>Em primeiro lugar, com esta medida, o governo estadunidense rejeitar\u00e1 mais migrantes do que receber\u00e1, dado que, como o pr\u00f3prio Biden reconhecia, durante o ano, eram mais de 1.000 pessoas por dia que chegavam \u00e0 fronteira M\u00e9xico-EUA. Al\u00e9m disso, uma boa parte desses fluxos migrat\u00f3rios n\u00e3o s\u00e3o dos pa\u00edses especificados no programa, mas prov\u00eam ou de outros pa\u00edses latino-americanos (como Equador, entre outros) ou de lugares t\u00e3o distantes como \u00c1frica e \u00c1sia. O que acontecer\u00e1 com essas dezenas de milhares de pessoas migrantes?<\/p>\n\n\n\n<p>Provavelmente, muitas dessas pessoas fiquem, for\u00e7osamente, retidos em alguns dos pa\u00edses que precedem a fronteira estadunidense na rota destes fluxos migrat\u00f3rios (como o pr\u00f3prio M\u00e9xico ou outros pa\u00edses centro e\/ou sul-americanos). Desta forma, o governo estadunidense utiliza a Am\u00e9rica Central (pelo menos) como seu \u201cquintal\u201d para reter centenas de milhares de migrantes cujo desejo \u00e9 chegar ao pa\u00eds estadunidense, e os deixa em uma situa\u00e7\u00e3o de grande vulnerabilidade \u00e0 sorte das a\u00e7\u00f5es de governos que n\u00e3o tomam a quest\u00e3o dos fluxos migrat\u00f3rios como uma emerg\u00eancia humanit\u00e1ria, mas como um problema que \u00e9 melhor ignorar ou criminalizar (como \u00e9 o caso da Costa Rica com Rodrigo Chaves como presidente).<\/p>\n\n\n\n<p>Estas medidas beneficiam somente os governos dos EUA e Canad\u00e1, enquanto transfere o problema aos pa\u00edses latino-americanos sem prover o apoio econ\u00f4mico necess\u00e1rio para que, dos nossos territ\u00f3rios, possamos garantir uma aten\u00e7\u00e3o digna \u00e0s pessoas migrantes em seu caminho para o norte do continente, deixando entrar nada mais al\u00e9m da quantidade de pessoas requeridas pelas empresas estadunidenses que exploram a m\u00e3o de obra estrangeira nos trabalhos mais dif\u00edceis e mal pagos nos EUA.<\/p>\n\n\n\n<p>A partir do resto da Am\u00e9rica Central e Am\u00e9rica Latina, devemos exigir que a vida digna destas pessoas migrantes sejam prioridade acima dos interesses do grande capital nacional ou estrangeiro e lutar para que os diferentes governos destinem fundos para financiar programas de assist\u00eancia humanit\u00e1ria e\/ou de inser\u00e7\u00e3o \u00e0s pessoas migrantes ou solicitantes de ref\u00fagio. Para isso, devemos exigir o fim do pagamento da d\u00edvida p\u00fablica ileg\u00edtima, mais impostos para o grande capital e a nacionaliza\u00e7\u00e3o de setores chave para os fluxos migrat\u00f3rios (como transporte e hospedagem).<\/p>\n\n\n\n<p>Tradu\u00e7\u00e3o: L\u00edlian Enck<\/p>\n","protected":false},"excerpt":{"rendered":"<p>Em 10 de janeiro passado, os presidentes do M\u00e9xico, Estados Unidos e Canad\u00e1, se reuniram na capital mexicana no contexto da X C\u00fapula dos l\u00edderes da Am\u00e9rica do Norte. A Am\u00e9rica Central n\u00e3o esteve ausente em tal c\u00fapula, tanto pelas refer\u00eancias expl\u00edcitas que o presidente mexicano fez sobre o istmo. Por: CST M\u00e9xico Do mencionado [&hellip;]<\/p>\n","protected":false},"author":7,"featured_media":76251,"menu_order":0,"comment_status":"open","ping_status":"open","sticky":false,"template":"","format":"standard","meta":{"litci_post_political_author":"","footnotes":""},"categories":[234,3519,3970],"tags":[3679,1689,8384,4399],"class_list":["post-76250","post","type-post","status-publish","format-standard","has-post-thumbnail","hentry","category-mexico","category-eua","category-imigrantes","tag-andres-manuel-lopez-obrador-amlo","tag-biden","tag-cst-mexico-2","tag-imigrantes"],"fimg_url":"https:\/\/litci.org\/pt\/wp-content\/uploads\/2023\/03\/Mexico.jpg","categories_names":["Estados Unidos","Imigrantes","M\u00e9xico"],"author_info":{"name":"lena","pic":"https:\/\/secure.gravatar.com\/avatar\/b9eb35b4c023b96c29c4a145a82c6c381b68f2c889c5427106ad5aab6df45b9d?s=96&d=mm&r=g"},"political_author":null,"tagline":"","_links":{"self":[{"href":"https:\/\/litci.org\/pt\/wp-json\/wp\/v2\/posts\/76250","targetHints":{"allow":["GET"]}}],"collection":[{"href":"https:\/\/litci.org\/pt\/wp-json\/wp\/v2\/posts"}],"about":[{"href":"https:\/\/litci.org\/pt\/wp-json\/wp\/v2\/types\/post"}],"author":[{"embeddable":true,"href":"https:\/\/litci.org\/pt\/wp-json\/wp\/v2\/users\/7"}],"replies":[{"embeddable":true,"href":"https:\/\/litci.org\/pt\/wp-json\/wp\/v2\/comments?post=76250"}],"version-history":[{"count":1,"href":"https:\/\/litci.org\/pt\/wp-json\/wp\/v2\/posts\/76250\/revisions"}],"predecessor-version":[{"id":76252,"href":"https:\/\/litci.org\/pt\/wp-json\/wp\/v2\/posts\/76250\/revisions\/76252"}],"wp:featuredmedia":[{"embeddable":true,"href":"https:\/\/litci.org\/pt\/wp-json\/wp\/v2\/media\/76251"}],"wp:attachment":[{"href":"https:\/\/litci.org\/pt\/wp-json\/wp\/v2\/media?parent=76250"}],"wp:term":[{"taxonomy":"category","embeddable":true,"href":"https:\/\/litci.org\/pt\/wp-json\/wp\/v2\/categories?post=76250"},{"taxonomy":"post_tag","embeddable":true,"href":"https:\/\/litci.org\/pt\/wp-json\/wp\/v2\/tags?post=76250"}],"curies":[{"name":"wp","href":"https:\/\/api.w.org\/{rel}","templated":true}]}}