{"id":75634,"date":"2022-12-22T13:46:09","date_gmt":"2022-12-22T13:46:09","guid":{"rendered":"https:\/\/litci.org\/pt\/?p=75634"},"modified":"2022-12-22T13:46:12","modified_gmt":"2022-12-22T13:46:12","slug":"sobre-a-sentenca-de-cristina-fernandez","status":"publish","type":"post","link":"https:\/\/litci.org\/pt\/2022\/12\/22\/sobre-a-sentenca-de-cristina-fernandez\/","title":{"rendered":"<strong><em>Sobre a senten\u00e7a de Cristina Fern\u00e1ndez<\/em><\/strong>"},"content":{"rendered":"\n<p><em>No fechamento desta edi\u00e7\u00e3o foi divulgada a senten\u00e7a da causa Viabilidade: Cristina Kirchner foi condenada a 6 meses de pris\u00e3o e inabilitada para exercer a fun\u00e7\u00e3o p\u00fablica vital\u00edcia, Lazaro Baez 6 anos de pris\u00e3o, e para Jos\u00e9 L\u00f3pez, tamb\u00e9m 6 anos de pris\u00e3o.\u00a0<\/em><\/p>\n\n\n\n<p>Por: PSTU Argentina<\/p>\n\n\n\n<p>A decis\u00e3o era prevista, com a absolvi\u00e7\u00e3o da figura de associa\u00e7\u00e3o il\u00edcita inclu\u00edda, j\u00e1 que era incomprov\u00e1vel. Agora a quest\u00e3o volta a estar no centro da cena, com alguns festejando \u00e0 Justi\u00e7a e outros colocando a defesa de Cristina como a causa popular por excel\u00eancia. A verdade \u00e9 que enquanto isso acontece, h\u00e1 novos detidos no contexto da luta piqueteira e ambos os lados se omitem.<\/p>\n\n\n\n<p>Como j\u00e1 dissemos em outras ocasi\u00f5es a respeito desta quest\u00e3o, o PSTU considera que a parcialidade desta Justi\u00e7a n\u00e3o \u00e9 novidade, e sim uma constante, mas a tentativa do kirchnerismo de fazer passar estas causas como persegui\u00e7\u00f5es pol\u00edticas \u00e9 uma falsidade nada inocente.<\/p>\n\n\n\n<p>Como diz\u00edamos quando a den\u00fancia foi divulgada: \u201c\u00c9 verdade que a investiga\u00e7\u00e3o da Justi\u00e7a \u00e9 parcial j\u00e1 que est\u00e1 focada apenas na obra p\u00fablica em Santa Cruz. Se o conjunto das contrata\u00e7\u00f5es do pa\u00eds tivesse sido investigado, teriam que incluir a fam\u00edlia Macri (inclusive o primo Calcaterra), e tamb\u00e9m &nbsp;Nicol\u00e1s \u201cNiki\u201d Caputo&nbsp; (amigo \u00edntimo de Mauricio) como r\u00e9us, &nbsp;assim como muitos outros empres\u00e1rios (\u2026) Tamb\u00e9m h\u00e1 evid\u00eancias do v\u00ednculo do promotor Luciani e membros do Tribunal com Macri\u201d. Agora a isso se soma o \u00faltimo esc\u00e2ndalo descoberto.<\/p>\n\n\n\n<p>&nbsp;\u201cMas o que a pr\u00f3pria Cristina reconheceu \u00e9 que houve corrup\u00e7\u00e3o sob seu governo e o de N\u00e9stor Kirchner, embora tente atribu\u00ed-la aos seus funcion\u00e1rios, os que o kirchnerismo manteve ao longo de seus 12 anos. Nada explica o acelerado e astron\u00f4mico crescimento da fortuna de L\u00e1zaro B\u00e1ez com a obra p\u00fablica, amigo pessoal da fam\u00edlia, e seus neg\u00f3cios comuns que tamb\u00e9m fizeram aumentar a fortuna dos Kirchner. A isto poder\u00edamos agregar a corrup\u00e7\u00e3o com os subs\u00eddios do transporte que causou o massacre de Once, e um longo etc\u00e9tera.<\/p>\n\n\n\n<p>\u00c9 falso ent\u00e3o o argumento do kirchnerismo e sua m\u00eddia afim, apoiado pelo PJ e pela totalidade do Governo da Frente de Todos (FdT), de que se trata de causas inventadas para perseguir politicamente e proscrever Cristina. Na realidade, n\u00e3o deveriam ser acusadas\/os s\u00f3 Cristina e seus funcion\u00e1rios mas tamb\u00e9m os empres\u00e1rios.(\u2026)<\/p>\n\n\n\n<p>Outra quest\u00e3o \u00e9 o uso c\u00ednico das causas judiciais pela oposi\u00e7\u00e3o patronal e que sua m\u00eddia amiga agita para desgastar Cristina e o Governo com vista \u00e0s elei\u00e7\u00f5es de 2023. Justamente eles que sob o governo de Macri foram tanto ou mais corruptos que o kirchnerismo. Basta mencionar a causa do Correio Argentino, as \u201c<em>autopistas del curro<\/em>\u201d<a href=\"#_ftn1\" id=\"_ftnref1\">[1]<\/a>, a do soterramento de Sarmiento sob responsabilidade da brasileira Odebrecht, o cr\u00e9dito falso do Banco Naci\u00f3n a Vicent\u00edn ou a mais escandalosa, os 50 bilh\u00f5es de d\u00f3lares pedidos ao FMI para financiar a fuga de capitais de seus amigo.<\/p>\n\n\n\n<p>A corrup\u00e7\u00e3o \u00e9 inerente ao sistema capitalista. Hoje os setores patronais resolvem seus interesses na Justi\u00e7a, acusando-se de corruptos uns aos outros, quando na verdade, todos s\u00e3o. Ora, o car\u00e1ter nefasto desta justi\u00e7a n\u00e3o aparece principalmente quando \u00e9 usada para um ou outro lado, mas em como \u00e9 usada todos os dias em fun\u00e7\u00e3o da verdadeira fissura que existe na sociedade: entre os trabalhadores e o povo pobre e os empres\u00e1rios e seus governos. \u00c9 dessa forma que esta Justi\u00e7a \u00e9 uma arma fundamental de persegui\u00e7\u00e3o aos lutadores oper\u00e1rios e populares.<\/p>\n\n\n\n<p>Nesta democracia para ricos n\u00e3o existe a possibilidade de que haja uma justi\u00e7a independente, porque \u00e9 uma justi\u00e7a de classe. Por isso \u00e9 uma justi\u00e7a incapaz de julgar verdadeiramente a corrup\u00e7\u00e3o.<\/p>\n\n\n\n<p>Os \u00fanicos que poderiam julgar verdadeiramente todos os corruptos somos n\u00f3s os trabalhadores e o povo trabalhador. Para que se saiba toda a verdade n\u00e3o se pode confiar na investiga\u00e7\u00e3o destes ju\u00edzes e promotores, que v\u00e3o contra o inimigo de plant\u00e3o e encobrem seus amigos. \u00c9 necess\u00e1ria uma Comiss\u00e3o Investigadora independente, de organiza\u00e7\u00f5es oper\u00e1rias e populares. Que os ju\u00edzes sejam eleitos por voto popular, que sejam revog\u00e1veis a qualquer momento, e ganhem o mesmo que um oper\u00e1rio qualificado. Basta desta casta privilegiada com sal\u00e1rios fabulosos e que n\u00e3o paga Imposto de Renda. Basta de senten\u00e7as decididas por um punhado de ju\u00edzes amigos de empres\u00e1rios e pol\u00edticos patronais: julgamentos por jurados oper\u00e1rios e populares. Somente outro tipo de Estado, com um governo oper\u00e1rio e popular, poderia garantir uma verdadeira Justi\u00e7a para o povo trabalhador, tribunais oper\u00e1rios e populares que julguem todos os que vem nos saqueando por d\u00e9cadas.<\/p>\n\n\n\n<hr class=\"wp-block-separator has-alpha-channel-opacity\"\/>\n\n\n\n<p><a id=\"_ftn1\" href=\"#_ftnref1\">[1]<\/a> O esc\u00e2ndalo, conhecido como &#8220;autopistas del curro&#8221;, refere-se a contratos de concess\u00e3o de ped\u00e1gio que teriam beneficiado empresas ligadas a Macri.<\/p>\n\n\n\n<p>Tradu\u00e7\u00e3o: Lilian Enck<\/p>\n","protected":false},"excerpt":{"rendered":"<p>No fechamento desta edi\u00e7\u00e3o foi divulgada a senten\u00e7a da causa Viabilidade: Cristina Kirchner foi condenada a 6 meses de pris\u00e3o e inabilitada para exercer a fun\u00e7\u00e3o p\u00fablica vital\u00edcia, Lazaro Baez 6 anos de pris\u00e3o, e para Jos\u00e9 L\u00f3pez, tamb\u00e9m 6 anos de pris\u00e3o.\u00a0 Por: PSTU Argentina A decis\u00e3o era prevista, com a absolvi\u00e7\u00e3o da figura [&hellip;]<\/p>\n","protected":false},"author":7,"featured_media":75636,"menu_order":0,"comment_status":"open","ping_status":"open","sticky":false,"template":"","format":"standard","meta":{"litci_post_political_author":"","footnotes":""},"categories":[94],"tags":[437,1626],"class_list":["post-75634","post","type-post","status-publish","format-standard","has-post-thumbnail","hentry","category-argentina","tag-cristina-kirchner","tag-pstu-argentina"],"fimg_url":"https:\/\/litci.org\/pt\/wp-content\/uploads\/2022\/12\/Cristina-1.jpg","categories_names":["Argentina"],"author_info":{"name":"lena","pic":"https:\/\/secure.gravatar.com\/avatar\/b9eb35b4c023b96c29c4a145a82c6c381b68f2c889c5427106ad5aab6df45b9d?s=96&d=mm&r=g"},"political_author":null,"tagline":"","_links":{"self":[{"href":"https:\/\/litci.org\/pt\/wp-json\/wp\/v2\/posts\/75634","targetHints":{"allow":["GET"]}}],"collection":[{"href":"https:\/\/litci.org\/pt\/wp-json\/wp\/v2\/posts"}],"about":[{"href":"https:\/\/litci.org\/pt\/wp-json\/wp\/v2\/types\/post"}],"author":[{"embeddable":true,"href":"https:\/\/litci.org\/pt\/wp-json\/wp\/v2\/users\/7"}],"replies":[{"embeddable":true,"href":"https:\/\/litci.org\/pt\/wp-json\/wp\/v2\/comments?post=75634"}],"version-history":[{"count":1,"href":"https:\/\/litci.org\/pt\/wp-json\/wp\/v2\/posts\/75634\/revisions"}],"predecessor-version":[{"id":75637,"href":"https:\/\/litci.org\/pt\/wp-json\/wp\/v2\/posts\/75634\/revisions\/75637"}],"wp:featuredmedia":[{"embeddable":true,"href":"https:\/\/litci.org\/pt\/wp-json\/wp\/v2\/media\/75636"}],"wp:attachment":[{"href":"https:\/\/litci.org\/pt\/wp-json\/wp\/v2\/media?parent=75634"}],"wp:term":[{"taxonomy":"category","embeddable":true,"href":"https:\/\/litci.org\/pt\/wp-json\/wp\/v2\/categories?post=75634"},{"taxonomy":"post_tag","embeddable":true,"href":"https:\/\/litci.org\/pt\/wp-json\/wp\/v2\/tags?post=75634"}],"curies":[{"name":"wp","href":"https:\/\/api.w.org\/{rel}","templated":true}]}}