{"id":75229,"date":"2022-11-12T18:27:47","date_gmt":"2022-11-12T18:27:47","guid":{"rendered":"https:\/\/litci.org\/pt\/?p=75229"},"modified":"2022-11-12T18:44:24","modified_gmt":"2022-11-12T18:44:24","slug":"ira-sobre-a-rebeliao-contra-o-regime-dos-aiatolas","status":"publish","type":"post","link":"https:\/\/litci.org\/pt\/2022\/11\/12\/ira-sobre-a-rebeliao-contra-o-regime-dos-aiatolas\/","title":{"rendered":"Ir\u00e3| Sobre a rebeli\u00e3o contra o regime dos aiatol\u00e1s"},"content":{"rendered":"\n<p><em>H\u00e1 seis semanas eclodiu uma rebeli\u00e3o popular no Ir\u00e3 em resposta ao assassinato de uma jovem curda por um agente da chamada Pol\u00edcia da Moral. &nbsp;Seis semanas ap\u00f3s seu in\u00edcio, esta rebeli\u00e3o se mant\u00e9m e aponta contra o regime dos aiatol\u00e1s. Quais s\u00e3o suas perspectivas? Que programa n\u00f3s revolucion\u00e1rios devemos levantar nesta situa\u00e7\u00e3o?<\/em><\/p>\n\n\n\n<p>Por: Alejandro Iturbe<\/p>\n\n\n\n<p>Escrevemos este artigo conscientes da limita\u00e7\u00e3o que representa o fato da LIT-QI n\u00e3o ter uma organiza\u00e7\u00e3o nacional no Ir\u00e3 (embora mantenhamos contato com exilados iranianos no exterior). Por isso, seremos muito cuidadosos na formula\u00e7\u00e3o de caracteriza\u00e7\u00f5es e propostas, porque podem conter erros de aprecia\u00e7\u00e3o. Entretanto, ao mesmo tempo, contamos com o conhecimento de experi\u00eancias hist\u00f3ricas em situa\u00e7\u00f5es similares e tamb\u00e9m com o capital te\u00f3rico que o marxismo nos fornece para sua compreens\u00e3o.<\/p>\n\n\n\n<p><strong>Alguns dados sobre o pa\u00eds<\/strong><\/p>\n\n\n\n<p>O Ir\u00e3 moderno come\u00e7a a tomar forma no s\u00e9culo XIX e in\u00edcio do XX (quando ainda se chamava P\u00e9rsia). S\u00e9culos atr\u00e1s, as monarquias persas adotaram o ramo xiita do islamismo. O Ir\u00e3 atual \u00e9 o resultado, por um lado, da redu\u00e7\u00e3o de um Imp\u00e9rio regional que teve que ceder territ\u00f3rios que foram incorporados ao Imp\u00e9rio Russo depois da guerra russo-persa (1826-1828): a chamada Transcauc\u00e1sia. Por outro, do dom\u00ednio de cidades pelo Imp\u00e9rio Brit\u00e2nico. Era o caso de Herjat, que os persas quiseram recuperar na guerra anglo-persa (1856-1857) mas foram derrotados.<\/p>\n\n\n\n<p>A P\u00e9rsia chega ao s\u00e9culo XX como um pa\u00eds debilitado e submisso a essa dupla opress\u00e3o imperialista estrangeira. Em seu livro <em>O imperialismo, fase superior do capitalismo<\/em>, L\u00eanin define a P\u00e9rsia como um pa\u00eds semicolonial no sentido de que parte de seu territ\u00f3rio estava nas m\u00e3os de pot\u00eancias estrangeiras. No s\u00e9culo XX, esses desejos imperialistas come\u00e7aram a ter como centro as imensas riquezas petroleiras do pa\u00eds e, algumas d\u00e9cadas mais tarde, o imperialismo estadunidense entra como um fator central na equa\u00e7\u00e3o.<\/p>\n\n\n\n<p>Atualmente, o Ir\u00e3 possui uma superf\u00edcie de 1.650.000 km<sup>2<\/sup>&nbsp;e uma popula\u00e7\u00e3o superior a 85.000.000 habitantes. O eixo de sua economia continua sendo a extra\u00e7\u00e3o e a refina\u00e7\u00e3o do petr\u00f3leo (de produtos derivados tamb\u00e9m) e sua exporta\u00e7\u00e3o. Nesse marco, como resultado de v\u00e1rios processos durante o s\u00e9culo XX, produz uma ampla variedade de produtos industriais com tecnologia pr\u00f3pria, com v\u00e1rias f\u00e1bricas de autom\u00f3veis, tratores e maquin\u00e1rio em geral.<\/p>\n\n\n\n<p>Por essa mesma raz\u00e3o, existe um movimento oper\u00e1rio de peso social consider\u00e1vel.<\/p>\n\n\n\n<p>Ao mesmo tempo, parte importante da popula\u00e7\u00e3o vive de um setor prim\u00e1rio agropecu\u00e1rio autossuficiente. \u00c9 muito importante a cria\u00e7\u00e3o de ovinos, que produz l\u00e3 para a produ\u00e7\u00e3o dos famosos tapetes persas. Tem produ\u00e7\u00e3o de trigo, algod\u00e3o e tabaco. No setor comercial e de servi\u00e7os predominam as empresas privadas pequenas.<\/p>\n\n\n\n<p><strong>A revolu\u00e7\u00e3o de 1979<\/strong><\/p>\n\n\n\n<p>A hist\u00f3ria da P\u00e9rsia-Ir\u00e3 durante o s\u00e9culo XX encadeia diversas situa\u00e7\u00f5es nacionais no marco de grandes processos mundiais, como a I e a II Guerras Mundiais, e, na Segunda P\u00f3s-Guerra, a consolida\u00e7\u00e3o dos EUA como o imperialismo hegem\u00f4nico.<\/p>\n\n\n\n<p>Desde 1925, o regime iraniano se definia como uma \u201cmonarquia constitucional\u201d. No in\u00edcio da d\u00e9cada de 1950, o primeiro ministro <a href=\"https:\/\/es.wikipedia.org\/wiki\/Mohammad_Mosaddeq\" target=\"_blank\" rel=\"noreferrer noopener\">Mohammad Mosaddeq<\/a>&nbsp;pretende nacionalizar o petr\u00f3leo, at\u00e9 ent\u00e3o nas m\u00e3os de empresas estrangeiras (as \u201csete irm\u00e3s\u201d). Em resposta, os imperialismos estadunidense e brit\u00e2nico promovem um golpe de Estado que derruba o governo Mossaddeq.<\/p>\n\n\n\n<p>Instala-se um regime ditatorial mon\u00e1rquico liderado pelo X\u00e1 Reza Pahlevi. Este regime se transforma em um dos pilares da pol\u00edtica imperialista para dominar o Oriente M\u00e9dio (junto com o Estado de Israel e a petromonarquia saudita). Internamente, realiza uma dur\u00edssima repress\u00e3o contra seus opositores, fundamentalmente atrav\u00e9s da pol\u00edcia secreta (a SAVAK), encarcerando-os e obrigando-os ao ex\u00edlio, como o aiatol\u00e1 Ruhollah Khomeini, o mais importante l\u00edder religioso do Ir\u00e3 nessa \u00e9poca.<\/p>\n\n\n\n<p>O \u00f3dio ao regime do X\u00e1 vai se acumulando, explode e se desenvolve em 1978 e culmina em janeiro de 1979, quando o X\u00e1 se v\u00ea obrigado a fugir do pa\u00eds. Foi uma grande revolu\u00e7\u00e3o que derrubou a monarquia, desmantelou a SAVAK, e chegou a formar conselhos e milicias oper\u00e1rias e populares<a href=\"https:\/\/litci.org\/es\/iran-sobre-la-rebelion-contra-el-regimen-de-los-ayatolas\/#_ftn1\">[1]<\/a>.&nbsp;<\/p>\n\n\n\n<p><strong>A ditadura religiosa dos aiatol\u00e1s<\/strong><\/p>\n\n\n\n<p>Entretanto, essa grande revolu\u00e7\u00e3o tinha uma enorme debilidade: a aus\u00eancia de uma dire\u00e7\u00e3o revolucion\u00e1ria organizada que, conscientemente, impulsionasse a revolu\u00e7\u00e3o para a tomada do poder pela classe oper\u00e1ria, como o Partido Bolchevique de L\u00eanin e Trotsky fez em 1917, na R\u00fassia, depois da derrubada do czarismo.<\/p>\n\n\n\n<p>Essa grande debilidade foi aproveitada pelo clero xiita e pela burguesia iraniana opositora ao X\u00e1 (a chamada \u201cburguesia do Bazar\u201d) para primeiro, conter e frear a revolu\u00e7\u00e3o e, depois, derrot\u00e1-la. O aiatol\u00e1 Khomeini voltou do ex\u00edlio, reagrupou o clero xiita e usou sua influ\u00eancia religiosa para criar uma poderosa for\u00e7a militante pr\u00f3pria. Os conselhos oper\u00e1rios e populares foram substitu\u00eddos pelos \u201cconselhos isl\u00e2micos\u201d e as mil\u00edcias criadas na luta contra o X\u00e1, acabaram se transformando em \u201cGuardi\u00f5es da Revolu\u00e7\u00e3o\u201d, a servi\u00e7o da pol\u00edtica de Khomeini.<\/p>\n\n\n\n<p><em>Como disse Soraya Misleh em um artigo recente, a revolu\u00e7\u00e3o \u201cacabou por ser sequestrada por uma dire\u00e7\u00e3o burguesa representada pelo aiatol\u00e1 Khomeini, que nem sequer seria capaz, pelos seus interesses de classe, de realizar at\u00e9 o fim as tarefas democr\u00e1ticas. Ao contr\u00e1rio, a oposi\u00e7\u00e3o foi destru\u00edda por uma contrarrevolu\u00e7\u00e3o\u201d<a href=\"https:\/\/litci.org\/es\/iran-sobre-la-rebelion-contra-el-regimen-de-los-ayatolas\/#_ftn2\"><strong>[2]<\/strong><\/a><\/em><\/p>\n\n\n\n<p>O resultado desse processo foi a forma\u00e7\u00e3o de uma \u201cditadura religiosa\u201d na qual a principal institui\u00e7\u00e3o \u00e9 o alto clero xiita e, em especial, seu l\u00edder religioso. Tal como disse o artigo rec\u00e9m citado, esse regime n\u00e3o resolveu nenhuma das tarefas democr\u00e1ticas que a revolu\u00e7\u00e3o havia expressado. Na realidade, como veremos nesse mesmo material, em muitos casos, agravou ainda mais a situa\u00e7\u00e3o.<\/p>\n\n\n\n<p>Nesse marco, antes de analisar essas tarefas pendentes que explodem na rebeli\u00e3o atual, achamos necess\u00e1rio fazer uma considera\u00e7\u00e3o. O regime dos aiatol\u00e1s \u00e9 o resultado altamente contradit\u00f3rio de um processo que come\u00e7ou com uma revolu\u00e7\u00e3o que teve como um de seus eixos a luta contra o imperialismo estadunidense.<\/p>\n\n\n\n<p>Esta g\u00eanese faz com que este regime tenha uma autonomia pol\u00edtica relativa frente ao imperialismo, que n\u00e3o seja um regime servil que se limita a acatar ordens, e que tenha aspira\u00e7\u00f5es de transformar o Ir\u00e3 em uma pot\u00eancia regional. Por exemplo, nacionalizou a totalidade da extra\u00e7\u00e3o, refina\u00e7\u00e3o e exporta\u00e7\u00e3o do petr\u00f3leo, e a empresa estatal NIOC (National Iranian Oil Company) passou a ter o controle monop\u00f3lico do setor no pa\u00eds. Usou a fundo esse perfil para justificar a instala\u00e7\u00e3o da ditadura, apresentando-a como um basti\u00e3o anti-imperialista do islamismo que lutava duramente contra os EUA.<\/p>\n\n\n\n<p>Desde 1979, o imperialismo estadunidense tem \u201ccontas pendentes\u201d com a revolu\u00e7\u00e3o e, em alguns aspectos, as transfere ao regime dos aiatol\u00e1s. Por isso, em 1980, incentiva o regime iraquiano de Saddam Hussein a invadir regi\u00f5es do Ir\u00e3, dando in\u00edcio a uma longa guerra entre os dois pa\u00edses. Ao mesmo tempo em que se defendia, o regime dos aiatol\u00e1s usava esta guerra para consolidar sua ditadura.<\/p>\n\n\n\n<p>Por outro lado, por mais de quinze anos, o imperialismo imp\u00f4s san\u00e7\u00f5es econ\u00f4micas contra o programa de desenvolvimento nuclear independente que o Ir\u00e3 realizava <a href=\"https:\/\/litci.org\/es\/iran-sobre-la-rebelion-contra-el-regimen-de-los-ayatolas\/#_ftn3\">[3]<\/a>. Em diversos artigos repudiamos e chamamos a combater estas san\u00e7\u00f5es, e defendemos o direito de uma na\u00e7\u00e3o mais d\u00e9bil de desenvolver sua pr\u00f3pria tecnologia nuclear <a href=\"https:\/\/litci.org\/es\/iran-sobre-la-rebelion-contra-el-regimen-de-los-ayatolas\/#_ftn4\">[4]<\/a>. Em 2019, o governo de Trump havia ordenado um ataque a tr\u00eas bases militares iranianas, mas retrocedeu e mudou a a\u00e7\u00e3o para um ataque com drones que causou a morte de um general iraniano. A LIT-QI tamb\u00e9m repudiou esta agress\u00e3o imperialista<a href=\"https:\/\/litci.org\/es\/iran-sobre-la-rebelion-contra-el-regimen-de-los-ayatolas\/#_ftn5\">[5]<\/a>.<\/p>\n\n\n\n<p>Dissemos que repudiamos san\u00e7\u00f5es econ\u00f4micas do imperialismo contra o Ir\u00e3. \u00c9 ineg\u00e1vel que elas afetam negativamente a economia iraniana e, em \u00faltima inst\u00e2ncia, s\u00e3o sofridas pelo seu povo. Como diz o recente artigo de Florence Oppen:&nbsp;<em>\u201cEstas san\u00e7\u00f5es devem ser condenadas; n\u00e3o prejudicaram o regime nem a elite econ\u00f4mica do Ir\u00e3, que n\u00e3o fez mais do que se enriquecer, mas s\u00f3 prejudicou os iranianos comuns\u201d<a href=\"https:\/\/litci.org\/es\/iran-sobre-la-rebelion-contra-el-regimen-de-los-ayatolas\/#_ftn6\"><strong>[6]<\/strong><\/a><\/em>.<\/p>\n\n\n\n<p>Ao mesmo tempo, <em>\u201co opressivo regime iraniano usa as san\u00e7\u00f5es como desculpa para desviar a aten\u00e7\u00e3o de sua pr\u00f3pria responsabilidade na crise econ\u00f4mica\u201d.<\/em> Em seguida, nos referiremos \u00e0s suas pol\u00edticas de ajuste e privatiza\u00e7\u00f5es e sua busca de investimentos imperialistas. Da mesma forma, estas san\u00e7\u00f5es n\u00e3o podem ser usadas como desculpa para sua pol\u00edtica de repress\u00e3o \u00e0s nacionalidades oprimidas, \u00e0s mulheres e aos homossexuais.<\/p>\n\n\n\n<p>Por outro lado, sua pol\u00edtica se enfrenta cada vez menos ao imperialismo. Pelo contr\u00e1rio, h\u00e1 v\u00e1rias d\u00e9cadas busca ser aceito pelas pot\u00eancias imperialistas e ter \u201cum lugar \u00e0 mesa\u201d internacional, subsidi\u00e1rio e de colabora\u00e7\u00e3o. Por exemplo, depois da invas\u00e3o e ocupa\u00e7\u00e3o militar ordenada pelo governo de George Bush Jr. e a coaliz\u00e3o com os pa\u00edses imperialistas europeus que derrubaram o regime iraquiano de Saddam Hussein (2003), houve uma tentativa de instalar um governo t\u00edtere liderado por um homem de origem iraquiana, ligado \u00e0 CIA. Esta tentativa fracassou: a situa\u00e7\u00e3o derivou para uma guerra de resist\u00eancia nacional \u00e0 ocupa\u00e7\u00e3o e \u00e0 din\u00e2mica de fratura do pa\u00eds em tr\u00eas regi\u00f5es, sob o dom\u00ednio de xiitas, sunitas e curdos. Nesse marco, o regime dos aiatol\u00e1s fez um pacto de fato com o governo de Bush e ajudou a instalar governos \u201ccentrais\u201d em Bagd\u00e1 (na zona de predom\u00ednio xiita). No terreno do desenvolvimento de seu projeto nuclear, sob o governo de Barack Obama, o regime iraniano acabou aceitando as exig\u00eancias imperialistas (controle e supervis\u00e3o externa), e aprofundou a pol\u00edtica comum em rela\u00e7\u00e3o ao Iraque<a href=\"https:\/\/litci.org\/es\/iran-sobre-la-rebelion-contra-el-regimen-de-los-ayatolas\/#_ftn7\">[7]<\/a>.<\/p>\n\n\n\n<p>Menos conhecido \u00e9 o fato de que, h\u00e1 v\u00e1rios anos, vem desenvolvendo uma pol\u00edtica de privatiza\u00e7\u00f5es das grandes empresas estatais e a busca de investimentos imperialistas<a href=\"https:\/\/litci.org\/es\/iran-sobre-la-rebelion-contra-el-regimen-de-los-ayatolas\/#_ftn8\">[8]<\/a>. Uma \u201cabertura\u201d ao imperialismo que n\u00e3o podia estar ausente no setor petroleiro, que s\u00f3 nos primeiros tr\u00eas meses do ano fiscal de 2013 registrava um aumento de 300 milh\u00f5es de d\u00f3lares<a href=\"https:\/\/litci.org\/es\/iran-sobre-la-rebelion-contra-el-regimen-de-los-ayatolas\/#_ftn9\">[9]<\/a>. Uma pol\u00edtica que continuou nos anos seguintes:<em> \u201cO governo iraniano que o moderado Hasan Rohani preside, aprovou um novo modelo de contratos para a ind\u00fastria petroleira desenhado para atrair investidores estrangeiros, que estar\u00e1 aberto a empresas de todo o mundo, inclu\u00eddas as dos EUA\u201d<\/em><a href=\"https:\/\/litci.org\/es\/iran-sobre-la-rebelion-contra-el-regimen-de-los-ayatolas\/#_ftn10\">[10]<\/a>.<\/p>\n\n\n\n<p><strong>A fa\u00edsca da rebeli\u00e3o\u2026<\/strong><\/p>\n\n\n\n<p>Na rebeli\u00e3o atual os diferentes componentes que geraram a luta contra o regime dos aiatol\u00e1s se expressam com for\u00e7a crescente. Em primeiro lugar, a opress\u00e3o \u00e0s mulheres, obrigadas por lei a usar o v\u00e9u isl\u00e2mico (<em>hijab<\/em>) e tratadas como cidad\u00e3s de segunda classe. As rela\u00e7\u00f5es homossexuais est\u00e3o totalmente proibidas e s\u00e3o castigadas com a pena de norte. Existe no pa\u00eds uma Patrulha de Orienta\u00e7\u00e3o do Estado (Pol\u00edcia da Moral) encarregada de fazer cumprir estas leis e com direito de prender e reprimir aqueles que a transgridam.<\/p>\n\n\n\n<p>A rebeli\u00e3o atual eclode justamente pela rea\u00e7\u00e3o frente ao assassinato da mulher curda iraniana Mahsa Amini, cometido por um agente da Pol\u00edcia da Moral, por n\u00e3o usar corretamente o <em>hijab<\/em>, em 16 de setembro passado. Ao mesmo tempo, as viola\u00e7\u00f5es s\u00e3o comuns no Ir\u00e3, em particular contra jovens curdas. Em 2009 tamb\u00e9m houve uma forte rea\u00e7\u00e3o popular ao suic\u00eddio de Farinaz Josrawani, depois de ser violada por um guarda de seguran\u00e7a no hotel onde trabalhava [11]. Ent\u00e3o, n\u00e3o \u00e9 por acaso que sejam as jovens mulheres que iniciam esta rebeli\u00e3o.<\/p>\n\n\n\n<p><strong>\u2026 inicia um inc\u00eandio<\/strong><\/p>\n\n\n\n<p>Essa luta atua como uma fa\u00edsca que se acende rapidamente. Nas mobiliza\u00e7\u00f5es s\u00e3o acompanhadas e apoiadas por muitos homens, especialmente jovens: s\u00e3o seus irm\u00e3os, amigos, colegas de estudo ou de trabalho [12]. Um v\u00eddeo difundido pela rede mostra que <em>\u00abEstudantxs da Universidad de Hormozgan,uma das regi\u00f5es mais conservadoras do Ir\u00e3, derrubam a parede divis\u00f3ria que segrega homens e mulheres na cafeteria da faculdade, ao grito de \u2018liberdade\u2019\u00bb<\/em> <a href=\"https:\/\/litci.org\/es\/iran-sobre-la-rebelion-contra-el-regimen-de-los-ayatolas\/#_ftn13\">[13]<\/a>. \u00c9 a resposta dessa juventude, farta de suportar esse regime opressivo.<\/p>\n\n\n\n<p>A luta das nacionalidades oprimidas pela maioria persa tamb\u00e9m se incendeia, resultado do processo de forma\u00e7\u00e3o do pa\u00eds. Em especial, a dos curdos [14] (lembremos que a jovem assassinada era dessa nacionalidade). No pa\u00eds vivem 10.000.000 de curdos, que s\u00e3o discriminados e tratados como cidad\u00e3os de segunda classe: vivem nas regi\u00f5es mais pobres do Ir\u00e3. Em 2019, representavam a metade dos presos detidos por delitos \u201ccontra a seguran\u00e7a nacional\u201d, condenados a penas desproporcionais, e n\u00e3o podem ensinar sua l\u00edngua em suas escolas. Finalmente, como j\u00e1 vimos, muitos policiais e guardas de seguran\u00e7a persas consideram ter o \u201cdireito\u201d de violar as jovens curdas. O povo curdo desenvolveu uma luta hist\u00f3rica contra essa opress\u00e3o: por exemplo, em 1946, foi dentro das fronteiras do Ir\u00e3 que foi declarada a constitui\u00e7\u00e3o do primeiro Estado curdo independente (a Rep\u00fablica de Mahabad), rapidamente esmagada de modo sangrento pelo ex\u00e9rcito iraniano.<\/p>\n\n\n\n<p>A luta se estende tamb\u00e9m aos trabalhadores: o Conselho de Organiza\u00e7\u00e3o dos Protestos dos Trabalhadores Petroleiros Contratados fez uma clara advert\u00eancia ao governo: <em>\u201capoiamos as lutas do povo contra a viol\u00eancia organizada e cotidiana contra as mulheres e contra a pobreza e o inferno que domina a sociedade\u201d,<\/em> e amea\u00e7ou com uma greve [15]. O Conselho de Coordena\u00e7\u00e3o do Sindicato de Educadores do Ir\u00e3 apoiou as manifesta\u00e7\u00f5es iniciais convocando uma greve de dois dias. Declararam que <em>\u201cos professores, que protagonizaram uma onda de greves e protestos desde dezembro passado, escreveram que o levante demonstra que o \u2018Ir\u00e3 continua vivo e ativo, e n\u00e3o se dobra ante a opress\u00e3o\u2019\u201d <a href=\"https:\/\/litci.org\/es\/iran-sobre-la-rebelion-contra-el-regimen-de-los-ayatolas\/#_ftn16\"><strong>[16]<\/strong><\/a><\/em>.<\/p>\n\n\n\n<p>Dissemos que existe uma importante classe trabalhadora no Ir\u00e3, que sofre crescentemente os ataques do regime e seus planos de privatiza\u00e7\u00e3o e ajustes. Deve enfrent\u00e1-los em condi\u00e7\u00f5es muito dif\u00edceis, j\u00e1 que a legisla\u00e7\u00e3o pro\u00edbe a exist\u00eancia de sindicatos legais. O que existe s\u00e3o os <em>\u201cconselhos sindicais isl\u00e2micos\u201d, organismos tripartites nos quais a \u201crepresenta\u00e7\u00e3o\u201d oper\u00e1ria \u00e9 exercida por pessoas selecionadas \u201cem fun\u00e7\u00e3o de suas lealdades e suas filia\u00e7\u00f5es religiosas ao Governo\u201d.<\/em> As pris\u00f5es e deten\u00e7\u00f5es daqueles que querem criar uma estrutura sindical independente s\u00e3o habituais, assim como as torturas e a falta de atendimento m\u00e9dico aos detidos <a href=\"https:\/\/litci.org\/es\/iran-sobre-la-rebelion-contra-el-regimen-de-los-ayatolas\/#_ftn17\">[17]<\/a>. Apesar dessas dur\u00edssimas condi\u00e7\u00f5es, nos \u00faltimos anos houve numerosas ondas de greves muito combativas &nbsp;<a href=\"https:\/\/litci.org\/es\/iran-sobre-la-rebelion-contra-el-regimen-de-los-ayatolas\/#_ftn18\">[18]<\/a>.<\/p>\n\n\n\n<p><strong>A repress\u00e3o n\u00e3o quebra o movimento<\/strong><\/p>\n\n\n\n<p>Como em cada ocasi\u00e3o semelhante no passado, o regime respondeu com uma dur\u00edssima repress\u00e3o. V\u00e1rias semanas atr\u00e1s, se registravam mais de 1.200 deten\u00e7\u00f5es (que seriam submetidas a julgamentos sum\u00e1rios) e, pelo menos, 154 pessoas mortas. O n\u00famero certamente j\u00e1 \u00e9 muito maior. Al\u00e9m disso, novamente se utiliza o repugnante m\u00e9todo da viola\u00e7\u00e3o em cativeiro de jovens detidas, por parte dos agentes da pol\u00edcia <a href=\"https:\/\/litci.org\/es\/iran-sobre-la-rebelion-contra-el-regimen-de-los-ayatolas\/#_ftn19\">[19]<\/a>.<\/p>\n\n\n\n<p>Entretanto, todas informa\u00e7\u00f5es que recebemos \u00e9 que esta dur\u00edssima repress\u00e3o n\u00e3o consegue quebrar o movimento. Pelo contr\u00e1rio, parece fortalecer-se e estender-se (inclusive para setores de comerciantes e pequenos propriet\u00e1rios), tanto pelo rep\u00fadio contra a repress\u00e3o como pela acumula\u00e7\u00e3o da raiva nos trabalhadores e nas massas por d\u00e9cadas de opress\u00f5es e explora\u00e7\u00e3o crescentes.<\/p>\n\n\n\n<p>Nesse contexto, o processo de lutas tende a se unificar e a se dirigir cada vez mais, conscientemente, contra o regime dos aiatol\u00e1s em seu conjunto e por sua derrocada. Como o artigo de Florence Oppen destaca:<em>\u201cos manifestantes gritam \u2018Morte ao ditador\u2019 e\u2026 \u2018este \u00e9 o ano em que a casa de Sayyid Ali Jameini ser\u00e1 destru\u00edda\u2019\u201d<a href=\"https:\/\/litci.org\/es\/iran-sobre-la-rebelion-contra-el-regimen-de-los-ayatolas\/#_ftn20\"><strong>[20]<\/strong><\/a><\/em>.<\/p>\n\n\n\n<p>Se esta din\u00e2mica de luta provoca e se combina com um debilitamento deste regime, assim como fendas e divis\u00f5es na burguesia iraniana que o respalda, se entraria plenamente em uma situa\u00e7\u00e3o revolucion\u00e1ria no pa\u00eds, segundo os cl\u00e1ssicos crit\u00e9rios analisados por L\u00eanin em 1915<a href=\"https:\/\/litci.org\/es\/iran-sobre-la-rebelion-contra-el-regimen-de-los-ayatolas\/#_ftn21\">[21]<\/a>.<\/p>\n\n\n\n<p><strong>Uma proposta de tarefas<\/strong><\/p>\n\n\n\n<p>Dissemos que estamos conscientes da limita\u00e7\u00e3o que representa o fato de que a LIT-QI n\u00e3o tenha uma organiza\u00e7\u00e3o nacional no Ir\u00e3, por\u00e9m que, ao mesmo tempo, podemos usar o conhecimento de experi\u00eancias hist\u00f3ricas em situa\u00e7\u00f5es semelhantes e o capital te\u00f3rico que o marxismo nos oferece para sua compreens\u00e3o. Isso \u00e9 v\u00e1lido para uma proposta provis\u00f3ria de tarefas que fazemos frente a estas lutas no Ir\u00e3.<\/p>\n\n\n\n<p>Tal como o artigo de Soraya Misleh destaca, s\u00f3 \u00e9 poss\u00edvel fazer esta proposta no marco da compreens\u00e3o da din\u00e2mica da revolu\u00e7\u00e3o permanente formulada por Trotsky<a href=\"https:\/\/litci.org\/es\/iran-sobre-la-rebelion-contra-el-regimen-de-los-ayatolas\/#_ftn22\">[22]<\/a>. Ou seja, um processo de lutas que se inicia com a combina\u00e7\u00e3o, por um lado, das reivindica\u00e7\u00f5es democr\u00e1ticas n\u00e3o resolvidas, como elei\u00e7\u00f5es livres e as opress\u00f5es nacionais e sobre a mulher. E, por outro, pelas reivindica\u00e7\u00f5es da classe oper\u00e1ria, como a defesa dos sal\u00e1rios ou da liberdade de organiza\u00e7\u00e3o de sindicatos e greves.<\/p>\n\n\n\n<p>Em um primeiro momento, essas reivindica\u00e7\u00f5es se unificam em torno de um eixo central: Abaixo a ditadura dos aiatol\u00e1s! E pela sua derrocada. Para conseguir avan\u00e7ar neste primeiro objetivo, a experi\u00eancia hist\u00f3rica mostra a import\u00e2ncia que os trabalhadores e as massas t\u00eam para construir n\u00facleos de organiza\u00e7\u00e3o e luta nas f\u00e1bricas, bairros, escolas e universidades, e que esses n\u00facleos se coordenem em comandos regionais e em um nacional, com representa\u00e7\u00e3o democr\u00e1tica.<\/p>\n\n\n\n<p>Tamb\u00e9m, a import\u00e2ncia de organizar-se para enfrentar a repress\u00e3o, tal como ficou evidente nas \u201cprimeiras linhas\u201d das mobiliza\u00e7\u00f5es no Chile e em outros pa\u00edses, e realizar um trabalho sobre a base das for\u00e7as repressivas para desmoraliz\u00e1-las e quebr\u00e1-las. uma alternativa imediata de poder para a derrocada do regime poderia ser a convoca\u00e7\u00e3o de uma Assembleia Constituinte Soberana, eleita democraticamente, que redija e execute uma nova constitui\u00e7\u00e3o que resolva todos esses problemas pendentes.<\/p>\n\n\n\n<p>A derrubada do regime ditatorial dos aiatol\u00e1s significaria uma grande vit\u00f3ria dos trabalhadores e das massas, que os colocaria abertamente em uma situa\u00e7\u00e3o de ofensiva na luta de classes. Entretanto, o processo revolucion\u00e1rio n\u00e3o pode terminar a\u00ed, porque, enquanto a burguesia mantiver seu poder econ\u00f4mico e seu controle no aparato do Estado (enquanto o Ir\u00e3 continuar sendo um pa\u00eds capitalista semicolonial) buscar\u00e1 erodir essas conquistas democr\u00e1ticas e, essencialmente, manter a explora\u00e7\u00e3o dos trabalhadores e a entrega do pa\u00eds ao imperialismo. Por isso, \u00e9 necess\u00e1rio que o processo avance para um est\u00e1gio superior: a tomada de poder pelos trabalhadores e pelas massas para iniciar a transi\u00e7\u00e3o ao socialismo.<\/p>\n\n\n\n<p>No marco de promover ativamente este processo, como trotskistas sustentamos que, como surge da experi\u00eancia hist\u00f3rica, te\u00f3rica e program\u00e1tica da Revolu\u00e7\u00e3o Russa de 1917, \u00e9 necess\u00e1ria a constru\u00e7\u00e3o de um partido revolucion\u00e1rio que impulsione consciente e consequentemente a luta at\u00e9 o final, ou seja, para a tomada do poder e a constru\u00e7\u00e3o de um novo tipo de Estado. A partir da LIT-QI nos colocamos a servi\u00e7o dessas tarefas.<\/p>\n\n\n\n<hr class=\"wp-block-separator has-alpha-channel-opacity\"\/>\n\n\n\n<p><a href=\"https:\/\/litci.org\/es\/iran-sobre-la-rebelion-contra-el-regimen-de-los-ayatolas\/#_ftnref1\">[1]<\/a> https:\/\/litci.org\/pt\/2022\/11\/04\/ira-as-licoes-da-revolucao-de-fevereiro-1980\/<\/p>\n\n\n\n<p><a href=\"https:\/\/litci.org\/es\/iran-sobre-la-rebelion-contra-el-regimen-de-los-ayatolas\/#_ftnref2\">[2]<\/a>&nbsp;https:\/\/litci.org\/pt\/2022\/10\/27\/protestos-no-ira-e-licoes-de-uma-revolucao-interrompida\/<\/p>\n\n\n\n<p><a href=\"https:\/\/litci.org\/es\/iran-sobre-la-rebelion-contra-el-regimen-de-los-ayatolas\/#_ftnref3\">[3]<\/a>&nbsp;<a href=\"https:\/\/www.eldiario.es\/canariasahora\/internacional\/onu-sanciones-iran-programa-nuclear_1_4865465.html\" target=\"_blank\" rel=\"noreferrer noopener\">La ONU impone sanciones a Ir\u00e1n por su programa nuclear (eldiario.es)<\/a><\/p>\n\n\n\n<p><a href=\"https:\/\/litci.org\/es\/iran-sobre-la-rebelion-contra-el-regimen-de-los-ayatolas\/#_ftnref4\">[4]<\/a>&nbsp;https:\/\/litci.org\/pt\/2011\/12\/22\/cresce-a-tensao-entre-o-ira-e-o-imperialismo\/<\/p>\n\n\n\n<p><a href=\"https:\/\/litci.org\/es\/iran-sobre-la-rebelion-contra-el-regimen-de-los-ayatolas\/#_ftnref5\">[5]<\/a>&nbsp;<a href=\"https:\/\/litci.org\/pt\/2020\/01\/04\/repudiamos-o-ataque-dos-eeuu-e-o-assassinato-do-general-iraniano\/\">https:\/\/litci.org\/pt\/2020\/01\/04\/repudiamos-o-ataque-dos-eeuu-e-o-assassinato-do-general-iraniano\/<\/a><\/p>\n\n\n\n<p><a href=\"https:\/\/litci.org\/es\/iran-sobre-la-rebelion-contra-el-regimen-de-los-ayatolas\/#_ftnref6\">[6]<\/a>&nbsp;https:\/\/litci.org\/pt\/2022\/10\/12\/as-mobilizacoes-no-ira-continuam-crescendo-e-apontam-contra-o-regime\/<\/p>\n\n\n\n<p><a href=\"https:\/\/litci.org\/es\/iran-sobre-la-rebelion-contra-el-regimen-de-los-ayatolas\/#_ftnref7\">[7]<\/a>&nbsp;Ver:&nbsp;<a href=\"https:\/\/www.bbc.com\/mundo\/noticias\/2014\/06\/140616_irak_isis_eeuu_iran_mz\" target=\"_blank\" rel=\"noreferrer noopener\">\u00bfUna inesperada alianza entre EE.UU. e Ir\u00e1n por Irak? \u2013 BBC News Mundo<\/a>&nbsp;y&nbsp;<a href=\"https:\/\/litci.org\/es\/acuerdo-iran-estados-unidos\/\">Acuerdo Ir\u00e1n-Estados Unidos \u2013 Liga Internacional de los Trabajadores (litci.org)<\/a><\/p>\n\n\n\n<p><a href=\"https:\/\/litci.org\/es\/iran-sobre-la-rebelion-contra-el-regimen-de-los-ayatolas\/#_ftnref8\">[8]<\/a>&nbsp;<a href=\"https:\/\/www.ourmidland.com\/news\/article\/Ir-n-busca-inversi-n-extranjera-por-45-000-6938805.php\" target=\"_blank\" rel=\"noreferrer noopener\">Ir\u00e1n busca inversi\u00f3n extranjera por 45.000 millones (ourmidland.com)<\/a><\/p>\n\n\n\n<p><a href=\"https:\/\/litci.org\/es\/iran-sobre-la-rebelion-contra-el-regimen-de-los-ayatolas\/#_ftnref9\">[9]<\/a>&nbsp;<a href=\"https:\/\/www.hispantv.com\/noticias\/economia\/130592\/compania-irani-aumenta-en-$-300-millones-inversion-extranjera#:~:text=La%20Compa%C3%B1%C3%ADa%20de%20Ingenier%C3%ADa%20y%20Desarrollo%20del%20Petr%C3%B3leo,calendario%20persa%2C%20que%20comenz%C3%B3%20en%20marzo%20de%202013.\" target=\"_blank\" rel=\"noreferrer noopener\">Compa\u00f1\u00eda iran\u00ed aumenta en $ 300 millones inversi\u00f3n extranjera | HISPANTV<\/a><\/p>\n\n\n\n<p><a href=\"https:\/\/litci.org\/es\/iran-sobre-la-rebelion-contra-el-regimen-de-los-ayatolas\/#_ftnref10\">[10]<\/a>&nbsp;<a href=\"https:\/\/elperiodicodelaenergia.com\/iran-aprueba-un-nuevo-contrato-petrolero-para-atraer-a-inversores-extranjeros\/\" target=\"_blank\" rel=\"noreferrer noopener\">Ir\u00e1n aprueba un nuevo contrato petrolero para atraer a inversores extranjeros- El Peri\u00f3dico de la Energ\u00eda (elperiodicodelaenergia.com)<\/a><\/p>\n\n\n\n<p><a href=\"https:\/\/litci.org\/es\/iran-sobre-la-rebelion-contra-el-regimen-de-los-ayatolas\/#_ftnref11\">[11]<\/a>&nbsp;<a href=\"http:\/\/elmed.io\/violaciones-y-torturas-armas-politicas-en-iran\/\" target=\"_blank\" rel=\"noreferrer noopener\">Violaciones y torturas, armas pol\u00edticas en Ir\u00e1n (elmed.io)<\/a><\/p>\n\n\n\n<p><a href=\"https:\/\/litci.org\/es\/iran-sobre-la-rebelion-contra-el-regimen-de-los-ayatolas\/#_ftnref12\">[12]<\/a>&nbsp;<a href=\"https:\/\/www.bbc.com\/mundo\/noticias-internacional-63412563\" target=\"_blank\" rel=\"noreferrer noopener\">Las impactantes im\u00e1genes que muestran la escalada de furia y protestas en Ir\u00e1n a 40 d\u00edas de la muerte de Mahsa Amini \u2013 BBC News Mundo<\/a><\/p>\n\n\n\n<p><a href=\"https:\/\/litci.org\/es\/iran-sobre-la-rebelion-contra-el-regimen-de-los-ayatolas\/#_ftnref13\">[13]<\/a>&nbsp;<a href=\"https:\/\/videos.elmundo.es\/v\/0_ywwtrn4e-los-estudiantes-derriban-la-pared-que-dividia-a-hombres-y-mujeres-en-una-universidad-de-iran?count=0\" target=\"_blank\" rel=\"noreferrer noopener\">Los estudiantes derriban la pared que divid\u00eda a hombres y mujeres en una universidad de Ir\u00e1n \u2013 ELMUNDOTV<\/a><\/p>\n\n\n\n<p><a href=\"https:\/\/litci.org\/es\/iran-sobre-la-rebelion-contra-el-regimen-de-los-ayatolas\/#_ftnref14\">[14]<\/a>&nbsp; Para quem tenha interesse em aprofundar a quest\u00e3o do povo curdo, recomendamos ler, entre outros artigos publicados neste site:&nbsp;<a href=\"https:\/\/litci.org\/es\/por-que-defendemos-el-derecho-de-los-kurdos-a-tener-su-propio-estado\/\">\u00bfPor qu\u00e9 defendemos el derecho de los kurdos a tener su propio Estado? \u2013 Liga Internacional de los Trabajadores (litci.org)<\/a><\/p>\n\n\n\n<p><a href=\"https:\/\/litci.org\/es\/iran-sobre-la-rebelion-contra-el-regimen-de-los-ayatolas\/#_ftnref15\">[15]<\/a>&nbsp;<a href=\"https:\/\/www.rferl.org\/a\/iran-oil-workers-threaten-strike-crackdown-amini\/32054705.html\" target=\"_blank\" rel=\"noreferrer noopener\">https:\/\/www.rferl.org\/a\/iran-oil-workers-threaten-strike-crackdown-amini\/32054705.html<\/a><\/p>\n\n\n\n<p><a href=\"https:\/\/litci.org\/es\/iran-sobre-la-rebelion-contra-el-regimen-de-los-ayatolas\/#_ftnref16\">[16]<\/a>&nbsp;<a href=\"https:\/\/litci.org\/pt\/2022\/09\/24\/mulheres-vida-liberdade-os-protestos-no-ira-como-parte-de-um-movimento-mais-amplo-para-a-justica-de-genero-social-e-economica\/\">https:\/\/litci.org\/pt\/2022\/09\/24\/mulheres-vida-liberdade-os-protestos-no-ira-como-parte-de-um-movimento-mais-amplo-para-a-justica-de-genero-social-e-economica\/<\/a><\/p>\n\n\n\n<p><a href=\"https:\/\/litci.org\/es\/iran-sobre-la-rebelion-contra-el-regimen-de-los-ayatolas\/#_ftnref17\">[17]<\/a>&nbsp;<a href=\"https:\/\/www.industriall-union.org\/es\/hablemos-de-los-sindicatos-en-iran\" target=\"_blank\" rel=\"noreferrer noopener\">Hablemos de los sindicatos en Ir\u00e1n | IndustriALL (industriall-union.org)<\/a><\/p>\n\n\n\n<p><a href=\"https:\/\/litci.org\/es\/iran-sobre-la-rebelion-contra-el-regimen-de-los-ayatolas\/#_ftnref18\">[18]<\/a>&nbsp;Ver, por exemplo:&nbsp;https:\/\/litci.org\/pt\/2020\/08\/31\/o-verao-quente-das-lutas-operarias-no-ira\/<\/p>\n\n\n\n<p><a href=\"https:\/\/litci.org\/es\/iran-sobre-la-rebelion-contra-el-regimen-de-los-ayatolas\/#_ftnref19\">[19]<\/a>&nbsp;<a href=\"https:\/\/www.20minutos.es\/noticia\/5068850\/0\/nuevo-escandalo-en-iran-tras-la-detencion-de-una-mujer-investigan-la-violacion-de-un-policia-a-una-arrestada\/\" target=\"_blank\" rel=\"noreferrer noopener\">Nuevo esc\u00e1ndalo en Ir\u00e1n tras la detenci\u00f3n de una mujer: investigan la violaci\u00f3n de un polic\u00eda a una arrestada (20minutos.es)<\/a><strong>&nbsp;&nbsp;<\/strong><\/p>\n\n\n\n<p><a href=\"https:\/\/litci.org\/es\/iran-sobre-la-rebelion-contra-el-regimen-de-los-ayatolas\/#_ftnref20\">[20]<\/a>&nbsp;<a href=\"https:\/\/www.reuters.com\/world\/middle-east\/irans-nationwide-protests-pile-pressure-state-2022-09-28\/\" target=\"_blank\" rel=\"noreferrer noopener\">https:\/\/www.reuters.com\/world\/middle-east\/irans-nationwide-protests-pile-pressure-state-2022-09-28\/<\/a><\/p>\n\n\n\n<p><a href=\"https:\/\/litci.org\/es\/iran-sobre-la-rebelion-contra-el-regimen-de-los-ayatolas\/#_ftnref21\">[21]<\/a>&nbsp;<a href=\"https:\/\/www.studocu.com\/es-ar\/document\/universidad-de-buenos-aires\/historia-social-general\/lenin-situacion-revolucionaria-extractos\/17379833\" target=\"_blank\" rel=\"noreferrer noopener\">Lenin \u2013 Situaci\u00f3n Revolucionaria \u2013 extractos \u2013 V. I. Lenin La bancarrota de la II Internacional \u2013 StuDocu<\/a><\/p>\n\n\n\n<p><a href=\"https:\/\/litci.org\/es\/iran-sobre-la-rebelion-contra-el-regimen-de-los-ayatolas\/#_ftnref22\">[22]<\/a>&nbsp;Ver, entre numerosas vers\u00f5es:&nbsp;<a href=\"https:\/\/www.marxists.org\/espanol\/trotsky\/revperm\/index.htm\" target=\"_blank\" rel=\"noreferrer noopener\">Leon Trotsky (1929): La revoluci\u00f3n permanente. (marxists.org)<\/a><\/p>\n\n\n\n<p>Tradu\u00e7\u00e3o: Lilian Enck<\/p>\n\n\n\n<h3 class=\"wp-block-heading\"><\/h3>\n","protected":false},"excerpt":{"rendered":"<p>H\u00e1 seis semanas eclodiu uma rebeli\u00e3o popular no Ir\u00e3 em resposta ao assassinato de uma jovem curda por um agente da chamada Pol\u00edcia da Moral. &nbsp;Seis semanas ap\u00f3s seu in\u00edcio, esta rebeli\u00e3o se mant\u00e9m e aponta contra o regime dos aiatol\u00e1s. Quais s\u00e3o suas perspectivas? Que programa n\u00f3s revolucion\u00e1rios devemos levantar nesta situa\u00e7\u00e3o? Por: Alejandro [&hellip;]<\/p>\n","protected":false},"author":7,"featured_media":75231,"menu_order":0,"comment_status":"open","ping_status":"open","sticky":false,"template":"","format":"standard","meta":{"litci_post_political_author":"","footnotes":""},"categories":[8397,4695],"tags":[1551,8398,8391],"class_list":["post-75229","post","type-post","status-publish","format-standard","has-post-thumbnail","hentry","category-especial-ira","category-ira","tag-alejandro-iturbe","tag-especial-ira","tag-protestos-ira"],"fimg_url":"https:\/\/litci.org\/pt\/wp-content\/uploads\/2022\/11\/iran-protest-7.jpeg","categories_names":["Especial Ir\u00e3","Ir\u00e3"],"author_info":{"name":"lena","pic":"https:\/\/secure.gravatar.com\/avatar\/b9eb35b4c023b96c29c4a145a82c6c381b68f2c889c5427106ad5aab6df45b9d?s=96&d=mm&r=g"},"political_author":null,"tagline":"","_links":{"self":[{"href":"https:\/\/litci.org\/pt\/wp-json\/wp\/v2\/posts\/75229","targetHints":{"allow":["GET"]}}],"collection":[{"href":"https:\/\/litci.org\/pt\/wp-json\/wp\/v2\/posts"}],"about":[{"href":"https:\/\/litci.org\/pt\/wp-json\/wp\/v2\/types\/post"}],"author":[{"embeddable":true,"href":"https:\/\/litci.org\/pt\/wp-json\/wp\/v2\/users\/7"}],"replies":[{"embeddable":true,"href":"https:\/\/litci.org\/pt\/wp-json\/wp\/v2\/comments?post=75229"}],"version-history":[{"count":2,"href":"https:\/\/litci.org\/pt\/wp-json\/wp\/v2\/posts\/75229\/revisions"}],"predecessor-version":[{"id":75233,"href":"https:\/\/litci.org\/pt\/wp-json\/wp\/v2\/posts\/75229\/revisions\/75233"}],"wp:featuredmedia":[{"embeddable":true,"href":"https:\/\/litci.org\/pt\/wp-json\/wp\/v2\/media\/75231"}],"wp:attachment":[{"href":"https:\/\/litci.org\/pt\/wp-json\/wp\/v2\/media?parent=75229"}],"wp:term":[{"taxonomy":"category","embeddable":true,"href":"https:\/\/litci.org\/pt\/wp-json\/wp\/v2\/categories?post=75229"},{"taxonomy":"post_tag","embeddable":true,"href":"https:\/\/litci.org\/pt\/wp-json\/wp\/v2\/tags?post=75229"}],"curies":[{"name":"wp","href":"https:\/\/api.w.org\/{rel}","templated":true}]}}