{"id":70481,"date":"2021-04-16T17:59:04","date_gmt":"2021-04-16T20:59:04","guid":{"rendered":"https:\/\/litci.org\/pt\/?p=63605"},"modified":"2021-04-16T17:59:04","modified_gmt":"2021-04-16T20:59:04","slug":"aos-camaradas-do-pst-colombia-oscar-angel-presente","status":"publish","type":"post","link":"https:\/\/litci.org\/pt\/2021\/04\/16\/aos-camaradas-do-pst-colombia-oscar-angel-presente\/","title":{"rendered":"Aos camaradas do PST-Col\u00f4mbia: \u00d3scar \u00c1ngel, presente!"},"content":{"rendered":"<p><em>Com grande dor e tristeza recebemos a not\u00edcia do falecimento do companheiro \u00d3scar \u00c1ngel, dirigente do Partido Socialista dos Trabalhadores da Col\u00f4mbia, se\u00e7\u00e3o da Liga Internacional dos Trabalhadores-Quarta Internacional (LIT-QI)<\/em>.<\/p>\n<p><!--more--><\/p>\n<p>Queremos transmitir nossos sentimentos e a solidariedade de todos os militantes do PSTU (Brasil) aos militantes do PST (C) e \u00e0 fam\u00edlia de \u00d3scar, sua companheira Laura, sua filha Diana e seu neto, Dami\u00e1n. Recebam nosso abra\u00e7o fraterno e caloroso nesse momento de profundo pesar.<\/p>\n<p>\u00d3scar teve uma trajet\u00f3ria de d\u00e9cadas como militante revolucion\u00e1rio e lutador pelo socialismo nas fileiras do PST e da LIT. Foi sem d\u00favida um dirigente fundamental, reconhecido por todos seus camaradas.<\/p>\n<p>Sua morte \u00e9 uma trag\u00e9dia, que al\u00e9m da tristeza nos enche de revolta e indigna\u00e7\u00e3o porque foi fruto da barb\u00e1rie capitalista que \u00e9 a pandemia mundial da Covid-19, que j\u00e1 matou mais de tr\u00eas milh\u00f5es de pessoas ao redor do mundo e continua descontrolada. Um verdadeiro genoc\u00eddio.<\/p>\n<p>A pandemia reflete todas as mazelas do capitalismo. A explora\u00e7\u00e3o desenfreada da natureza que a provocou, a brutal desigualdade social que faz com que os mais golpeados sejam os trabalhadores e os setores oprimidos, a gan\u00e2ncia das empresas farmac\u00eauticas que limita a produ\u00e7\u00e3o de vacinas e concentra sua distribui\u00e7\u00e3o nos pa\u00edses imperialistas.<\/p>\n<p>N\u00f3s, militantes da LIT, somos parte dessa classe trabalhadora e sofremos os tremendos efeitos dessa pandemia, fruto da decad\u00eancia e putrefa\u00e7\u00e3o desse sistema. Agora, a pandemia levou um dos nossos, um dos mais valiosos militantes.<\/p>\n<p>Mas n\u00e3o somos elementos passivos diante dessa barb\u00e1rie. Os partidos e militantes da LIT continuam lutando e estimulando a classe trabalhadora a lutar contra esse genoc\u00eddio. \u00d3scar \u00c1ngel lutou contra a enfermidade e a morte at\u00e9 o fim, assim como lutou junto com o PST e a LIT na den\u00fancia e no enfrentamento da pandemia e durante toda sua vida pelo socialismo e pela revolu\u00e7\u00e3o.<\/p>\n<p><img loading=\"lazy\" decoding=\"async\" class=\"alignnone size-full wp-image-63599\" src=\"http:\/\/litci.org\/pt\/wp-content\/uploads\/2021\/04\/Oscar-4.jpg\" alt=\"\" width=\"1123\" height=\"741\" \/><\/p>\n<p>Nesse momento de luto e tristeza, queremos destacar esse exemplo da vida de \u00d3scar \u00c1ngel. Foram d\u00e9cadas, dedicadas \u00e0 luta pela revolu\u00e7\u00e3o socialista, \u00e0 defesa da classe oper\u00e1ria, do marxismo e do trotskismo e \u00e0 constru\u00e7\u00e3o do PST e da LIT para superar a crise maior da humanidade, que \u00e9 a crise de sua dire\u00e7\u00e3o revolucion\u00e1ria.<\/p>\n<p>\u00c9 esse exemplo de vida que deve ser um est\u00edmulo para que todos os militantes redobremos a convic\u00e7\u00e3o em nossos ideais socialistas e dirijamos nosso \u00f3dio e indigna\u00e7\u00e3o para fortalecer nosso combate contra esse sistema nefasto.<\/p>\n<p>\u00d3scar \u00c1ngel,<\/p>\n<p>At\u00e9 o socialismo, sempre!<\/p>\n<p>S\u00e3o Paulo, 16 de abril de 2021<\/p>\n<p>Comit\u00ea Executivo do PSTU-Brasil<\/p>\n<p>&nbsp;<\/p>\n","protected":false},"excerpt":{"rendered":"<p>Com grande dor e tristeza recebemos a not\u00edcia do falecimento do companheiro \u00d3scar \u00c1ngel, dirigente do Partido Socialista dos Trabalhadores da Col\u00f4mbia, se\u00e7\u00e3o da Liga Internacional dos Trabalhadores-Quarta Internacional (LIT-QI).<\/p>\n","protected":false},"author":13,"featured_media":63606,"menu_order":0,"comment_status":"closed","ping_status":"closed","sticky":false,"template":"","format":"standard","meta":{"litci_post_political_author":"","footnotes":""},"categories":[121,12,30],"tags":[2447,190],"class_list":["post-70481","post","type-post","status-publish","format-standard","has-post-thumbnail","hentry","category-brasil","category-colombia","category-coronavirus","tag-oscar-angel","tag-pstu-brasil"],"fimg_url":"https:\/\/litci.org\/pt\/wp-content\/uploads\/2021\/04\/Oscar-7.jpeg","categories_names":["Brasil","Col\u00f4mbia","Pandemia"],"author_info":{"name":"Javier f","pic":"https:\/\/secure.gravatar.com\/avatar\/38f104112503b4b2d43a8972576238b0824db79ccc991f981595fcbc569b0601?s=96&d=mm&r=g"},"political_author":null,"tagline":"","_links":{"self":[{"href":"https:\/\/litci.org\/pt\/wp-json\/wp\/v2\/posts\/70481","targetHints":{"allow":["GET"]}}],"collection":[{"href":"https:\/\/litci.org\/pt\/wp-json\/wp\/v2\/posts"}],"about":[{"href":"https:\/\/litci.org\/pt\/wp-json\/wp\/v2\/types\/post"}],"author":[{"embeddable":true,"href":"https:\/\/litci.org\/pt\/wp-json\/wp\/v2\/users\/13"}],"replies":[{"embeddable":true,"href":"https:\/\/litci.org\/pt\/wp-json\/wp\/v2\/comments?post=70481"}],"version-history":[{"count":0,"href":"https:\/\/litci.org\/pt\/wp-json\/wp\/v2\/posts\/70481\/revisions"}],"wp:featuredmedia":[{"embeddable":true,"href":"https:\/\/litci.org\/pt\/wp-json\/wp\/v2\/media\/63606"}],"wp:attachment":[{"href":"https:\/\/litci.org\/pt\/wp-json\/wp\/v2\/media?parent=70481"}],"wp:term":[{"taxonomy":"category","embeddable":true,"href":"https:\/\/litci.org\/pt\/wp-json\/wp\/v2\/categories?post=70481"},{"taxonomy":"post_tag","embeddable":true,"href":"https:\/\/litci.org\/pt\/wp-json\/wp\/v2\/tags?post=70481"}],"curies":[{"name":"wp","href":"https:\/\/api.w.org\/{rel}","templated":true}]}}