{"id":67124,"date":"2022-06-14T17:09:13","date_gmt":"2022-06-14T20:09:13","guid":{"rendered":"https:\/\/litci.org\/pt\/?p=67124"},"modified":"2022-06-14T17:09:13","modified_gmt":"2022-06-14T20:09:13","slug":"equador-se-agita-entre-crise-social-caos-politico-violencia-e-reacao-popular","status":"publish","type":"post","link":"https:\/\/litci.org\/pt\/2022\/06\/14\/equador-se-agita-entre-crise-social-caos-politico-violencia-e-reacao-popular\/","title":{"rendered":"Equador se agita entre crise social, caos pol\u00edtico, viol\u00eancia e rea\u00e7\u00e3o popular"},"content":{"rendered":"<p><em>Contexto mundial. A complexa situa\u00e7\u00e3o socioecon\u00f4mica e pol\u00edtica que o Equador vive deve ser compreendida no contexto mundial, caracterizado por uma crise da ordem capitalista e imperialista, no marco de uma nova divis\u00e3o internacional do trabalho.<\/em><\/p>\n<p><!--more--><\/p>\n<p>Por: Miguel Merino S. (Articula\u00e7\u00e3o Revolucion\u00e1ria dos Trabalhadores \/ ART \u2013 Equador)<\/p>\n<p>A crise de acumula\u00e7\u00e3o capitalista tem causas subjacentes como a superprodu\u00e7\u00e3o, a tend\u00eancia \u00e0 queda da taxa de lucro e a desproporcionalidade entre os diversos setores da produ\u00e7\u00e3o. Essa situa\u00e7\u00e3o se expressa em fen\u00f4menos como a estagfla\u00e7\u00e3o (estagna\u00e7\u00e3o com infla\u00e7\u00e3o) em quase todas as regi\u00f5es do planeta. A pandemia de Covid aprofundou problemas sociais como a pobreza, a desigualdade e o desemprego. Com o agravamento da crise, fen\u00f4menos como a deteriora\u00e7\u00e3o ambiental se agravaram a n\u00edveis alarmantes que se encontram em um ponto de n\u00e3o retorno. Tamb\u00e9m opress\u00f5es de v\u00e1rios tipos, como viol\u00eancia contra a mulher, o racismo e a opress\u00e3o contra nacionalidades em v\u00e1rios pa\u00edses do mundo. A invas\u00e3o russa da Ucr\u00e2nia \u00e9 a express\u00e3o das contradi\u00e7\u00f5es interimperialistas, especialmente entre a OTAN e a R\u00fassia, transformando a regi\u00e3o da Eur\u00e1sia no epicentro da luta de classes em todo o mundo. Apesar da superioridade militar da R\u00fassia, o povo ucraniano mostrou uma capacidade de resist\u00eancia heroica e colocou na agenda princ\u00edpios fundamentais como a defesa da soberania e o direito \u00e0 autodetermina\u00e7\u00e3o dos povos.<\/p>\n<p>Ap\u00f3s um ano no poder, o governo neoliberal e direitista de Guillermo Lasso alinhou-se claramente a favor do imperialismo, especialmente norte-americano e israelense (em termos de seguran\u00e7a), e se submeteu aos ditames de organismos multilaterais como o FMI . Duas tend\u00eancias fundamentais s\u00e3o evidentes em sua gest\u00e3o socioecon\u00f4mica:<\/p>\n<p>1) O fortalecimento e crescimento da burguesia, sobretudo financeira, ligada \u00e0 banca, mas tamb\u00e9m das fra\u00e7\u00f5es importadoras e exportadoras, esta \u00faltima parcialmente afetada nos \u00faltimos meses pela invas\u00e3o russa da Ucr\u00e2nia. Em 2021, a economia equatoriana cresceu 4,2%. Este aumento responde sobretudo ao consumo das fam\u00edlias, que variou 10,2%. As atividades econ\u00f4micas que mais cresceram foram: refino de petr\u00f3leo (23,9%), hospedagem e alimenta\u00e7\u00e3o (17,4%), aquicultura e pesca de camar\u00e3o (16,2%), transporte (13,1%), com\u00e9rcio (11%, principalmente devido ao aumento das importa\u00e7\u00f5es). As exporta\u00e7\u00f5es de camar\u00e3o, peixe, flores e minera\u00e7\u00e3o atingiram recordes hist\u00f3ricos, mas n\u00e3o as de petr\u00f3leo bruto, banana, caf\u00e9 e cacau, que ca\u00edram. Um fator importante que explica o aumento do consumo das fam\u00edlias s\u00e3o as remessas dos migrantes, que em 2021 aumentaram para 4.362 milh\u00f5es de d\u00f3lares, um n\u00famero recorde nas estat\u00edsticas do Banco Central em tr\u00eas d\u00e9cadas. Outro fator que impactou foi o crescimento do cr\u00e9dito.<\/p>\n<p>O banco teve um aumento not\u00e1vel em seus lucros de 65% at\u00e9 novembro de 2021. Um dos bancos que registrou os maiores lucros foi o Banco de Guayaquil, do presidente Lasso, que ocupa o segundo lugar em ativos. O Banco del Pac\u00edfico, um ativo estatal que o governo colocou \u00e0 venda, caiu do terceiro para o d\u00e9cimo lugar, mas ainda gerou mais de US$ 5 milh\u00f5es em lucros.<\/p>\n<p>Para 2022, o BCE (Banco Central do Equador) estimou um crescimento de 2,8%, ou seja, menos do que em 2021, aumento que ocorreria devido ao aumento dos investimentos privados e p\u00fablicos; Mant\u00eam-se as mesmas tend\u00eancias por setores indicadas acima.<\/p>\n<p>2) A crise social continua e em algumas quest\u00f5es se agrava. Este fato se manifesta em problemas como desemprego, subemprego, trabalho informal (apenas um ter\u00e7o da popula\u00e7\u00e3o ativa tem trabalho adequado), cujos n\u00fameros melhoraram muito pouco apesar da reativa\u00e7\u00e3o econ\u00f4mica proclamada pelo governo (Lasso diz que durante seu governo, o emprego aumentou em 350.000 novos trabalhadores, no entanto, o IESS (Instituto Equatoriano de Seguridade Social) nega este n\u00famero afirmando que os novos trabalhadores afiliados ao IESS s\u00e3o apenas 85.000).<\/p>\n<p>O setor da sa\u00fade continua passando por uma grave crise apesar da redu\u00e7\u00e3o ostensiva da pandemia de Covid, gra\u00e7as \u00e0 vacina\u00e7\u00e3o em massa, \u00fanico aspecto positivo que o governo pode apresentar de seu mandato. Milhares de m\u00e9dicos que trabalhavam na linha de frente da pandemia foram demitidos. A escassez de medicamentos e insumos nos hospitais p\u00fablicos \u00e9 grav\u00edssima, o que tem causado diversos e cont\u00ednuos protestos por parte dos pacientes afetados por esta situa\u00e7\u00e3o. A situa\u00e7\u00e3o no IESS continua a deteriorar-se porque o governo n\u00e3o pagou a d\u00edvida que mant\u00e9m com esta entidade e o seu d\u00e9ficit ronda os 2 mil milh\u00f5es de d\u00f3lares s\u00f3 na \u00e1rea da sa\u00fade. Se levarmos em conta todos s itens, como o fundo de pens\u00f5es de aposentadorias, a d\u00edvida \u00e9 de 8 bilh\u00f5es. Trata-se de uma fal\u00eancia premeditada para justificar sua futura privatiza\u00e7\u00e3o.<\/p>\n<p>No que se refere \u00e0 educa\u00e7\u00e3o, h\u00e1 grandes defici\u00eancias em sua infraestrutura e servi\u00e7os b\u00e1sicos (denunciou-se que 40% dos estabelecimentos p\u00fablicos de ensino n\u00e3o contam com servi\u00e7os adequados de \u00e1gua e esgoto). Os professores continuam sem a remunera\u00e7\u00e3o m\u00ednima que lhes corresponde como servidores p\u00fablicos e de acordo com a LOEI, lei aprovada pela Assembleia no final do mandato de Moreno. As universidades tamb\u00e9m foram afetadas pela redu\u00e7\u00e3o or\u00e7ament\u00e1ria.<\/p>\n<p><strong>Pol\u00edticas socioecon\u00f4micas do governo<\/strong><\/p>\n<p>Nessa quest\u00e3o, o governo aplica as receitas cl\u00e1ssicas do neoliberalismo, como a desregulamenta\u00e7\u00e3o do Estado, a redu\u00e7\u00e3o do or\u00e7amento e dos investimentos sociais e produtivos do Estado sob o pretexto de reduzir o d\u00e9ficit fiscal, a privatiza\u00e7\u00e3o de empresas p\u00fablicas, especialmente em os setores de energia e telecomunica\u00e7\u00f5es, as companhias de petr\u00f3leo, as companhias de eletricidade, a CNT. Tamb\u00e9m na lista de privatiza\u00e7\u00f5es est\u00e3o a venda do Banco del Pac\u00edfico (Lasso anunciou que ser\u00e1 feita nas pr\u00f3ximas semanas e ningu\u00e9m desconhece que adquirir o Banco del Pac\u00edfico \u00e9 uma antiga aspira\u00e7\u00e3o do Banco de Guayaquil), a concess\u00e3o para a administra\u00e7\u00e3o do rodovias e infraestrutura estadual em geral.<\/p>\n<p>Outra linha central da pol\u00edtica neoliberal do governo \u00e9 a abertura comercial no exterior, onde se buscam tratados comerciais, especialmente com pot\u00eancias imperialistas como China e Estados Unidos, mas tamb\u00e9m com pa\u00edses como M\u00e9xico, Coreia do Sul, Israel (neste caso, o objetivo das negocia\u00e7\u00f5es \u00e9 o aconselhamento sobre quest\u00f5es de seguran\u00e7a). A abertura indiscriminada para produtos de outros pa\u00edses traz efeitos muito prejudiciais aos pequenos produtores, principalmente os pequenos produtores agr\u00edcolas e artesanais.<\/p>\n<p>Al\u00e9m disso, o relacionamento com organismos internacionais como o FMI \u00e9 privilegiado, cumprindo fielmente suas condi\u00e7\u00f5es para continuar recebendo os desembolsos pendentes acordados a partir de 2020 pelo governo Moreno. O pa\u00eds receber\u00e1 desembolsos de US$ 4,5 bilh\u00f5es de alguns organismos multilaterais de cr\u00e9dito em 2022, segundo an\u00fancio do atual governo.<\/p>\n<p>Adicionalmente, h\u00e1 o aprofundamento do modelo extrativista incentivando o investimento estrangeiro, especialmente minera\u00e7\u00e3o e petr\u00f3leo, ou seja, buscando a entrega das riquezas do pa\u00eds \u00e0s grandes empresas transnacionais.<\/p>\n<p>Tamb\u00e9m corresponde \u00e0 concep\u00e7\u00e3o neoliberal o enfraquecimento do investimento estatal em obras de infraestrutura e no campo social.<\/p>\n<p>Uma das consequ\u00eancias das pol\u00edticas de desregulamenta\u00e7\u00e3o e controle do Estado sobre a economia \u00e9 o aumento do pre\u00e7o de produtos como combust\u00edveis, itens importados e produtos de primeira necessidade.<\/p>\n<p><strong>Crise pol\u00edtica e desordem das institui\u00e7\u00f5es estatais<\/strong><\/p>\n<p>Depois que o governo rompeu o acordo inicial com o Partido Social Crist\u00e3o (PSC) e a corre\u00edsta UNES (Uni\u00e3o Pela Esperan\u00e7a) para a nomea\u00e7\u00e3o das autoridades da Assembleia, foi forjada uma alian\u00e7a com Pachak\u00fatik (PK) e a Esquerda Democr\u00e1tica (ID) que permitiu a coloca\u00e7\u00e3o de Guadalupe Llori na presid\u00eancia da Assembleia e a distribui\u00e7\u00e3o das demais autoridades. No entanto, esse pacto n\u00e3o funcionou para o governo porque n\u00e3o conseguiu que a Assembleia aprovasse a Lei de Investimentos nem a Reforma Trabalhista, pe\u00e7as-chave do modelo que concentra a riqueza nos grandes monop\u00f3lios, embora tenha conseguido aprovar a Lei Tribut\u00e1ria (gra\u00e7as \u00e0 absten\u00e7\u00e3o do bloco correista), o que significa mais impostos que atingem especialmente a classe m\u00e9dia. Al\u00e9m disso, tal acordo causou divis\u00e3o e conflitos dentro do ID e PK. Llori acaba de ser destitu\u00edda (1\u00ba de junho), apesar de ter se mantido no cargo com o apoio do regime governante e de setores do sistema de justi\u00e7a. A sua lideran\u00e7a neste per\u00edodo foi caracterizada pela sua subservi\u00eancia ao governo e pela paralisa\u00e7\u00e3o da Assembleia Nacional, que deixou de funcionar normalmente durante v\u00e1rias semanas.<\/p>\n<p>Mas os conflitos n\u00e3o ocorrem apenas entre o Executivo e a Assembleia Nacional, mas tamb\u00e9m dentro do Judici\u00e1rio, onde h\u00e1 um forte confronto entre o Tribunal Nacional de Justi\u00e7a e o Conselho Judicial, mostrando que a justi\u00e7a \u00e9 um esp\u00f3lio em disputa entre o governo e outros poderosas for\u00e7as pol\u00edticas com poder. Tamb\u00e9m dentro do Conselho de Participa\u00e7\u00e3o Cidad\u00e3 e Controle Social, \u00f3rg\u00e3o de gest\u00e3o da nova fun\u00e7\u00e3o denominada transpar\u00eancia e Controle Social, h\u00e1 uma forte divis\u00e3o; o governo interveio no mesmo conseguindo controlar suas autoridades. Institui\u00e7\u00f5es que antes gozavam de certo prest\u00edgio, como as For\u00e7as Armadas e a Pol\u00edcia, s\u00e3o gravemente afetadas por esc\u00e2ndalos de corrup\u00e7\u00e3o e infiltra\u00e7\u00e3o das m\u00e1fias, como revelado em casos como a destrui\u00e7\u00e3o do radar Montecristi poucos dias ap\u00f3s sua instala\u00e7\u00e3o, a den\u00fancia dos generais do narcotr\u00e1fico, a apreens\u00e3o de grande quantidade de drogas na base a\u00e9rea de Manta ou o caso de Don Naza, ex-membro das For\u00e7as Armadas, promotor da arrecada\u00e7\u00e3o ilegal de dinheiro e cujo assassinato ainda n\u00e3o foi esclarecido.<\/p>\n<p>Em suma, estamos diante de uma institucionalidade estatal em desordem, que leva \u00e0 sua deslegitima\u00e7\u00e3o diante de cidad\u00e3os que n\u00e3o acreditam nas institui\u00e7\u00f5es p\u00fablicas, nem nos partidos pol\u00edticos nem nas lideran\u00e7as, mas tampouco na pol\u00edtica em geral. Esse fen\u00f4meno de antipol\u00edtica gera um efeito de despolitiza\u00e7\u00e3o cidad\u00e3 e explica em parte a falta de participa\u00e7\u00e3o ativa nas mobiliza\u00e7\u00f5es e protestos organizados pelos setores sociais mais afetados pelas medidas governamentais.<\/p>\n<p><strong>Aumento da viol\u00eancia social<\/strong><\/p>\n<p>Durante o primeiro ano do governo de Lasso, a viol\u00eancia social disparou exponencialmente em todas as \u00e1reas. A crise mais grave \u00e9 a existente nos centros prisionais onde ocorreram cinco massacres internos que resultaram no assassinato de 276 pessoas no per\u00edodo atual. A resposta do governo tem sido militarizar os chamados centros de reabilita\u00e7\u00e3o social, colocando a pol\u00edcia e os militares como autoridades respons\u00e1veis, sem resultados vis\u00edveis.<\/p>\n<p>Crimes e viol\u00eancia nas ruas na forma de assassinos de aluguel tamb\u00e9m experimentaram um forte aumento, especialmente em Guayaquil e nas prov\u00edncias do Litoral. Em 2021, foram registrados 1.772 crimes e 1.180 mortes violentas nos primeiros quatro meses de 2022, n\u00famero muito superior ao de 2021 no mesmo per\u00edodo, com aumento de quase 160% em um ano. A taxa de criminalidade no Equador \u00e9 de 14,06 mortes por 100.000 habitantes, registrando o terceiro aumento mais significativo na regi\u00e3o. Esse fen\u00f4meno \u00e9 atribu\u00eddo pelo partido no poder \u00e0 presen\u00e7a e confronto entre traficantes com conex\u00f5es internacionais. Mas o fen\u00f4meno da crescente viol\u00eancia social vai muito al\u00e9m do tr\u00e1fico de drogas e da lavagem de dinheiro. Os n\u00fameros e o aumento de feminic\u00eddios, suic\u00eddios principalmente entre jovens e viol\u00eancia dom\u00e9stica agravados pela pandemia s\u00e3o alarmantes.<\/p>\n<p>As causas dessa situa\u00e7\u00e3o s\u00e3o diversas e complexas, mas o que o discurso oficial evita \u00e9 analisar o contexto social capitalista caracterizado pelo agravamento do desemprego, informalidade, mis\u00e9ria, falta de acesso \u00e0 educa\u00e7\u00e3o, sa\u00fade, falta de servi\u00e7os b\u00e1sicos que atingem principalmente mulheres e jovens dos bairros populares e \u00e1reas rurais. Da mesma forma, a aus\u00eancia de pol\u00edticas sociais adequadas por parte do Estado, que sofreram bastante cortes or\u00e7ament\u00e1rios e de pessoal. Em seu recente relat\u00f3rio \u00e0 na\u00e7\u00e3o, a \u00fanica alternativa que o presidente Lasso ofereceu diante da inseguran\u00e7a e do desemprego \u00e9 incorporar 30.000 novos soldados \u00e0s fileiras da pol\u00edcia e do ex\u00e9rcito, ignorando as ra\u00edzes estruturais do problema e preparando-se para o repress\u00e3o contra o protesto social que continuar\u00e1 aumentando, causando explos\u00f5es sociais muito prov\u00e1veis.<\/p>\n<p>Outro aspecto relacionado \u00e0 viol\u00eancia, do qual as autoridades e a grande m\u00eddia falam pouco, \u00e9 a infiltra\u00e7\u00e3o de m\u00e1fias ilegais nas mais altas esferas do Estado, especialmente nos aparatos repressivos como Pol\u00edcia e For\u00e7as Armadas, bem como no judici\u00e1rio . , espa\u00e7os onde a corrup\u00e7\u00e3o se espalha e a imunidade reina suprema.<\/p>\n<p><strong>A luta de classes: entre o descontentamento e a aus\u00eancia de lideran\u00e7a pol\u00edtica<\/strong><\/p>\n<p>Apesar do medo causado pela pandemia, a criminaliza\u00e7\u00e3o da luta social implementada pelos governos anteriores e do fortalecimento dos aparatos repressivos para controlar a luta social, v\u00e1rias a\u00e7\u00f5es de protesto foram realizadas neste \u00faltimo per\u00edodo (ocupa\u00e7\u00f5es, mobiliza\u00e7\u00f5es, demandas, eventos acad\u00eamicos e culturais), por diferentes setores afetados pela crise e pelas pol\u00edticas neoliberais. Entre eles podemos citar os camponeses do litoral (arrozeiros e bananeiros), os produtores de leite da Serra, as comunidades atingidas pela a\u00e7\u00e3o predat\u00f3ria das mineradoras e petroleiras. A luta dos professores agrupados na UNE tem sido muito dura e recentemente fizeram uma greve de fome abnegada e dura, fazendo o Tribunal de Garantias Constitucionais decidir a seu favor. Tamb\u00e9m a do pessoal de sa\u00fade afetado pelas demiss\u00f5es, os doentes que n\u00e3o t\u00eam acesso a medicamentos e atendimento adequado em hospitais p\u00fablicos, aposentados diante da situa\u00e7\u00e3o do IESS, estudantes universit\u00e1rios em defesa do or\u00e7amento educacional.<\/p>\n<p>Outra luta muito destacada tem sido a das mulheres pela descriminaliza\u00e7\u00e3o do aborto em caso de estupro e contra a viol\u00eancia sexista que se tornou vis\u00edvel sobretudo nas marchas massivas de 8 de mar\u00e7o passado, algumas das quais foram reprimidos pelas for\u00e7as policiais. Al\u00e9m disso, v\u00e1rias mobiliza\u00e7\u00f5es foram realizadas por trabalhadores sindicalizados afetados pela flexibiliza\u00e7\u00e3o trabalhista e por um novo C\u00f3digo do Trabalho. Uma conquista importante foi a anistia aprovada pela Assembleia Nacional para mais de 300 lutadores sociais perseguidos pela justi\u00e7a por sua defesa da \u00e1gua e do meio ambiente, a resist\u00eancia contra a minera\u00e7\u00e3o, o levante de 19 de outubro e outros protestos pelos direitos humanos e demandas espec\u00edficas de grupos diversos, apesar da oposi\u00e7\u00e3o beligerante do executivo e dos grupos de extrema-direita.<\/p>\n<p>No entanto, essas lutas foram parciais e n\u00e3o conseguiram se articular em um protesto geral. Embora haja um desconforto generalizado na maioria da popula\u00e7\u00e3o diante da situa\u00e7\u00e3o descrita e da inefic\u00e1cia do governo, n\u00e3o houve rea\u00e7\u00e3o social condizente com a gravidade da situa\u00e7\u00e3o.<\/p>\n<p>A principal causa deste estado de coisas \u00e9 a falta de dire\u00e7\u00e3o e lideran\u00e7a das organiza\u00e7\u00f5es sociais mais representativas como o FUT \u00a0(Frente Unit\u00e1ria dos Trabalhadores) e a CONAIE (Confedera\u00e7\u00e3o das Nacionalidades Ind\u00edgenas do Equador), mas fundamentalmente dos partidos e movimentos pol\u00edticos de esquerda que carecem de uma estrat\u00e9gia n\u00edtida e proativa contra o sistema de opress\u00e3o capitalista e ante o regime dominante. Al\u00e9m disso, a maioria dos partidos e movimentos pol\u00edticos s\u00e3o afetados pela divis\u00e3o e pela aus\u00eancia de democracia interna em suas fileiras. O FUT perdeu for\u00e7a devido \u00e0 sua pol\u00edtica amb\u00edgua em rela\u00e7\u00e3o ao governo, com o qual se sup\u00f5es que leva adiante um processo de di\u00e1logo, sem nenhum resultado concreto at\u00e9 agora que beneficie os trabalhadores.<\/p>\n<p>A CONAIE, a organiza\u00e7\u00e3o mais representativa do movimento ind\u00edgena nos \u00faltimos anos, sofreu uma grave divis\u00e3o e enfraquecimento devido \u00e0 interven\u00e7\u00e3o do governo Lasso, que entregou a lideran\u00e7a da Assembleia Nacional ao PK na pessoa de Guadalupe Llori, a mesma que usou seu cargo para obter favores pol\u00edticos e colocar pessoas em quem confia em cargos p\u00fablicos. Ela acaba de ser destitu\u00edda pela maioria da Assembleia, mas conta com o apoio do Executivo e do Minist\u00e9rio P\u00fablico. O setor mais cr\u00edtico da CONAIE, liderado por Le\u00f4nidas Iza,\u00a0 convocou uma mobiliza\u00e7\u00e3o geral para se opor \u00e0s pol\u00edticas neoliberais de Lasso em meados de junho. \u00c9 dif\u00edcil saber se a cidadania responde a este chamado devido ao clima de incerteza e medo que reina, mas n\u00e3o h\u00e1 d\u00favida de que est\u00e3o reunidas as condi\u00e7\u00f5es objetivas para que uma nova explos\u00e3o social ocorra.<\/p>\n<p>A tarefa das organiza\u00e7\u00f5es que nos denominamos revolucion\u00e1rias, como a Articula\u00e7\u00e3o Revolucion\u00e1ria dos Trabalhadores (ART), \u00e9 continuar trabalhando incansavelmente pela unidade, organiza\u00e7\u00e3o e mobiliza\u00e7\u00e3o da classe trabalhadora, sob uma linha pol\u00edtica que mantenha sua autonomia diante das diferentes fac\u00e7\u00f5es da burguesia que lutam pelo poder.<\/p>\n<p>Outra tarefa fundamental que nos cabe, \u00e0s organiza\u00e7\u00f5es revolucion\u00e1rias, \u00e9 a da propaganda e a elabora\u00e7\u00e3o de um programa que parte das necessidades das massas, mas que tenha n\u00edtido que seu inimigo fundamental \u00e9 o imperialismo. Com estas armas podemos cumprir o complexo desafio de construir um partido de quadros, formado pelos mais destacados combatentes do proletariado e da juventude que sejam capazes de garantir uma sa\u00edda revolucion\u00e1ria para as lutas sociais em ascens\u00e3o.<\/p>\n","protected":false},"excerpt":{"rendered":"<p>Contexto mundial. A complexa situa\u00e7\u00e3o socioecon\u00f4mica e pol\u00edtica que o Equador vive deve ser compreendida no contexto mundial, caracterizado por uma crise da ordem capitalista e imperialista, no marco de uma nova divis\u00e3o internacional do trabalho.<\/p>\n","protected":false},"author":13,"featured_media":67125,"menu_order":0,"comment_status":"closed","ping_status":"closed","sticky":false,"template":"","format":"standard","meta":{"litci_post_political_author":"","footnotes":""},"categories":[3643],"tags":[4665,3808,4666,4667],"class_list":["post-67124","post","type-post","status-publish","format-standard","has-post-thumbnail","hentry","category-equador","tag-conaie","tag-guillermo-lasso","tag-miguel-merino-serrano","tag-mobilizacao-equador"],"fimg_url":"https:\/\/litci.org\/pt\/wp-content\/uploads\/2022\/06\/Equador.jpg","categories_names":["Equador"],"author_info":{"name":"Javier f","pic":"https:\/\/secure.gravatar.com\/avatar\/38f104112503b4b2d43a8972576238b0824db79ccc991f981595fcbc569b0601?s=96&d=mm&r=g"},"political_author":null,"tagline":"","_links":{"self":[{"href":"https:\/\/litci.org\/pt\/wp-json\/wp\/v2\/posts\/67124","targetHints":{"allow":["GET"]}}],"collection":[{"href":"https:\/\/litci.org\/pt\/wp-json\/wp\/v2\/posts"}],"about":[{"href":"https:\/\/litci.org\/pt\/wp-json\/wp\/v2\/types\/post"}],"author":[{"embeddable":true,"href":"https:\/\/litci.org\/pt\/wp-json\/wp\/v2\/users\/13"}],"replies":[{"embeddable":true,"href":"https:\/\/litci.org\/pt\/wp-json\/wp\/v2\/comments?post=67124"}],"version-history":[{"count":0,"href":"https:\/\/litci.org\/pt\/wp-json\/wp\/v2\/posts\/67124\/revisions"}],"wp:featuredmedia":[{"embeddable":true,"href":"https:\/\/litci.org\/pt\/wp-json\/wp\/v2\/media\/67125"}],"wp:attachment":[{"href":"https:\/\/litci.org\/pt\/wp-json\/wp\/v2\/media?parent=67124"}],"wp:term":[{"taxonomy":"category","embeddable":true,"href":"https:\/\/litci.org\/pt\/wp-json\/wp\/v2\/categories?post=67124"},{"taxonomy":"post_tag","embeddable":true,"href":"https:\/\/litci.org\/pt\/wp-json\/wp\/v2\/tags?post=67124"}],"curies":[{"name":"wp","href":"https:\/\/api.w.org\/{rel}","templated":true}]}}