{"id":66695,"date":"2022-04-11T18:53:59","date_gmt":"2022-04-11T21:53:59","guid":{"rendered":"https:\/\/litci.org\/pt\/?p=66695"},"modified":"2022-04-11T18:53:59","modified_gmt":"2022-04-11T21:53:59","slug":"cuba-solidariedade-com-os-manifestantes-de-julho-de-2021","status":"publish","type":"post","link":"https:\/\/litci.org\/pt\/2022\/04\/11\/cuba-solidariedade-com-os-manifestantes-de-julho-de-2021\/","title":{"rendered":"Cuba | Solidariedade com os manifestantes de julho de 2021"},"content":{"rendered":"<p><em>Reproduzimos este manifesto de solidariedade aos manifestantes cubanos. A persegui\u00e7\u00e3o realizada pelo regime cubano continua implac\u00e1vel. \u00c9 urgente redobrar os esfor\u00e7os pela liberdade de todas e todos os presos pol\u00edticos e o fim da criminaliza\u00e7\u00e3o do protesto na ilha. Aderimos a esta iniciativa e chamamos a recolher mais assinaturas.<\/em><\/p>\n<p><!--more--><\/p>\n<hr \/>\n<p>A Miguel Mario D\u00edaz Canel Berm\u00fadez, Presidente da Rep\u00fablica de Cuba;<\/p>\n<p>A Esteban Lazo Hern\u00e1ndez, Presidente da Assembleia Nacional do Poder Popular da Rep\u00fablica de Cuba;<\/p>\n<p>A Rub\u00e9n Remigio Ferro, Presidente do Tribunal Supremo Popular da Rep\u00fablica de Cuba;<\/p>\n<p><strong>Ao povo cubano e \u00e0 esquerda internacional<\/strong><\/p>\n<p>Em Cuba manifesta-se uma profunda crise estrutural. Essa crise, em meio a uma marcada precariza\u00e7\u00e3o da vida, levou parte dos cidad\u00e3os \u00e0s ruas, nos dias 11 e 12 de julho de 2021. As hostis san\u00e7\u00f5es dos EUA, no quadro de uma pol\u00edtica de agress\u00e3o e bloqueio que j\u00e1 chega a 60 anos, a incapacidade da administra\u00e7\u00e3o do pa\u00eds em atender \u00e0s necessidades mais b\u00e1sicas do povo e o descaso com as demandas sociais, pol\u00edticas e econ\u00f4micas da sociedade civil, contribu\u00edram para o agravamento dessa situa\u00e7\u00e3o e geraram uma crescente perda de confian\u00e7a no discurso governamental.<\/p>\n<p>&nbsp;<\/p>\n<p>A decis\u00e3o de comercializar no mercado de bens fundamentais em moeda estrangeira \u00a0longe das possibilidades de acesso das maiorias, e os efeitos da pandemia, exacerbaram com raz\u00e3o, o descontentamento de setores afetados pela pobreza e a marginaliza\u00e7\u00e3o, relacionadas ao local de resid\u00eancia, cor da pele, o g\u00eanero e outras categorias de exclus\u00e3o. A crise econ\u00f4mica e pol\u00edtica que o pa\u00eds atravessa tamb\u00e9m se expressa na deteriora\u00e7\u00e3o gradual dos indicadores sociais de sa\u00fade, educa\u00e7\u00e3o, esporte e cultura. Esta decad\u00eancia precipita o \u00eaxodo massivo de jovens, com as consequ\u00eancias que isso provoca nas fam\u00edlias cubanas e na economia em geral.<\/p>\n<p>Nos protestos sociais de julho, os maiores desde 1959, houve condutas violentas e confronto f\u00edsico de ambos os lados, tanto das for\u00e7as policiais e de grupos de apoio ao governo quanto de alguns grupos de manifestantes. Enquanto estes \u00faltimos t\u00eam sido submetidos \u00e0 criminaliza\u00e7\u00e3o e pr\u00e1ticas punitivas, evidenciadas no discurso oficial e senten\u00e7as desproporcionais, como medidas n\u00edtidas e exemplares para prevenir cen\u00e1rios semelhantes no futuro, setores simpatizantes do governo, as for\u00e7as policiais e os funcion\u00e1rios respons\u00e1veis \u200b\u200bpela repress\u00e3o e os excessos de viol\u00eancia do Estado permanecem impunes.<\/p>\n<p>No m\u00eas de mar\u00e7o, foram realizados dois julgamentos pelos protestos. O primeiro pelas que protagonizaram os setores pobres de Esquina de Toyo e La G\u00fcinera em Havana, onde 127 pessoas foram condenadas em um julgamento em massa com penas de at\u00e9 30 anos -1.916 anos no total- a 127 pessoas, oito delas com idades entre 16 e 17 anos. O segundo para os protestos em San Antonio de los Ba\u00f1os contra 17 manifestantes com penas de at\u00e9 10 anos.<\/p>\n<p>Entre estas \u00faltimas, destaca-se os seis anos de pris\u00e3o de Yoan de la Cruz Cruz, um dos primeiros jovens a transmitir os protestos ao vivo nas redes sociais. A senten\u00e7a garante que &#8220;ele transmitiu ao vivo nas redes sociais o que estava acontecendo, o que fez com que tais atos fossem vistos dentro e fora do pa\u00eds e que as a\u00e7\u00f5es danosas fossem imitadas em diferentes munic\u00edpios e prov\u00edncias&#8221;.<\/p>\n<p>De acordo com a Procuradoria Geral da Rep\u00fablica, um total de 790 pessoas foram processadas, incluindo 55 entre 16 e 17 anos.<\/p>\n<p>Ao mesmo tempo, diversos setores e ativismos da sociedade civil s\u00e3o constantemente assediados pelas autoridades. Essa persegui\u00e7\u00e3o e vigil\u00e2ncia toma forma nos aparatos de seguran\u00e7a policial, que se caracterizam por atuar \u00e0 margem da legalidade constitucional e atentar contra a dignidade das pessoas. Tudo acontece em um cen\u00e1rio de absoluta impunidade, na aus\u00eancia de garantias legais para o exerc\u00edcio da livre associa\u00e7\u00e3o, entre pessoas e grupos de cidad\u00e3os preocupados com a participa\u00e7\u00e3o no espa\u00e7o p\u00fablico. O ciclo de repress\u00e3o se completa com o uso da m\u00eddia para desacreditar reputa\u00e7\u00f5es, rotular toda dissid\u00eancia como mercenarismo e deslegitimar qualquer pessoa ou organiza\u00e7\u00e3o que questione a realidade. A direita apoiada pelos Estados Unidos e a favor de seus ataques existe, n\u00e3o estamos falando disso aqui.<\/p>\n<p>Diante deste contexto, as pessoas, grupos e organiza\u00e7\u00f5es que subscrevem este documento, tanto de Cuba como internacionalmente:<\/p>\n<p>Fazemos um chamado \u00e0 solidariedade internacional com os manifestantes injustamente condenados.<\/p>\n<p>Solicitamos uma Lei de Anistia para as pessoas condenadas injustamente, como um passo necess\u00e1rio que abre as portas para um socialismo verdadeiramente democr\u00e1tico e igualit\u00e1rio.<\/p>\n<p>Ades\u00f5es: https:\/\/solidaridad11j.wordpress.co m\/acessos\/<\/p>\n<p>Assinaturas: https:\/\/solidaridad11j.wordpress.com\/firmar\/<\/p>\n<p>Fonte: https:\/\/solidaridad11j.wordpress.com\/<\/p>\n","protected":false},"excerpt":{"rendered":"<p>Reproduzimos este manifesto de solidariedade aos manifestantes cubanos. A persegui\u00e7\u00e3o realizada pelo regime cubano continua implac\u00e1vel. \u00c9 urgente redobrar os esfor\u00e7os pela liberdade de todas e todos os presos pol\u00edticos e o fim da criminaliza\u00e7\u00e3o do protesto na ilha. Aderimos a esta iniciativa e chamamos a recolher mais assinaturas.<\/p>\n","protected":false},"author":13,"featured_media":66696,"menu_order":0,"comment_status":"closed","ping_status":"closed","sticky":false,"template":"","format":"standard","meta":{"litci_post_political_author":"","footnotes":""},"categories":[1182],"tags":[4135],"class_list":["post-66695","post","type-post","status-publish","format-standard","has-post-thumbnail","hentry","category-cuba","tag-repressao-em-cuba"],"fimg_url":"https:\/\/litci.org\/pt\/wp-content\/uploads\/2022\/04\/cuba-represion-11j-juicios.jpg","categories_names":["Cuba"],"author_info":{"name":"Javier f","pic":"https:\/\/secure.gravatar.com\/avatar\/38f104112503b4b2d43a8972576238b0824db79ccc991f981595fcbc569b0601?s=96&d=mm&r=g"},"political_author":null,"tagline":"","_links":{"self":[{"href":"https:\/\/litci.org\/pt\/wp-json\/wp\/v2\/posts\/66695","targetHints":{"allow":["GET"]}}],"collection":[{"href":"https:\/\/litci.org\/pt\/wp-json\/wp\/v2\/posts"}],"about":[{"href":"https:\/\/litci.org\/pt\/wp-json\/wp\/v2\/types\/post"}],"author":[{"embeddable":true,"href":"https:\/\/litci.org\/pt\/wp-json\/wp\/v2\/users\/13"}],"replies":[{"embeddable":true,"href":"https:\/\/litci.org\/pt\/wp-json\/wp\/v2\/comments?post=66695"}],"version-history":[{"count":0,"href":"https:\/\/litci.org\/pt\/wp-json\/wp\/v2\/posts\/66695\/revisions"}],"wp:featuredmedia":[{"embeddable":true,"href":"https:\/\/litci.org\/pt\/wp-json\/wp\/v2\/media\/66696"}],"wp:attachment":[{"href":"https:\/\/litci.org\/pt\/wp-json\/wp\/v2\/media?parent=66695"}],"wp:term":[{"taxonomy":"category","embeddable":true,"href":"https:\/\/litci.org\/pt\/wp-json\/wp\/v2\/categories?post=66695"},{"taxonomy":"post_tag","embeddable":true,"href":"https:\/\/litci.org\/pt\/wp-json\/wp\/v2\/tags?post=66695"}],"curies":[{"name":"wp","href":"https:\/\/api.w.org\/{rel}","templated":true}]}}