{"id":66662,"date":"2022-04-07T12:10:23","date_gmt":"2022-04-07T15:10:23","guid":{"rendered":"https:\/\/litci.org\/pt\/?p=66662"},"modified":"2022-04-07T12:10:23","modified_gmt":"2022-04-07T15:10:23","slug":"66662-2","status":"publish","type":"post","link":"https:\/\/litci.org\/pt\/2022\/04\/07\/66662-2\/","title":{"rendered":"O referendo passou: organizar a luta"},"content":{"rendered":"<p><em>Em um resultado muito apertado, o N\u00c3O \u00e0 revoga\u00e7\u00e3o dos 135 artigos da Lei de Considera\u00e7\u00e3o Urgente (LUC) se imp\u00f4s com 49.8% dos votos v\u00e1lidos, frente aos 48.8% do SIM, que para triunfar deveria superar os 50% dos votos v\u00e1lidos.<\/em><!--more--><!--more-->Por: IST Uruguai<\/p>\n<p>No domingo \u00e0 noite, \u00e0 medida que a tend\u00eancia ia se confirmando, a sensa\u00e7\u00e3o de amargura se apoderava dos trabalhadores, dos jovens e das mulheres, que a partir das bases tinham se colocado ombro a ombro na campanha pelo SIM. Na segunda-feira pela manh\u00e3 essa sensa\u00e7\u00e3o estava nos locais de trabalho e estudo, onde o sentimento era uma mistura de perda e raiva.<\/p>\n<p>Mas \u00e0 medida que os dias v\u00e3o passando e o golpe vai sendo assimilado, a cabe\u00e7a vai esfriando, os trabalhadores e jovens come\u00e7am a refletir, discutir e a pensar no que vem.<\/p>\n<p><strong>A classe oper\u00e1ria votou massivamente pelo SIM<\/strong><\/p>\n<p>Em Montevid\u00e9u o SIM obteve uma vota\u00e7\u00e3o muito alta nos bairros mais oper\u00e1rios e populares: por exemplo, no Cerro, La Teja, Nuevo Par\u00eds e nas zonas perif\u00e9ricas, ficou em torno e inclusive superou 70% dos votos. Por sua vez, a juventude, que foi a vanguarda da luta contra a LUC, voltou-se massivamente para o SIM (66.6%).<\/p>\n<p>Nos bairros mais ao Centro de Montevid\u00e9u e no litoral, a vota\u00e7\u00e3o tende a ser mais igualit\u00e1ria com vantagens menores para o SIM, com resultados muito apertados, quase 50 a 50, e inclusive com vit\u00f3rias apertadas do N\u00c3O, por exemplo em Parque Rod\u00f3, Buceo e Cord\u00f3n.<br \/>\nOnde o N\u00c3O levou melhor vantagem foi nos bairros de classe m\u00e9dia e alta em Pocitos, Punta Carretas e sobretudo Carrasco.<\/p>\n<p>No interior, o SIM se imp\u00f4s em Canelones e em Paysand\u00fa, departamento de tradi\u00e7\u00e3o oper\u00e1ria combativa que ainda concentra certa ind\u00fastria, e onde, al\u00e9m disso, os oper\u00e1rios de Paycueros vinham de duras lutas. Na localidade de Juan Lacaze (Colonia), hist\u00f3rico basti\u00e3o oper\u00e1rio, o SIM foi o dobro do N\u00c3O, apesar de que no departamento (divis\u00e3o regional de primeira ordem, ndt.) o N\u00c3O ganhou por 10 pontos de diferen\u00e7a.<\/p>\n<p>O N\u00c3O conseguiu ganhar em quase todos os departamentos \u2013 mas n\u00e3o em todas as capitais \u2013 com ampla diferen\u00e7a nos que fazem fronteira com o Brasil.<\/p>\n<p>No interior \u00e9 prov\u00e1vel que, combinando-se a crise da Frente Ampla com fatores de car\u00e1ter hist\u00f3rico como o peso do caudilhismo t\u00edpico dos dirigentes locais, onde o Partido Nacional historicamente teve peso, com trabalhadores menos organizados e mais dispersos \u2013 onde se aplica uma forte press\u00e3o patronal \u2013 explicariam em parte os resultados.<\/p>\n<p>Em conclus\u00e3o, este referendo expressou de forma distorcida a polariza\u00e7\u00e3o social existente: os jovens, os trabalhadores e os setores populares mais pr\u00f3ximos votaram em sua maioria pelo SIM, enquanto que um setor de trabalhadores, uma parte da classe m\u00e9dia, fundamentalmente do interior, as patronais e a alta burguesia, decidiram votar pelo N\u00c3O, permitindo ao governo manter sua base de apoio.<\/p>\n<p>Esse setor m\u00e9dio embora n\u00e3o tenha sido atingido em cheio pela crise e d\u00ea certo cr\u00e9dito ao governo, n\u00e3o o v\u00ea como o principal respons\u00e1vel pela situa\u00e7\u00e3o. Este setor da popula\u00e7\u00e3o acredita no relato do governo de que \u00e9 \u201cv\u00edtima\u201d de problemas externos, primeiro com a pandemia e agora com a guerra na Ucr\u00e2nia, e que s\u00f3 agora \u201ccome\u00e7aria a governar\u201d.<\/p>\n<p>Entretanto, a apertada vit\u00f3ria do N\u00c3O est\u00e1 longe de ser um cheque em branco ao governo ou um respaldo incondicional. De fato, comparando os votos que o governo teve no segundo turno em 2019 com os obtidos pelo N\u00c3O, perdeu cerca de 100 mil votos. A deteriora\u00e7\u00e3o econ\u00f4mica e os ataques que vem, ir\u00e3o apagar as ilus\u00f5es de melhoria e de \u201cluz no fim do t\u00fanel\u201d de todo um setor que, como dissemos, at\u00e9 agora n\u00e3o v\u00ea o governo como o principal culpado.<\/p>\n<p><strong>A rea\u00e7\u00e3o do governo<\/strong><\/p>\n<p>Visto o resultado, a rea\u00e7\u00e3o do governo foi cautelosa. Lacalle Pou \u2013 em cuja suposta alta popularidade a <em>Coalici\u00f3n<\/em> apostava baseando-se nas pesquisas -, deu uma entrevista sucinta \u00e0s 23:30 h para anunciar que a lei havia sido ratificada. E anunciou de passagem, que vem a reforma da Previd\u00eancia e da Educa\u00e7\u00e3o.<\/p>\n<p>A paridade no resultado evitou que o governo sa\u00edsse com euforia. Em seu editorial de ter\u00e7a-feira p\u00f3s-referendo, o jornal ultra oficialista <em>El Pa\u00eds<\/em>, reconheceu que \u201ca diferen\u00e7a foi m\u00ednima e isso n\u00e3o deve ser menosprezado\u201d (1). E o pr\u00f3prio Sanguinetti declarou que embora soubesse que o resultado seria apertado \u201cgostaria de [ganhar por] um pouquinho mais\u201d e reconheceu, ao seu modo, o impacto pelo \u201cdesgaste\u201d que significa o aumento de pre\u00e7os e dos combust\u00edveis (2).<\/p>\n<p>N\u00e3o obstante, usar\u00e3o a vit\u00f3ria nas urnas para tentar aprofundar os ataques contra os trabalhadores e setores populares. Assim manifestou o senador G. Penad\u00e9s anunciando que agora v\u00e3o \u201cpisar fundo no acelerador\u201d, sobretudo nas reformas da Previd\u00eancia e na mercantiliza\u00e7\u00e3o do ensino.<\/p>\n<p><strong>N\u00e3o h\u00e1 nada para esperar: organizar e ir \u00e0 luta!<\/strong><\/p>\n<p>Enquanto as bases da Frente Ampla, dos sindicatos, das panelas populares e dos bairros processavam a raiva pelo resultado, os dirigentes das Frente Ampla saudavam \u201ca jornada democr\u00e1tica\u201d, evitavam falar de derrota e at\u00e9 se mostravam contentes pensando nas elei\u00e7\u00f5es de 2024!!<\/p>\n<p>Por outro lado, a dire\u00e7\u00e3o do PIT-CNT (Central Sindical), em seu comunicado disse que n\u00e3o houve \u201cnem vit\u00f3ria nem derrota\u201d, se juntou a essa falsa \u201ccelebra\u00e7\u00e3o da democracia\u201d e nos diz que o urgente agora \u00e9 \u2026preparar o ato de 1\u00ba de Maio, como uma quest\u00e3o isolada das lutas cotidianas e mais imediatas.<\/p>\n<p>Claro que o 1\u00ba de Maio \u00e9 importante e os trabalhadores devem organiz\u00e1-lo a partir das bases, mas ainda falta um m\u00eas, por isso \u00e9 necess\u00e1rio come\u00e7ar imediatamente a nos organizar para ir unificados \u00e0 luta.<\/p>\n<p>N\u00e3o passou nem uma semana do referendo e o governo da direita voltou a aumentar os combust\u00edveis, o que leva a outro aumento geral de pre\u00e7os. O \u201casado del Cuqui\u201d*, que de churrasco tem pouco e durar\u00e1 apenas um m\u00eas, e a retirada do IVA \u00a0(Imposto de Valor Agregado) b\u00e1sico do p\u00e3o e do macarr\u00e3o (o card\u00e1pio destinado aos oper\u00e1rios precarizados, com sal\u00e1rio muito baixo, e aos muitos aposentados), n\u00e3o passa de uma medida para suavizar e tornar mais \u201cgradual\u201d os aumentos.<\/p>\n<p>Lamentavelmente, a Intend\u00eancia de Montevid\u00e9u (governo de departamento, ndt.) governada pela Frente Ampla, tomou o mesmo caminho aumentando a passagem de \u00f4nibus e justificando com os mesmos argumentos do governo. Em conclus\u00e3o, todos descarregam o ajuste sobre o bolso dos trabalhadores.<\/p>\n<p>Aqueles que sofrem, de forma mais dr\u00e1stica, a pol\u00edtica de ajuste e o aumento de pre\u00e7os deste governo antioper\u00e1rio, n\u00e3o podem esperar. Tamb\u00e9m n\u00e3o podem esperar as mulheres e as jovens que sofrem viol\u00eancia machista e ass\u00e9dio, como o ocorrido no col\u00e9gio do bairro Col\u00f3n. N\u00e3o podem esperar os bairros humildes e localidades que n\u00e3o tem saneamento nem rede de esgoto, onde os setores mais pobres perdem seus poucos pertences, como vimos na cidade de Mercedes, onde o problema n\u00e3o s\u00e3o apenas os fatores clim\u00e1ticos. Menos ainda podem esperar os milhares que s\u00e3o empurrados, pela falta de emprego, a depender dos panelas populares para comer.<\/p>\n<p>Por isso enquanto os dirigentes do oficialismo e a \u201coposi\u00e7\u00e3o\u201d festejam \u201ca democracia\u201d e a \u201cinstitucionalidade\u201d uruguaia, os de baixo tem pouco para comemorar.<\/p>\n<p>O SIM recebeu mais de um milh\u00e3o de votos, eles expressam uma enorme raiva pelo governo. Um rep\u00fadio massivo dos bairros mais oper\u00e1rios e mais negligenciados, onde os direitos n\u00e3o s\u00e3o mais que letra morta no papel.<\/p>\n<p>Com o passar dos dias, a amargura do resultado ir\u00e1 dando lugar ao aumento da raiva contra um governo que j\u00e1 come\u00e7ou um novo ajuste, o que parece prever um cen\u00e1rio de acirramento das lutas.<\/p>\n<p>A partir das bases, deveremos conversar, tirar conclus\u00f5es, nos organizar e preparar para ir \u00e0 luta. Por isso, como j\u00e1 vem colocando a IST, esta campanha do SIM que conquistou mais de um milh\u00e3o de votos, deve servir para impulsionar e retomar as lutas nas ruas de forma unificada. A organiza\u00e7\u00e3o dever\u00e1 ser assumida pelas bases nas f\u00e1bricas, locais de estudo, bairros e panelas populares para deter a m\u00e3o deste governo dos donos do Uruguai.<\/p>\n<p>1) https:\/\/www.elpais.com.uy\/opinion\/editorial\/claro-gobierno-gano.html<\/p>\n<p>2) https:\/\/enperspectiva.uy\/en-perspectiva-programa\/entrevistas\/julio-maria-sanguinetti-pc-si-el-frente-amplio-quiere-volver-a-ganar-el-gobierno-tiene-que-ser-proclive-a-la-negociacion-tiene-que-transar-no-imponer\/<\/p>\n<p>* Rebaixa do pre\u00e7o da carne. Ver: https:\/\/www.elobservador.com.uy\/nota\/del-asado-del-pepe-al-asado-del-cuqui-las-carnicerias-promocionan-el-nuevo-precio-de-la-carne-2022329145514<\/p>\n<p>Tradu\u00e7\u00e3o: Lilian Enck<\/p>\n","protected":false},"excerpt":{"rendered":"<p>Em um resultado muito apertado, o N\u00c3O \u00e0 revoga\u00e7\u00e3o dos 135 artigos da Lei de Considera\u00e7\u00e3o Urgente (LUC) se imp\u00f4s com 49.8% dos votos v\u00e1lidos, frente aos 48.8% do SIM, que para triunfar deveria superar os 50% dos votos v\u00e1lidos.<\/p>\n","protected":false},"author":13,"featured_media":66663,"menu_order":0,"comment_status":"closed","ping_status":"closed","sticky":false,"template":"","format":"standard","meta":{"litci_post_political_author":"","footnotes":""},"categories":[3595],"tags":[3594,472,4581],"class_list":["post-66662","post","type-post","status-publish","format-standard","has-post-thumbnail","hentry","category-uruguai","tag-ist-uruguai","tag-lacalle-pou","tag-referendo-uruguai"],"fimg_url":"https:\/\/litci.org\/pt\/wp-content\/uploads\/2022\/04\/Uruguai.jpg","categories_names":["Uruguai"],"author_info":{"name":"Javier f","pic":"https:\/\/secure.gravatar.com\/avatar\/38f104112503b4b2d43a8972576238b0824db79ccc991f981595fcbc569b0601?s=96&d=mm&r=g"},"political_author":null,"tagline":"","_links":{"self":[{"href":"https:\/\/litci.org\/pt\/wp-json\/wp\/v2\/posts\/66662","targetHints":{"allow":["GET"]}}],"collection":[{"href":"https:\/\/litci.org\/pt\/wp-json\/wp\/v2\/posts"}],"about":[{"href":"https:\/\/litci.org\/pt\/wp-json\/wp\/v2\/types\/post"}],"author":[{"embeddable":true,"href":"https:\/\/litci.org\/pt\/wp-json\/wp\/v2\/users\/13"}],"replies":[{"embeddable":true,"href":"https:\/\/litci.org\/pt\/wp-json\/wp\/v2\/comments?post=66662"}],"version-history":[{"count":0,"href":"https:\/\/litci.org\/pt\/wp-json\/wp\/v2\/posts\/66662\/revisions"}],"wp:featuredmedia":[{"embeddable":true,"href":"https:\/\/litci.org\/pt\/wp-json\/wp\/v2\/media\/66663"}],"wp:attachment":[{"href":"https:\/\/litci.org\/pt\/wp-json\/wp\/v2\/media?parent=66662"}],"wp:term":[{"taxonomy":"category","embeddable":true,"href":"https:\/\/litci.org\/pt\/wp-json\/wp\/v2\/categories?post=66662"},{"taxonomy":"post_tag","embeddable":true,"href":"https:\/\/litci.org\/pt\/wp-json\/wp\/v2\/tags?post=66662"}],"curies":[{"name":"wp","href":"https:\/\/api.w.org\/{rel}","templated":true}]}}