{"id":66283,"date":"2022-03-08T15:04:40","date_gmt":"2022-03-08T18:04:40","guid":{"rendered":"https:\/\/litci.org\/pt\/?p=66283"},"modified":"2022-03-08T15:04:40","modified_gmt":"2022-03-08T18:04:40","slug":"retomar-as-ruas-neste-8m-por-emprego-aborto-e-contra-a-violencia","status":"publish","type":"post","link":"https:\/\/litci.org\/pt\/2022\/03\/08\/retomar-as-ruas-neste-8m-por-emprego-aborto-e-contra-a-violencia\/","title":{"rendered":"Retomar as ruas neste 8M por emprego, aborto e contra a viol\u00eancia!"},"content":{"rendered":"<p><em>Neste 8 de mar\u00e7o, Dia Internacional da Mulher Trabalhadora, voltaremos a tomar as ruas e a comemorar esta data como um dia de luta, exigindo medidas reais diante do ataque sistem\u00e1tico contra nossos direitos.<\/em><\/p>\n<p><!--more--><\/p>\n<p>Por: Lucha Mujer \u2013 Costa Rica<\/p>\n<p><strong>Nossas demandas n\u00e3o cabem em suas urnas<\/strong><\/p>\n<p>A crise do regime pol\u00edtico ficou evidente depois que no primeiro turno eleitoral, a absten\u00e7\u00e3o chegou a 40%. Cerca da metade da popula\u00e7\u00e3o sem sentir-se representada em meio ao circo eleitoral que mostra uma democracia a servi\u00e7o dos ricos. Continuam sendo os partidos financiados pelo grande capital, os que abarcam a maior porcentagem dos votos ao final de campanhas vazias e grande desperd\u00edcio de dinheiro.<\/p>\n<p>E nesta disputa, n\u00f3s mulheres continuamos perdendo, porque embora a nova Assembleia Legislativa contar\u00e1 com um n\u00famero hist\u00f3rico de representa\u00e7\u00e3o de mulheres, isso n\u00e3o significa que se traduzir\u00e1 em melhores condi\u00e7\u00f5es para n\u00f3s. O programa pol\u00edtico com que chegam a governar \u00e9 um programa que refor\u00e7a a opress\u00e3o e a explora\u00e7\u00e3o contra as mulheres e a classe trabalhadora, atrav\u00e9s de ataques \u00e0s condi\u00e7\u00f5es de trabalho e aprofundamento da pobreza. Por isso n\u00e3o temos nenhuma confian\u00e7a nesse espa\u00e7o, que continuar\u00e1 sendo dominado por representantes dos setores empresariais.<\/p>\n<p>E embora a conforma\u00e7\u00e3o do Poder Executivo ainda n\u00e3o esteja definida, \u00e9 claro que tanto Figueres como Chaves representam um programa pol\u00edtico a servi\u00e7o dos interesses dos grandes setores empresariais, os mesmos que durante a pandemia, descarregaram toda a crise sobre a classe trabalhadora e especialmente sobre as mulheres, por isso chamamos a votar nulo neste segundo turno eleitoral.<\/p>\n<p>Durante a disputa eleitoral as quest\u00f5es relacionadas aos direitos das mulheres foram pouco discutidas e quase invisibilizadas. Os resultados do primeiro turno evidenciaram inclusive o menosprezo que h\u00e1 diante das den\u00fancias por viol\u00eancia, e que estas pouco ou nada influenciam na hora de eleger aqueles que podem chegar a governar o pa\u00eds. Isso ficou evidenciado na \u00faltima pesquisa do CIEP, onde particularmente, quando se perguntou sobre o n\u00edvel de influ\u00eancia das den\u00fancias na decis\u00e3o de votar pelos candidatos, para 45% das pessoas, a informa\u00e7\u00e3o da den\u00fancia de ass\u00e9dio sexual contra Chaves n\u00e3o influenciou \u201cnada\u201d em sua decis\u00e3o de votar nesse candidato. E isso permitiu que hoje disputem o segundo turno um candidato que foi sancionado por ass\u00e9dio sexual como \u00e9 o caso de Rodrigo Chaves, e outro com acusa\u00e7\u00f5es de agress\u00e3o contra sua m\u00e3e e sua ex-esposa como \u00e9 o caso de Figueres.<\/p>\n<p>Por\u00e9m n\u00e3o acreditamos que outro candidato tivesse representado um cen\u00e1rio melhor para n\u00f3s, porque a opress\u00e3o n\u00e3o apenas \u00e9 exercida de maneira individual e no \u00e2mbito privado, mas \u00e9 tang\u00edvel atrav\u00e9s de projetos coletivos e das posi\u00e7\u00f5es pol\u00edticas que estes candidatos promovem. Ambos os candidatos, cada um com seus planos de cortes \u00e0s pol\u00edticas sociais, ao or\u00e7amento das institui\u00e7\u00f5es, de encarecimento do custo de vida e de ataque aos direitos trabalhistas, atacam tamb\u00e9m as condi\u00e7\u00f5es de vida de milhares de mulheres e suas fam\u00edlias, empobrecendo-as ainda mais, e limitando sua independ\u00eancia econ\u00f4mica.<\/p>\n<p>Da nossa parte, do Partido dos Trabalhadores, nos sentimos orgulhosas da participa\u00e7\u00e3o eleitoral e de ter levantado um programa socialista em defesa dos direitos das mulheres trabalhadoras, e continuaremos levantando nas ruas, nas lutas, nos locais de trabalho, acompanhando a organiza\u00e7\u00e3o sindical e o movimento de mulheres.<\/p>\n<p><strong>S\u00e3o muitas as raz\u00f5es para sair \u00e0s ruas neste 8 de mar\u00e7o<\/strong><\/p>\n<p>N\u00f3s mulheres fomos as mais afetadas pelo desemprego na pandemia.\u00a0 Mesmo quando houve uma pequena margem de recupera\u00e7\u00e3o nos \u00faltimos meses, continuam os problemas que v\u00ednhamos arrastando quanto ao emprego formal, \u00e0 disparidade salarial e a qualidade do emprego.<\/p>\n<p>Segundo dados da Pesquisa Cont\u00ednua de Emprego, no trimestre de outubro a dezembro do ano passado, a taxa de ocupa\u00e7\u00e3o masculina foi de 63,7%, enquanto que a das mulheres foi estimada em 39,7%. A popula\u00e7\u00e3o de homens trabalhando cresceu em 82 mil, enquanto que a das mulheres subiu apenas 69 mil, o que evidencia uma diferen\u00e7a significativa.<\/p>\n<p>Com a pandemia aumentaram tamb\u00e9m as tarefas dom\u00e9sticas e de cuidados, que foram despejadas sobre as mulheres, limitando ainda mais as possibilidades de acesso a um emprego remunerado, por isso \u00e9 urgente n\u00e3o apenas a defini\u00e7\u00e3o de uma pol\u00edtica espec\u00edfica para garantir o emprego e a independ\u00eancia econ\u00f4mica das mulheres, mas que tamb\u00e9m venha acompanhada da universaliza\u00e7\u00e3o das tarefas de cuidados, para que o Estado assuma sua responsabilidade e deixe de ser um fardo sobre nossos ombros.<\/p>\n<p>Mas tamb\u00e9m sairemos \u00e0s ruas neste 8 de mar\u00e7o contra a viol\u00eancia machista. O ano come\u00e7ou com a terr\u00edvel noticia de um abuso sexual m\u00faltiplo contra uma turista na zona de Talamanca, que evidenciou ainda mais uma din\u00e2mica de impunidade ante as agress\u00f5es sexuais contra as mulheres, especialmente nas zonas tur\u00edsticas onde os agressores se aproveitam da lentid\u00e3o e da neglig\u00eancia do sistema, para continuar agredindo as mulheres.<\/p>\n<p>E recentemente chegamos ao quarto feminic\u00eddio do ano, segundo os dados do Observat\u00f3rio de G\u00eanero, depois que Fernanda Oviedo, que havia colocado medidas de prote\u00e7\u00e3o contra seu ex-companheiro h\u00e1 mais de um ano, foi assassinada em 4 de mar\u00e7o. Por sua vez as fam\u00edlias das v\u00edtimas de feminic\u00eddio continuam lutando contra um sistema judicial que n\u00e3o reconhece a gravidade dos casos e imp\u00f5e penas sem reconhecer as causas do feminic\u00eddio.<\/p>\n<p>Junto a isto, s\u00e3o milhares de mulheres que continuam denunciando fatos de viol\u00eancia e solicitando medidas de prote\u00e7\u00e3o a um sistema que n\u00e3o lhes d\u00e1 acompanhamento, produto dos cortes que foram implementados aos programas e institui\u00e7\u00f5es como o INAMU (Instituto Nacional das Mulheres). Por isso nossa luta \u00e9 tamb\u00e9m para que seja realizada uma declara\u00e7\u00e3o de emerg\u00eancia nacional face \u00e0 viol\u00eancia machista, para que sejam destinados recursos para combat\u00ea-la.<\/p>\n<p>Por\u00e9m neste 8 de mar\u00e7o sa\u00edmos tamb\u00e9m para exigir o direito \u00e0 educa\u00e7\u00e3o sexual laica, anticonceptivos gratuitos e de qualidade e ao aborto legal, seguro e gratuito.<\/p>\n<p>Segundo dados do Estado Mundial da Popula\u00e7\u00e3o 2021 das Na\u00e7\u00f5es Unidas, milhares de mulheres em 57 pa\u00edses em desenvolvimento n\u00e3o podem escolher se desejam ter rela\u00e7\u00f5es sexuais com seus parceiros, usar contraceptivos ou buscar atendimento de sa\u00fade e apenas 56% dos pa\u00edses t\u00eam leis e pol\u00edticas que apoiam a educa\u00e7\u00e3o integral em sexualidade.<\/p>\n<p>E sairemos \u00e0s ruas por muitas raz\u00f5es mais, contra os planos de endividamento com o FMI, por uma auditoria da d\u00edvida p\u00fablica, e desde agora, contra o novo governo que se avizinha anunciando novos ataques.<\/p>\n<p><strong>Resistir e organizar-se para enfrentar o novo governo<\/strong><\/p>\n<p>A iniciativa da manifesta\u00e7\u00e3o deste 8 de mar\u00e7o \u00e9 motivada n\u00e3o apenas pela data, que reivindicamos profundamente, mas tamb\u00e9m pela rea\u00e7\u00e3o de centenas de mulheres jovens que se organizaram e que t\u00eam sido as primeiras a reagir ante o processo eleitoral, t\u00eam buscado se organizar e sair \u00e0s ruas. Acreditamos que \u00e9 exemplar que esta gera\u00e7\u00e3o de mulheres, se mantenha vigilante e cheia de \u00e2nimo para combater desde j\u00e1 o novo governo. Mas esperamos tamb\u00e9m que a manifesta\u00e7\u00e3o n\u00e3o fique s\u00f3. H\u00e1 uma grande responsabilidade dos setores sindicais que deveriam estar se somando tamb\u00e9m a esta convocat\u00f3ria, assumindo este plano de luta tamb\u00e9m como seu.<\/p>\n<p>Sa\u00edmos neste 8 de mar\u00e7o, com a for\u00e7a da luta das mulheres da Am\u00e9rica Latina que est\u00e3o obtendo grandes conquistas, enchendo-se de for\u00e7a para continuar combatendo e enfrentando desde j\u00e1 o novo governo, independentemente de quem chegar \u00e0 presid\u00eancia ap\u00f3s o segundo turno eleitoral.<\/p>\n<p><strong>Nem Figueres nem Chaves: Por emprego, aborto e contra a viol\u00eancia, no 8M vamos \u00e0s ruas!<\/strong><\/p>\n<p>Tradu\u00e7\u00e3o: Lilian Enck<\/p>\n<p>&nbsp;<\/p>\n","protected":false},"excerpt":{"rendered":"<p>Neste 8 de mar\u00e7o, Dia Internacional da Mulher Trabalhadora, voltaremos a tomar as ruas e a comemorar esta data como um dia de luta, exigindo medidas reais diante do ataque sistem\u00e1tico contra nossos direitos.<\/p>\n","protected":false},"author":13,"featured_media":66284,"menu_order":0,"comment_status":"closed","ping_status":"closed","sticky":false,"template":"","format":"standard","meta":{"litci_post_political_author":"","footnotes":""},"categories":[3238,3493],"tags":[3296,4544],"class_list":["post-66283","post","type-post","status-publish","format-standard","has-post-thumbnail","hentry","category-8m-2022","category-mulheres","tag-8m-2022","tag-lucha-mujer-costa-rica"],"fimg_url":"https:\/\/litci.org\/pt\/wp-content\/uploads\/2022\/03\/costa-rica-femicidios.jpg","categories_names":["8M 2022","Mulheres"],"author_info":{"name":"Javier f","pic":"https:\/\/secure.gravatar.com\/avatar\/38f104112503b4b2d43a8972576238b0824db79ccc991f981595fcbc569b0601?s=96&d=mm&r=g"},"political_author":null,"tagline":"","_links":{"self":[{"href":"https:\/\/litci.org\/pt\/wp-json\/wp\/v2\/posts\/66283","targetHints":{"allow":["GET"]}}],"collection":[{"href":"https:\/\/litci.org\/pt\/wp-json\/wp\/v2\/posts"}],"about":[{"href":"https:\/\/litci.org\/pt\/wp-json\/wp\/v2\/types\/post"}],"author":[{"embeddable":true,"href":"https:\/\/litci.org\/pt\/wp-json\/wp\/v2\/users\/13"}],"replies":[{"embeddable":true,"href":"https:\/\/litci.org\/pt\/wp-json\/wp\/v2\/comments?post=66283"}],"version-history":[{"count":0,"href":"https:\/\/litci.org\/pt\/wp-json\/wp\/v2\/posts\/66283\/revisions"}],"wp:featuredmedia":[{"embeddable":true,"href":"https:\/\/litci.org\/pt\/wp-json\/wp\/v2\/media\/66284"}],"wp:attachment":[{"href":"https:\/\/litci.org\/pt\/wp-json\/wp\/v2\/media?parent=66283"}],"wp:term":[{"taxonomy":"category","embeddable":true,"href":"https:\/\/litci.org\/pt\/wp-json\/wp\/v2\/categories?post=66283"},{"taxonomy":"post_tag","embeddable":true,"href":"https:\/\/litci.org\/pt\/wp-json\/wp\/v2\/tags?post=66283"}],"curies":[{"name":"wp","href":"https:\/\/api.w.org\/{rel}","templated":true}]}}