{"id":66035,"date":"2022-02-11T14:56:29","date_gmt":"2022-02-11T17:56:29","guid":{"rendered":"https:\/\/litci.org\/pt\/?p=66035"},"modified":"2022-02-11T14:56:29","modified_gmt":"2022-02-11T17:56:29","slug":"cuba-brutal-perseguicao-do-governo-cubano-aos-manifestantes-do-11j","status":"publish","type":"post","link":"https:\/\/litci.org\/pt\/2022\/02\/11\/cuba-brutal-perseguicao-do-governo-cubano-aos-manifestantes-do-11j\/","title":{"rendered":"Cuba| Brutal persegui\u00e7\u00e3o do governo cubano aos manifestantes do 11J"},"content":{"rendered":"<p><em>Sete meses ap\u00f3s os protestos de 11 de julho de 2021 em Cuba, a repress\u00e3o contra os manifestantes se intensifica. Em 25 de janeiro, ap\u00f3s mais de meio ano de sil\u00eancio, o Minist\u00e9rio P\u00fablico de Cuba ofereceu informa\u00e7\u00f5es sobre os processos penais dos acusados \u200b\u200bde participa\u00e7\u00e3o nas manifesta\u00e7\u00f5es.<\/em><\/p>\n<p><!--more--><\/p>\n<p>Por: Daniel Sugasti<\/p>\n<p>O informe oficial revela 117 processos abertos contra 790 pessoas, incluindo 115 acusados com idades compreendidas entre os 16 e os 20 anos<a href=\"#_ftn1\" name=\"_ftnref1\"><sup>[1]<\/sup><\/a>. O n\u00famero de expedientes indica que v\u00e1rias pessoas foram ou ser\u00e3o julgadas simultaneamente. As autoridades cubanas, por sua vez, reconheceram que 68% dos acusados \u200b\u200best\u00e3o em pris\u00e3o preventiva desde julho.<\/p>\n<p>No entanto, as informa\u00e7\u00f5es do Minist\u00e9rio P\u00fablico s\u00e3o incompletas, pois incluem apenas os casos em que as investiga\u00e7\u00f5es foram conclu\u00eddas, deixando de lado aqueles que est\u00e3o na fase inicial do processo penal. Tampouco falam do n\u00famero exato de pessoas que foram presas durante e depois do 11J. De acordo com a Justi\u00e7a 11J, que, juntamente com familiares, os pr\u00f3prios encarcerados e outros ativistas fazem a contagem das pris\u00f5es, 1.393 pessoas perderam a liberdade como resultado dos protestos de 11 de julho. Como as autoridades reconhecem apenas 489 presos, \u00e9 evidente que existem dezenas de casos n\u00e3o documentados e, portanto, n\u00e3o contabilizados pelo Estado<a href=\"#_ftn2\" name=\"_ftnref2\"><sup>[2]<\/sup><\/a>. Segundo esses dados, pelo menos 730 cubanos ainda est\u00e3o presos, entre os quais \u201c135 entre 12 e 20 anos, 7 menores de 16 anos, 72 entre 16 e 18 anos e 56 entre 19 e 20 anos. de idade.&#8221; <a href=\"#_ftn3\" name=\"_ftnref3\"><sup>[3]<\/sup><\/a>. No entanto, diante de tal persegui\u00e7\u00e3o e aberra\u00e7\u00f5es legais, o presidente cubano, Miguel D\u00edaz-Canel, declarou que em Cuba \u201cn\u00e3o h\u00e1 presos pol\u00edticos\u201d<a href=\"#_ftn4\" name=\"_ftnref4\"><sup>[4]<\/sup><\/a>.<\/p>\n<p>Os acusados enfrentam penas de at\u00e9 30 anos de pris\u00e3o. A inten\u00e7\u00e3o \u00e9 impor puni\u00e7\u00f5es exemplares para amedrontar um povo e uma juventude trabalhadora e precarizada que desperta para a luta pol\u00edtica e se levanta contra d\u00e9cadas de pen\u00faria e repress\u00e3o. O estudante do Instituto Superior de Arte (ISA), Abel Lescay, por exemplo, pode ser condenado a sete anos de pris\u00e3o por &#8220;desordem p\u00fablica&#8221;, acusado de ter insultado um policial durante os protestos<a href=\"#_ftn5\" name=\"_ftnref5\"><sup>[5]<\/sup><\/a>.<\/p>\n<p>V\u00e1rios grupos de ativistas e familiares denunciaram essas senten\u00e7as injustas e desproporcionais. At\u00e9 o final de janeiro, houve 84 julgamentos que condenaram 172 pessoas, sem que o Minist\u00e9rio P\u00fablico tenha informado as senten\u00e7as impostas. Mas ativistas e organiza\u00e7\u00f5es de direitos humanos registram muito mais senten\u00e7as. N\u00e3o h\u00e1 transpar\u00eancia. Pedidos para televisionar julgamentos ou para que a imprensa venha fazer a cobertura foram sempre negados.<\/p>\n<p>Segundo o <em>Granma<\/em><a href=\"#_ftn6\" name=\"_ftnref6\"><sup>[6]<\/sup><\/a>, as acusa\u00e7\u00f5es s\u00e3o m\u00faltiplas: &#8220;&#8230; desordem p\u00fablica, incita\u00e7\u00e3o ao crime, danos ao patrim\u00f4nio, roubo com for\u00e7a e viol\u00eancia, agress\u00e3o, sabotagem e sedi\u00e7\u00e3o<a href=\"#_ftn7\" name=\"_ftnref7\"><sup>[7]<\/sup><\/a>&#8220;, mas o Minist\u00e9rio P\u00fablico deixa claro que sua resposta legal ocorre dentro do quadro da acusa\u00e7\u00e3o de atentado \u201ccontra a ordem constitucional e a estabilidade do nosso Estado socialista\u201d, j\u00e1 que, para eles, o 11 de julho foi uma conspira\u00e7\u00e3o para \u201cdestruir a Revolu\u00e7\u00e3o\u201d<a href=\"#_ftn8\" name=\"_ftnref8\"><sup>[8]<\/sup><\/a>. Em primeiro lugar, isso \u00e9 uma mentira do tamanho da pr\u00f3pria ilha. Como explicamos em outros materiais, n\u00e3o h\u00e1 &#8220;socialismo&#8221; em Cuba, pois a pr\u00f3pria lideran\u00e7a castrista liderou o processo de restaura\u00e7\u00e3o capitalista (liquidando o que, na \u00e9poca, era um estado oper\u00e1rio burocratizado) associado ao capital e interesses imperialistas, sobretudo europeus e canadenses.<\/p>\n<p>O que existe em Cuba \u00e9 um regime autorit\u00e1rio, policial e repressivo, controlado pela dire\u00e7\u00e3o do Partido Comunista de Cuba (PCC) e pelo alto comando das For\u00e7as Armadas, que garante com m\u00e3o de ferro o bom andamento de neg\u00f3cios lucrativos para o capital estrangeiro, assumindo para si um papel de &#8220;parceiro menor&#8221; na entrega do pa\u00eds ao imperialismo. Para esse regime, qualquer organiza\u00e7\u00e3o e a\u00e7\u00e3o independente da classe trabalhadora e do povo cubano \u00e9 intoler\u00e1vel. Seu pior pesadelo \u00e9 uma explos\u00e3o social com as caracter\u00edsticas do 11J. Por isso, em Cuba n\u00e3o h\u00e1 direito \u00e0 sindicaliza\u00e7\u00e3o independente, \u00e0 reuni\u00e3o, \u00e0 greve. As caracter\u00edsticas brutais do regime castrista explicam a perversidade da persegui\u00e7\u00e3o de tudo o que o 11J significou; sua inten\u00e7\u00e3o \u00e9 intimidar, desmoralizar aqueles que ousaram se mobilizar h\u00e1 seis meses contra a fome, a crise da sa\u00fade, a asfixia pol\u00edtica e a aus\u00eancia das liberdades democr\u00e1ticas mais elementares.<\/p>\n<p>Entre 31 de janeiro e 7 de fevereiro, ocorreu o julgamento de cerca de 33 \u201cmanifestantes de Toyo\u201d, acusados \u200b\u200bde \u201csedi\u00e7\u00e3o\u201d, incluindo seis menores. O resultado n\u00e3o \u00e9 conhecido, mas o Minist\u00e9rio P\u00fablico pediu penas de at\u00e9 25 anos de pris\u00e3o. No mesmo dia 31 de janeiro, houve um protesto de mais de 30 pessoas em frente ao tribunal do munic\u00edpio de Havana 10 de outubro, no qual pelo menos 14 ativistas foram agredidos e presos, incluindo muitos parentes dos presos que simplesmente protestaram gritando \u201cjusti\u00e7a\u201d\u201d e \u201cliberdade\u201d. Os ativistas Daniela Rojo, Tata Poet, Leonardo Romero Negr\u00edn, Alexander Hall, Carolina Barrero e Camila Rodr\u00edguez<a href=\"#_ftn9\" name=\"_ftnref9\"><sup>[9]<\/sup><\/a> tamb\u00e9m foram presos. Carolina Barrero, depois de fortes press\u00f5es e amea\u00e7as da Seguran\u00e7a do Estado (\u00f3rg\u00e3o encarregado de vigiar e interrogar qualquer pessoa no pa\u00eds), partiu para Madrid: &#8220;A Seguran\u00e7a do Estado me deu 48 horas para sair&#8221;, postou no Facebook, pois, se ela n\u00e3o sa\u00edsse, as m\u00e3es detidas e outros ativistas \u201cseriam indiciados pelo crime de desordem p\u00fablica\u201d<a href=\"#_ftn10\" name=\"_ftnref10\"><sup>[10]<\/sup><\/a>. Em 10 de fevereiro, a coordenadora da Justi\u00e7a 11J, Camila Rodr\u00edguez, denunciou nas redes da organiza\u00e7\u00e3o que as puni\u00e7\u00f5es pelo protesto no julgamento atingiram inclusive os presos, que foram impedidos de receber a &#8220;jaba&#8221; (bolsa com mantimentos, material de higiene e roupas) e visitas durante 6 meses<a href=\"#_ftn11\" name=\"_ftnref11\"><sup>[11]<\/sup><\/a>.<\/p>\n<p>Apesar de submetidos a constantes interrogat\u00f3rios, como pode ser constatado com frequ\u00eancia em seus depoimentos nas redes sociais, assediados em seus ambientes de trabalho ou locais de estudo, ou mesmo com ass\u00e9dio a seus familiares, s\u00e3o muitos os ativistas que, apesar das campanhas de difama\u00e7\u00e3o, atos de rep\u00fadio (escraches) e o clima de terror imposto pela pol\u00edcia pol\u00edtica castrense, est\u00e3o firmes, resistindo e se organizando.<\/p>\n<p>N\u00f3s da LIT-QI nos solidarizamos com todas as pessoas presas, suas fam\u00edlias, amigos\/as e com as\/os ativistas cubanos que lutam contra o governo e o regime autorit\u00e1rio na ilha.<\/p>\n<p>Desde o in\u00edcio, nos unimos \u00e0 campanha exigindo a liberta\u00e7\u00e3o imediata de todos os presos\/as pol\u00edticos\/as em Cuba e o fim da repress\u00e3o ao regime liderado por D\u00edaz-Canel. \u00c9 imperativo redobrar os esfor\u00e7os, ampliar essa campanha democr\u00e1tica e internacionalista. Para isso, convocamos todos as organiza\u00e7\u00f5es oper\u00e1rias, camponesas, de estudantes, artistas, intelectuais, enfim, todos aqueles que defendem os direitos humanos e as garantias democr\u00e1ticas, a colaborar com esta iniciativa democr\u00e1tica.<\/p>\n<p>A maior parte da esquerda mundial, influenciada pelo castrismo, mant\u00e9m um sil\u00eancio c\u00famplice e criminoso diante da repress\u00e3o do Estado cubano aos lutadores\/as sociais. Ainda h\u00e1 tempo de abandonar esta posi\u00e7\u00e3o e juntar-se \u00e0 campanha contra as pris\u00f5es, julgamentos sum\u00e1rios, senten\u00e7as exemplares, contra a tentativa de sufocar as manifesta\u00e7\u00f5es em Cuba.<\/p>\n<p>De nossa parte, na medida de nossas for\u00e7as, seguiremos defendendo a bandeira das liberdades democr\u00e1ticas em Cuba, contra o regime autorit\u00e1rio do PCC e das For\u00e7as Armadas que, longe de representar o socialismo, planta e colhe terror, desigualdade social , fome e migra\u00e7\u00f5es for\u00e7adas. Consideramos esta tarefa um ponto de partida essencial para uma luta estrat\u00e9gica: uma nova revolu\u00e7\u00e3o na ilha, que recupere as conquistas de 1959, agora com uma profunda democracia oper\u00e1ria, uma luta permanente contra a opress\u00e3o, com respeito \u00e0 diversidade e pelo socialismo.<\/p>\n<p><strong>Liberdade para presos pol\u00edticos em Cuba! Basta de repress\u00e3o!<\/strong><\/p>\n<p><strong>Nenhuma interfer\u00eancia imperialista!<\/strong><\/p>\n<p><strong>Abaixo o regime autorit\u00e1rio e capitalista de D\u00edaz-Canel!<\/strong><\/p>\n<p>Refer\u00eancias:<\/p>\n<p><a href=\"#_ftnref1\" name=\"_ftn1\"><sup>[1]<\/sup><\/a> Justicia11J denuncia que, de 520 ciudadanos enjuiciados, unos 67 tienen entre 16 y 20 a\u00f1os, y que de ellos 52 permanecen bajo prisi\u00f3n provisional.<\/p>\n<p><a href=\"#_ftnref2\" name=\"_ftn2\"><sup>[2]<\/sup><\/a> Ver: &lt;<a href=\"https:\/\/eltoque.com\/la-fiscalia-cubana-y-el-11j-silencio-y-manipulacion\" target=\"_blank\" rel=\"noopener\">https:\/\/eltoque.com\/la-fiscalia-cubana-y-el-11j-silencio-y-manipulacion<\/a>&gt;.<\/p>\n<p><a href=\"#_ftnref3\" name=\"_ftn3\"><sup>[3]<\/sup><\/a> Ver: &lt;<a href=\"https:\/\/www.facebook.com\/justicia11j\/videos\/1509623116087696\/%20\" target=\"_blank\" rel=\"noopener\">https:\/\/www.facebook.com\/justicia11j\/videos\/1509623116087696\/\u00a0<\/a>&gt;.<\/p>\n<p><a href=\"#_ftnref4\" name=\"_ftn4\"><sup>[4]<\/sup><\/a> Ver: &lt;<a href=\"https:\/\/www.dw.com\/es\/cuba-denuncian-juicios-masivos-tras-protestas-del-11j\/a-60394153\" target=\"_blank\" rel=\"noopener\">https:\/\/www.dw.com\/es\/cuba-denuncian-juicios-masivos-tras-protestas-del-11j\/a-60394153<\/a>&gt;.<\/p>\n<p><a href=\"#_ftnref5\" name=\"_ftn5\"><sup>[5]<\/sup><\/a> Ver: &lt;<a href=\"https:\/\/litci.org\/es\/llamamiento-a-la-solidaridad-por-la-causa-de-los-presos-politicos-del-11-de-julio-en-cuba-el-caso-del-joven-artista-abel-lescay\/\">https:\/\/litci.org\/es\/llamamiento-a-la-solidaridad-por-la-causa-de-los-presos-politicos-del-11-de-julio-en-cuba-el-caso-del-joven-artista-abel-lescay\/<\/a>&gt;.<\/p>\n<p><a href=\"#_ftnref6\" name=\"_ftn6\"><sup>[6]<\/sup><\/a> Jornal oficial do Regime cubano. N.T.<\/p>\n<p><a href=\"#_ftnref7\" name=\"_ftn7\"><sup>[7]<\/sup><\/a> Sedi\u00e7\u00e3o: conspira\u00e7\u00e3o para derrubar o governo. N.T.<\/p>\n<p><a href=\"#_ftnref8\" name=\"_ftn8\"><sup>[8]<\/sup><\/a> <a href=\"https:\/\/www.granma.cu\/pensar-en-qr\/2022-01-24\/informacion-sobre-los-procesos-penales-derivados-de-los-disturbios-del-11-de-julio-de-2021-24-01-2022-23-01-35\" target=\"_blank\" rel=\"noopener\">https:\/\/www.granma.cu\/pensar-en-qr\/2022-01-24\/informacion-sobre-los-procesos-penales-derivados-de-los-disturbios-del-11-de-julio-de-2021-24-01-2022-23-01-35<\/a><\/p>\n<p><a href=\"#_ftnref9\" name=\"_ftn9\"><sup>[9]<\/sup><\/a> Ver: &lt;<a href=\"https:\/\/litci.org\/es\/alto-a-la-represion-de-la-dictadura-diaz-canel\/%20\">https:\/\/litci.org\/es\/alto-a-la-represion-de-la-dictadura-diaz-canel\/\u00a0<\/a>&gt;<\/p>\n<p><a href=\"#_ftnref10\" name=\"_ftn10\"><sup>[10]<\/sup><\/a> Ver: &lt;<a href=\"https:\/\/www.facebook.com\/octavia.caseres.1\/posts\/469422628011549\" target=\"_blank\" rel=\"noopener\">https:\/\/www.facebook.com\/octavia.caseres.1\/posts\/469422628011549<\/a>&gt;.<\/p>\n<p><a href=\"#_ftnref11\" name=\"_ftn11\"><sup>[11]<\/sup><\/a> Ver: &lt;<a href=\"https:\/\/www.facebook.com\/119947266958317\/posts\/246093937676982\/?app=fbl\" target=\"_blank\" rel=\"noopener\">https:\/\/www.facebook.com\/119947266958317\/posts\/246093937676982\/?app=fbl<\/a><\/p>\n","protected":false},"excerpt":{"rendered":"<p>Sete meses ap\u00f3s os protestos de 11 de julho de 2021 em Cuba, a repress\u00e3o contra os manifestantes se intensifica. Em 25 de janeiro, ap\u00f3s mais de meio ano de sil\u00eancio, o Minist\u00e9rio P\u00fablico de Cuba ofereceu informa\u00e7\u00f5es sobre os processos penais dos acusados \u200b\u200bde participa\u00e7\u00e3o nas manifesta\u00e7\u00f5es.<\/p>\n","protected":false},"author":13,"featured_media":66036,"menu_order":0,"comment_status":"closed","ping_status":"closed","sticky":false,"template":"","format":"standard","meta":{"litci_post_political_author":"","footnotes":""},"categories":[1182],"tags":[114,4476,4503,4132],"class_list":["post-66035","post","type-post","status-publish","format-standard","has-post-thumbnail","hentry","category-cuba","tag-daniel-sugasti","tag-democracia-cuba","tag-liberdade-presos-politicos-em-cuba","tag-repressao-cuba"],"fimg_url":"https:\/\/litci.org\/pt\/wp-content\/uploads\/2022\/02\/cuba-1.jpg","categories_names":["Cuba"],"author_info":{"name":"Javier f","pic":"https:\/\/secure.gravatar.com\/avatar\/38f104112503b4b2d43a8972576238b0824db79ccc991f981595fcbc569b0601?s=96&d=mm&r=g"},"political_author":null,"tagline":"","_links":{"self":[{"href":"https:\/\/litci.org\/pt\/wp-json\/wp\/v2\/posts\/66035","targetHints":{"allow":["GET"]}}],"collection":[{"href":"https:\/\/litci.org\/pt\/wp-json\/wp\/v2\/posts"}],"about":[{"href":"https:\/\/litci.org\/pt\/wp-json\/wp\/v2\/types\/post"}],"author":[{"embeddable":true,"href":"https:\/\/litci.org\/pt\/wp-json\/wp\/v2\/users\/13"}],"replies":[{"embeddable":true,"href":"https:\/\/litci.org\/pt\/wp-json\/wp\/v2\/comments?post=66035"}],"version-history":[{"count":0,"href":"https:\/\/litci.org\/pt\/wp-json\/wp\/v2\/posts\/66035\/revisions"}],"wp:featuredmedia":[{"embeddable":true,"href":"https:\/\/litci.org\/pt\/wp-json\/wp\/v2\/media\/66036"}],"wp:attachment":[{"href":"https:\/\/litci.org\/pt\/wp-json\/wp\/v2\/media?parent=66035"}],"wp:term":[{"taxonomy":"category","embeddable":true,"href":"https:\/\/litci.org\/pt\/wp-json\/wp\/v2\/categories?post=66035"},{"taxonomy":"post_tag","embeddable":true,"href":"https:\/\/litci.org\/pt\/wp-json\/wp\/v2\/tags?post=66035"}],"curies":[{"name":"wp","href":"https:\/\/api.w.org\/{rel}","templated":true}]}}