{"id":65041,"date":"2021-10-11T17:44:19","date_gmt":"2021-10-11T20:44:19","guid":{"rendered":"https:\/\/litci.org\/pt\/?p=65041"},"modified":"2022-08-09T15:01:02","modified_gmt":"2022-08-09T15:01:02","slug":"detencoes-julgamentos-e-desterros-a-escalada-repressiva-do-regime-cubano-apos-o-11j","status":"publish","type":"post","link":"https:\/\/litci.org\/pt\/2021\/10\/11\/detencoes-julgamentos-e-desterros-a-escalada-repressiva-do-regime-cubano-apos-o-11j\/","title":{"rendered":"Deten\u00e7\u00f5es, julgamentos e desterros: a escalada repressiva do regime cubano ap\u00f3s o 11J"},"content":{"rendered":"<h6>Deten\u00e7\u00f5es, julgamentos e desterros: a escalada repressiva do regime cubano ap\u00f3s o 11J<\/h6>\n<p><em>A lista de presos pol\u00edticos ap\u00f3s 11 de julho j\u00e1 tem mais de 1000 nomes. Feita atrav\u00e9s de um trabalho entre ativistas dentro e fora da Ilha, \u00e9 ineg\u00e1vel a exist\u00eancia dessas pessoas. Dentre elas, muitos jovens e alguns menores de idade que t\u00eam seus nomes, rostos e hist\u00f3rias reveladas na busca de visibilizar ao m\u00e1ximo o que o governo busca ocultar. O suposto crime da maioria deles \u00e9 o mesmo: desordem p\u00fablica. Um conceito bastante amplo e nada convincente, principalmente sabendo que a maioria simplesmente estava presente nas manifesta\u00e7\u00f5es ou gravando e tirando fotos.<\/em><\/p>\n<p><!--more--><\/p>\n<p>Por: Helena N\u00e1huatl<\/p>\n<p>Esse \u00e9 o caso de Yoan de La Cruz, o primeiro a gravar as manifesta\u00e7\u00f5es de San Antonio de los Ba\u00f1os (foto \u00e0 esquerda), o in\u00edcio do 11J, e que agora pode passar 8 anos preso por essas imagens. As irm\u00e3s g\u00eameas, Lisdani e Lisdiany, de Villa Clara (foto \u00e0 direita) foram acusadas de vandalismo, desacato, propaga\u00e7\u00e3o de epidemia e desordem p\u00fablica, correndo o risco de uma senten\u00e7a de 10 anos de pris\u00e3o.<\/p>\n\n\t\t<style type=\"text\/css\">\n\t\t\t#gallery-1 {\n\t\t\t\tmargin: auto;\n\t\t\t}\n\t\t\t#gallery-1 .gallery-item {\n\t\t\t\tfloat: left;\n\t\t\t\tmargin-top: 10px;\n\t\t\t\ttext-align: center;\n\t\t\t\twidth: 50%;\n\t\t\t}\n\t\t\t#gallery-1 img {\n\t\t\t\tborder: 2px solid #cfcfcf;\n\t\t\t}\n\t\t\t#gallery-1 .gallery-caption {\n\t\t\t\tmargin-left: 0;\n\t\t\t}\n\t\t\t\/* see gallery_shortcode() in wp-includes\/media.php *\/\n\t\t<\/style>\n\t\t<div id='gallery-1' class='gallery galleryid-65041 gallery-columns-2 gallery-size-medium'><dl class='gallery-item'>\n\t\t\t<dt class='gallery-icon portrait'>\n\t\t\t\t<a href='https:\/\/litci.org\/pt\/2021\/10\/11\/detencoes-julgamentos-e-desterros-a-escalada-repressiva-do-regime-cubano-apos-o-11j\/cuba-1-4\/'><img loading=\"lazy\" decoding=\"async\" width=\"298\" height=\"300\" src=\"https:\/\/litci.org\/pt\/wp-content\/uploads\/2021\/10\/Cuba-1-298x300.jpg\" class=\"attachment-medium size-medium\" alt=\"\" aria-describedby=\"gallery-1-65042\" srcset=\"https:\/\/litci.org\/pt\/wp-content\/uploads\/2021\/10\/Cuba-1-298x300.jpg 298w, https:\/\/litci.org\/pt\/wp-content\/uploads\/2021\/10\/Cuba-1-150x151.jpg 150w, https:\/\/litci.org\/pt\/wp-content\/uploads\/2021\/10\/Cuba-1-300x302.jpg 300w, https:\/\/litci.org\/pt\/wp-content\/uploads\/2021\/10\/Cuba-1.jpg 539w\" sizes=\"auto, (max-width: 298px) 100vw, 298px\" \/><\/a>\n\t\t\t<\/dt>\n\t\t\t\t<dd class='wp-caption-text gallery-caption' id='gallery-1-65042'>\n\t\t\t\tYoan, San Antonio de los Ba\u00f1os                            \n\t\t\t\t<\/dd><\/dl><dl class='gallery-item'>\n\t\t\t<dt class='gallery-icon landscape'>\n\t\t\t\t<a href='https:\/\/litci.org\/pt\/2021\/10\/11\/detencoes-julgamentos-e-desterros-a-escalada-repressiva-do-regime-cubano-apos-o-11j\/cuba-2-2-2\/'><img loading=\"lazy\" decoding=\"async\" width=\"300\" height=\"169\" src=\"https:\/\/litci.org\/pt\/wp-content\/uploads\/2021\/10\/Cuba-2-300x169.jpg\" class=\"attachment-medium size-medium\" alt=\"\" aria-describedby=\"gallery-1-65043\" srcset=\"https:\/\/litci.org\/pt\/wp-content\/uploads\/2021\/10\/Cuba-2-300x169.jpg 300w, https:\/\/litci.org\/pt\/wp-content\/uploads\/2021\/10\/Cuba-2-150x84.jpg 150w, https:\/\/litci.org\/pt\/wp-content\/uploads\/2021\/10\/Cuba-2.jpg 620w\" sizes=\"auto, (max-width: 300px) 100vw, 300px\" \/><\/a>\n\t\t\t<\/dt>\n\t\t\t\t<dd class='wp-caption-text gallery-caption' id='gallery-1-65043'>\n\t\t\t\t Lisdani e Lisdiany, Villa Clara.       \n\t\t\t\t<\/dd><\/dl><br style=\"clear: both\" \/>\n\t\t<\/div>\n\n<p>J\u00e1 Rowland Jesus Castillo Castro, de Havana (foto \u00e0 esquerda ) e Jonathan Torres Farrat, de Havana (foto \u00e0 direita), t\u00eam 17 anos e aguardam seu destino em pris\u00f5es de seguran\u00e7a m\u00e1xima. Jonathan, que padece de comorbidades, tem acesso frequentemente negado \u00e0 fam\u00edlia e a um tratamento m\u00e9dico adequado.<\/p>\n\n\t\t<style type=\"text\/css\">\n\t\t\t#gallery-2 {\n\t\t\t\tmargin: auto;\n\t\t\t}\n\t\t\t#gallery-2 .gallery-item {\n\t\t\t\tfloat: left;\n\t\t\t\tmargin-top: 10px;\n\t\t\t\ttext-align: center;\n\t\t\t\twidth: 50%;\n\t\t\t}\n\t\t\t#gallery-2 img {\n\t\t\t\tborder: 2px solid #cfcfcf;\n\t\t\t}\n\t\t\t#gallery-2 .gallery-caption {\n\t\t\t\tmargin-left: 0;\n\t\t\t}\n\t\t\t\/* see gallery_shortcode() in wp-includes\/media.php *\/\n\t\t<\/style>\n\t\t<div id='gallery-2' class='gallery galleryid-65041 gallery-columns-2 gallery-size-full'><dl class='gallery-item'>\n\t\t\t<dt class='gallery-icon portrait'>\n\t\t\t\t<a href='https:\/\/litci.org\/pt\/2021\/10\/11\/detencoes-julgamentos-e-desterros-a-escalada-repressiva-do-regime-cubano-apos-o-11j\/cuba-3-5\/'><img loading=\"lazy\" decoding=\"async\" width=\"442\" height=\"589\" src=\"https:\/\/litci.org\/pt\/wp-content\/uploads\/2021\/10\/Cuba-3.jpg\" class=\"attachment-full size-full\" alt=\"\" aria-describedby=\"gallery-2-65045\" srcset=\"https:\/\/litci.org\/pt\/wp-content\/uploads\/2021\/10\/Cuba-3.jpg 442w, https:\/\/litci.org\/pt\/wp-content\/uploads\/2021\/10\/Cuba-3-225x300.jpg 225w, https:\/\/litci.org\/pt\/wp-content\/uploads\/2021\/10\/Cuba-3-150x200.jpg 150w, https:\/\/litci.org\/pt\/wp-content\/uploads\/2021\/10\/Cuba-3-300x400.jpg 300w\" sizes=\"auto, (max-width: 442px) 100vw, 442px\" \/><\/a>\n\t\t\t<\/dt>\n\t\t\t\t<dd class='wp-caption-text gallery-caption' id='gallery-2-65045'>\n\t\t\t\tRowland, Havana\n\t\t\t\t<\/dd><\/dl><dl class='gallery-item'>\n\t\t\t<dt class='gallery-icon portrait'>\n\t\t\t\t<a href='https:\/\/litci.org\/pt\/2021\/10\/11\/detencoes-julgamentos-e-desterros-a-escalada-repressiva-do-regime-cubano-apos-o-11j\/cuba-4-3\/'><img loading=\"lazy\" decoding=\"async\" width=\"437\" height=\"583\" src=\"https:\/\/litci.org\/pt\/wp-content\/uploads\/2021\/10\/Cuba-4.jpg\" class=\"attachment-full size-full\" alt=\"\" aria-describedby=\"gallery-2-65046\" srcset=\"https:\/\/litci.org\/pt\/wp-content\/uploads\/2021\/10\/Cuba-4.jpg 437w, https:\/\/litci.org\/pt\/wp-content\/uploads\/2021\/10\/Cuba-4-225x300.jpg 225w, https:\/\/litci.org\/pt\/wp-content\/uploads\/2021\/10\/Cuba-4-150x200.jpg 150w, https:\/\/litci.org\/pt\/wp-content\/uploads\/2021\/10\/Cuba-4-300x400.jpg 300w\" sizes=\"auto, (max-width: 437px) 100vw, 437px\" \/><\/a>\n\t\t\t<\/dt>\n\t\t\t\t<dd class='wp-caption-text gallery-caption' id='gallery-2-65046'>\n\t\t\t\tJonathan, Havana\n\t\t\t\t<\/dd><\/dl><br style=\"clear: both\" \/>\n\t\t<\/div>\n\n<p>Pelo menos duas centenas de pessoas seguem presas ap\u00f3s o 11J em Cuba. (Hist\u00f3rias de outros presos&nbsp; pol\u00edticos e a peti\u00e7\u00e3o para sua soltura podem ser&nbsp; encontrados nos materiais da campanha).<\/p>\n<p><strong>Rep\u00fadio \u00e0 expuls\u00e3o de Hamlet Lavastidia e Katherine Bisquet de Cuba!<\/strong><\/p>\n<p>Hamlet \u00e9 um artista cubano que estave preso do dia 26 de junho a 26 de setembro deste ano. Foi detido ap\u00f3s cinco dias do seu regresso ao pa\u00eds, em 05 de junho. Hamlet chegou em Cuba antes do 11J e estava preso quando a manifesta\u00e7\u00e3o aconteceu. O artista \u00e9 parte do movimento 27N <a href=\"https:\/\/www.facebook.com\/27Ncuba\" target=\"_blank\" rel=\"noopener\">https:\/\/www.facebook.com\/27Ncuba<\/a> e sugeriu uma manifesta\u00e7\u00e3o art\u00edstica em grupo de whatsapp na qual fariam uma interven\u00e7\u00e3o por escritos nas c\u00e9dulas de dinheiro do pa\u00eds.<\/p>\n<p>Apesar dessa a\u00e7\u00e3o nunca ter sido concretizada, Hamlet foi acusado de \u201cRealizar a\u00e7\u00f5es de desobedi\u00eancia civil em vias p\u00fablicas\u201d com \u201crealiza\u00e7\u00e3o de protestos, tomada de ruas e a realiza\u00e7\u00e3o de a\u00e7\u00f5es semelhantes \u00e0s ocorridas em pa\u00edses do Leste Europeu, com inten\u00e7\u00f5es provocativas&#8221;. Tamb\u00e9m n\u00e3o h\u00e1 no C\u00f3digo Penal do pa\u00eds nenhuma alus\u00e3o ao ato de riscar notas.<\/p>\n<p>Ainda de acordo com o informe do governo, Hamlet: \u201corientou outros contrarrevolucion\u00e1rios a criar uma organiza\u00e7\u00e3o pol\u00edtica para enfrentar as institui\u00e7\u00f5es do Estado. Essa organiza\u00e7\u00e3o usaria como pretexto um suposto clima de ingovernabilidade para exigir a ren\u00fancia do Governo, entre outras propostas\u201d. <a href=\"http:\/\/razonesdecuba.cu\/por-que-fue-detenido-hamlet-lavastida-cordovi\/\" target=\"_blank\" rel=\"noopener\">http:\/\/razonesdecuba.cu\/por-que-fue-detenido-hamlet-lavastida-cordovi\/<\/a><\/p>\n<p>Depois de 3 meses preso, sua liberdade foi em troca do seu desterro. Sua companheira, a escritora Katherine Bisquet, foi pressionada pelo governo cubano a tirar com urg\u00eancia seu visto para a Pol\u00f4nia, pa\u00eds no qual Hamlet tem direto \u00e0 resid\u00eancia. Tamb\u00e9m foi, ao longo desse per\u00edodo, colocada em c\u00e1rcere privado por 65 dias, al\u00e9m de ter sido v\u00e1rias vezes detida e amea\u00e7ada pela pol\u00edcia do pa\u00eds. Em uma carta logo depois de sua chegada \u00e0 Europa, Katherine relata brevemente como foi esse per\u00edodo de pris\u00e3o de Hamlet e expuls\u00e3o dos dois do pa\u00eds.<a href=\"https:\/\/revistaelestornudo.com\/hamlet-lavastida-liberado-artista-cubano\/\" target=\"_blank\" rel=\"noopener\">https:\/\/revistaelestornudo.com\/hamlet-lavastida-liberado-artista-cubano\/<\/a><\/p>\n<p>Os dois foram escoltados ao aeroporto com forte aparato policial imediatamente ap\u00f3s a soltura de Hamlet. L\u00e1, embarcariam rumo \u00e0 Pol\u00f4nia, sem direito de regresso a Cuba.<\/p>\n<p>&nbsp;<\/p>\n<div id=\"attachment_65048\" style=\"width: 710px\" class=\"wp-caption alignnone\"><img loading=\"lazy\" decoding=\"async\" aria-describedby=\"caption-attachment-65048\" class=\"wp-image-65048 size-full\" style=\"text-align: center;\" src=\"http:\/\/litci.org\/pt\/wp-content\/uploads\/2021\/10\/Cuba-5.jpg\" alt=\"Cuba 11j\" width=\"700\" height=\"500\" srcset=\"https:\/\/litci.org\/pt\/wp-content\/uploads\/2021\/10\/Cuba-5.jpg 700w, https:\/\/litci.org\/pt\/wp-content\/uploads\/2021\/10\/Cuba-5-300x214.jpg 300w, https:\/\/litci.org\/pt\/wp-content\/uploads\/2021\/10\/Cuba-5-150x107.jpg 150w, https:\/\/litci.org\/pt\/wp-content\/uploads\/2021\/10\/Cuba-5-696x497.jpg 696w\" sizes=\"auto, (max-width: 700px) 100vw, 700px\" \/><p id=\"caption-attachment-65048\" class=\"wp-caption-text\">Khaterine e Hamlet<\/p><\/div>\n<p>Em primeiro lugar, gostar\u00edamos de expressar nossa solidariedade aos dois jovens artistas e ativistas. Ningu\u00e9m deve ser expulso do pr\u00f3prio pa\u00eds por ter ideias divergentes. Isso \u00e9 inaceit\u00e1vel, por\u00e9m t\u00edpico de regimes autorit\u00e1rios e ditaduras que a todo custo buscam permanecer no poder.<\/p>\n<p>Em segundo lugar, repudiamos a medida vergonhosa do governo cubano a fim de silenciar as vozes dissonantes do pa\u00eds. Em meio a uma crise sanit\u00e1ria, alimentar e de desprest\u00edgio do pr\u00f3prio regime, Cuba busca silenciar aqueles que querem melhores condi\u00e7\u00f5es de vida e o direito \u00e0 liberdade de se expressar, dois elementos b\u00e1sicos em qualquer sociedade que queira ser vista como justa.<\/p>\n<p>Tamb\u00e9m nos parece muito simb\u00f3lico que a principal medida do governo no pr\u00f3ximo per\u00edodo, sem ter solucionado a crise sanit\u00e1ria, seja a abertura do turismo. Como qualquer outro governo capitalista, Cuba hoje se preocupa mais com a \u201ceconomia\u201d \u2014 ou seja, os lucros de quem gere o turismo no pa\u00eds \u2014 do que com quem sofre pela falta de aten\u00e7\u00e3o m\u00e9dica, tratamentos b\u00e1sicos, falta de alimentos e priva\u00e7\u00e3o de liberdade.<\/p>\n<p>Exigimos do governo cubano a revers\u00e3o imediata de todos os desterrados\/expulsos do pa\u00eds!<\/p>\n<p>Liberdade a todos os presos pol\u00edticos cubanos!<\/p>\n<p>Fim da ditadura capitalista de D\u00edaz-Canel!<\/p>\n","protected":false},"excerpt":{"rendered":"<p>Deten\u00e7\u00f5es, julgamentos e desterros: a escalada repressiva do regime cubano ap\u00f3s o 11J A lista de presos pol\u00edticos ap\u00f3s 11 de julho j\u00e1 tem mais de 1000 nomes. Feita atrav\u00e9s de um trabalho entre ativistas dentro e fora da Ilha, \u00e9 ineg\u00e1vel a exist\u00eancia dessas pessoas. Dentre elas, muitos jovens e alguns menores de idade [&hellip;]<\/p>\n","protected":false},"author":13,"featured_media":74456,"menu_order":0,"comment_status":"closed","ping_status":"closed","sticky":false,"template":"","format":"standard","meta":{"litci_post_political_author":"","footnotes":""},"categories":[1182],"tags":[1117,3063,4131,4132],"class_list":["post-65041","post","type-post","status-publish","format-standard","has-post-thumbnail","hentry","category-cuba","tag-gabriela-hipolito","tag-presos-politicos-cuba","tag-protestos-cuba","tag-repressao-cuba"],"fimg_url":"https:\/\/litci.org\/pt\/wp-content\/uploads\/2021\/10\/Cuba-3-1.jpg","categories_names":["Cuba"],"author_info":{"name":"Javier f","pic":"https:\/\/secure.gravatar.com\/avatar\/38f104112503b4b2d43a8972576238b0824db79ccc991f981595fcbc569b0601?s=96&d=mm&r=g"},"political_author":null,"tagline":"","_links":{"self":[{"href":"https:\/\/litci.org\/pt\/wp-json\/wp\/v2\/posts\/65041","targetHints":{"allow":["GET"]}}],"collection":[{"href":"https:\/\/litci.org\/pt\/wp-json\/wp\/v2\/posts"}],"about":[{"href":"https:\/\/litci.org\/pt\/wp-json\/wp\/v2\/types\/post"}],"author":[{"embeddable":true,"href":"https:\/\/litci.org\/pt\/wp-json\/wp\/v2\/users\/13"}],"replies":[{"embeddable":true,"href":"https:\/\/litci.org\/pt\/wp-json\/wp\/v2\/comments?post=65041"}],"version-history":[{"count":1,"href":"https:\/\/litci.org\/pt\/wp-json\/wp\/v2\/posts\/65041\/revisions"}],"predecessor-version":[{"id":74457,"href":"https:\/\/litci.org\/pt\/wp-json\/wp\/v2\/posts\/65041\/revisions\/74457"}],"wp:featuredmedia":[{"embeddable":true,"href":"https:\/\/litci.org\/pt\/wp-json\/wp\/v2\/media\/74456"}],"wp:attachment":[{"href":"https:\/\/litci.org\/pt\/wp-json\/wp\/v2\/media?parent=65041"}],"wp:term":[{"taxonomy":"category","embeddable":true,"href":"https:\/\/litci.org\/pt\/wp-json\/wp\/v2\/categories?post=65041"},{"taxonomy":"post_tag","embeddable":true,"href":"https:\/\/litci.org\/pt\/wp-json\/wp\/v2\/tags?post=65041"}],"curies":[{"name":"wp","href":"https:\/\/api.w.org\/{rel}","templated":true}]}}