{"id":64815,"date":"2021-09-09T17:12:50","date_gmt":"2021-09-09T20:12:50","guid":{"rendered":"https:\/\/litci.org\/pt\/?p=64815"},"modified":"2021-09-09T17:12:50","modified_gmt":"2021-09-09T20:12:50","slug":"cuba-polemica-com-o-partido-comunista-paraguaio","status":"publish","type":"post","link":"https:\/\/litci.org\/pt\/2021\/09\/09\/cuba-polemica-com-o-partido-comunista-paraguaio\/","title":{"rendered":"Cuba| Pol\u00eamica com o Partido Comunista Paraguaio"},"content":{"rendered":"<p><em>Nas \u00faltimas semanas houve um importante debate na imprensa paraguaia, como ocorre em escala internacional entre o ativismo, sobre a situa\u00e7\u00e3o e as tarefas que se colocam para a classe trabalhadora e a esquerda em Cuba, especialmente a partir dos protestos do passado 11 de julho .<\/em><\/p>\n<p><!--more--><\/p>\n<p>O companheiro Ronald Le\u00f3n N\u00fa\u00f1ez, historiador e membro da LIT-QI, escreveu uma coluna na qual, a partir da elabora\u00e7\u00e3o hist\u00f3rica e recente de nossa Internacional, analisa a nova situa\u00e7\u00e3o na ilha. Nesse sentido, o texto aprofunda o problema do car\u00e1ter da economia, do regime e do Estado cubano, evidentemente, a partir de uma posi\u00e7\u00e3o de apoio aos protestos populares contra a ditadura capitalista liderada pelo Partido Comunista Cubano. Consequentemente, expressa um forte recha\u00e7o \u00e0 repress\u00e3o e pris\u00e3o de mais de 800 manifestantes.<\/p>\n<p>O artigo provocou debates interessantes entre a vanguarda. De forma honesta, se expressaram v\u00e1rias opini\u00f5es, al\u00e9m de d\u00favidas, confus\u00f5es e at\u00e9 desconhecimento sobre a realidade cubana. Acolhemos esses debates e acreditamos que \u00e9 necess\u00e1rio e \u00fatil dar-lhes continuidade em diferentes espa\u00e7os.<\/p>\n<p>No sentido oposto, Alhel\u00ed C\u00e1ceres, membro do Comit\u00e9 Central do Partido Comunista Paraguaio (PCP), assumiu uma defesa incondicional, n\u00e3o dos interesses do povo cubano, mas do regime de Castro, que controla a ilha com punho de ferro. Como se poder\u00e1 ver, ao longo do debate C\u00e1ceres n\u00e3o oferece uma abordagem s\u00f3lida, pois se limita a repetir o discurso do regime. Nega fatos \u00f3bvios para justificar o injustific\u00e1vel: a repress\u00e3o pol\u00edtica e a entrega da economia cubana ao capital imperialista. Em suma, n\u00e3o refuta nada do que se prop\u00f4s a &#8220;desmentir&#8221;.<\/p>\n<p>Assim, sem argumentos v\u00e1lidos e fiel ao m\u00e9todo estalinista, C\u00e1ceres recorreu a cal\u00fanias, insultos, acusa\u00e7\u00f5es pessoais, am\u00e1lgamas e mentiras que, com raz\u00e3o, causaram repulsa em um setor de militantes sociais e de esquerda no Paraguai. A resposta de C\u00e1ceres se contradiz a si mesma. Mostra por completo a baixeza pol\u00edtica e a degenera\u00e7\u00e3o moral dos chamados partidos comunistas. Por isso, acreditamos que este debate pode ajudar a ilustrar, em outros pa\u00edses, o car\u00e1ter nefasto desta pr\u00e1tica.<\/p>\n<p>A pol\u00eamica se desenvolveu nas p\u00e1ginas do Suplemento Cultural do jornal ABC color, sob a dire\u00e7\u00e3o de Montserrat \u00c1lvarez. Ela n\u00e3o s\u00f3 demonstrou crit\u00e9rios democr\u00e1ticos e uma abertura generosa para veicular o debate no jornal, mas tamb\u00e9m participou pessoalmente do mesmo, condenando a degenera\u00e7\u00e3o do regime castrista e, nesse contexto, defendendo o direito de protesto do povo cubano<a href=\"#_ftn1\" name=\"_ftnref1\">[1]<\/a> . A campanha do PCP foi t\u00e3o brutal que, devido a esta atitude, dirigiu-lhe o mais rasteiro ataque difamat\u00f3rio, j\u00e1 que nem sequer citaram ou polemizaram contra nada do que \u00c1lvarez tinha escrito<a href=\"#_ftn2\" name=\"_ftnref2\">[2]<\/a>. Os ataques \u00e0 integridade moral de Le\u00f3n e \u00c1lvarez desencadearam uma s\u00e9rie de express\u00f5es de solidariedade de diversos setores que, mesmo sem concordar com suas an\u00e1lises de Cuba, condenaram o m\u00e9todo da mentira e da desqualifica\u00e7\u00e3o pessoal.<\/p>\n<p>Por fim, \u00e9 importante destacar que no meio do debate por escrito, Le\u00f3n prop\u00f4s um debate aberto e p\u00fablico, por meio da internet, para atingir um p\u00fablico maior e poder aprofundar a pol\u00eamica cara a cara. Mas nem C\u00e1ceres nem o PCP responderam. Com o sil\u00eancio demonstraram n\u00e3o s\u00f3 sua covardia, mas tamb\u00e9m seu desinteresse em aprofundar um debate mais amplo e din\u00e2mico, atitude que se poderia esperar de quem se diz interessado em analisar, compreender e discutir qual \u00e9 a solu\u00e7\u00e3o pol\u00edtica para o povo cubano<a href=\"#_ftn3\" name=\"_ftnref3\">[3]<\/a>.<\/p>\n<p>A seguir colocamos \u00e0 disposi\u00e7\u00e3o dos nossos leitores os links para os artigos que comp\u00f5em o debate entre Le\u00f3n e C\u00e1ceres, no idioma espanhol.<\/p>\n<p><strong>La izquierda ante las protestas en Cuba<\/strong>\u00a0(Ronald Le\u00f3n):\u00a0<a href=\"https:\/\/bit.ly\/2WmXdIc\" target=\"_blank\" rel=\"noopener\">https:\/\/bit.ly\/2WmXdIc<\/a><\/p>\n<p><strong>Los comunistas ante el proceso de construcci\u00f3n socialista en Cuba<\/strong>\u00a0(Alhel\u00ed C\u00e1ceres):\u00a0<a href=\"https:\/\/bit.ly\/3kptsyR\" target=\"_blank\" rel=\"noopener\">https:\/\/bit.ly\/3kptsyR<\/a><\/p>\n<p><strong>Una vez m\u00e1s, acerca de Cuba<\/strong>\u00a0(Ronald Le\u00f3n):\u00a0<a href=\"https:\/\/bit.ly\/3zdPkmT\" target=\"_blank\" rel=\"noopener\">https:\/\/bit.ly\/3zdPkmT<\/a><\/p>\n<p><strong>Desprestigiar la revoluci\u00f3n cubana requiere de tergiversaciones y falacias<\/strong>\u00a0(Alhel\u00ed C\u00e1ceres):\u00a0<a href=\"https:\/\/bit.ly\/3BHD1zQ\" target=\"_blank\" rel=\"noopener\">https:\/\/bit.ly\/3BHD1zQ\u00a0<\/a><\/p>\n<p>&nbsp;<\/p>\n<p>Refer\u00eancias<\/p>\n<p><a href=\"#_ftnref1\" name=\"_ftn1\">[1]<\/a> Sobre Cuba y el Gran Hotel Abismo: &lt;<a href=\"https:\/\/www.abc.com.py\/edicion-impresa\/suplementos\/cultural\/2021\/08\/22\/sobre-cuba-y-el-gran-hotel-abismo\/\" target=\"_blank\" rel=\"noopener\">https:\/\/www.abc.com.py\/edicion-impresa\/suplementos\/cultural\/2021\/08\/22\/sobre-cuba-y-el-gran-hotel-abismo\/<\/a>&gt;.<\/p>\n<p><a href=\"#_ftnref2\" name=\"_ftn2\">[2]<\/a> Respuesta de Montserrat \u00c1lvarez al PCP: &lt;<a href=\"https:\/\/www.facebook.com\/montserrat.alvarezz\/posts\/10159603100499269\" target=\"_blank\" rel=\"noopener\">https:\/\/www.facebook.com\/montserrat.alvarezz\/posts\/10159603100499269<\/a>&gt;.<\/p>\n<p><a href=\"#_ftnref3\" name=\"_ftn3\">[3]<\/a> <a href=\"http:\/\/Ver: &lt;https:\/\/www.facebook.com\/ronald.leonnunez.9\/posts\/538155840852979&gt;.\">Ver: &lt;https:\/\/www.facebook.com\/ronald.leonnunez.9\/posts\/538155840852979&gt;.<\/a><\/p>\n<p>&nbsp;<\/p>\n","protected":false},"excerpt":{"rendered":"<p>Nas \u00faltimas semanas houve um importante debate na imprensa paraguaia, como ocorre em escala internacional entre o ativismo, sobre a situa\u00e7\u00e3o e as tarefas que se colocam para a classe trabalhadora e a esquerda em Cuba, especialmente a partir dos protestos do passado 11 de julho .<\/p>\n","protected":false},"author":13,"featured_media":64816,"menu_order":0,"comment_status":"closed","ping_status":"closed","sticky":false,"template":"","format":"standard","meta":{"litci_post_political_author":"","footnotes":""},"categories":[1182,49],"tags":[4236,4237,4238,4239],"class_list":["post-64815","post","type-post","status-publish","format-standard","has-post-thumbnail","hentry","category-cuba","category-polemica","tag-alheli-caceres","tag-montserrat-alvarez","tag-protesto-em-cuba","tag-ronald-leon-nunez"],"fimg_url":"https:\/\/litci.org\/pt\/wp-content\/uploads\/2021\/09\/Cuba-3.jpg","categories_names":["Cuba","Pol\u00eamica"],"author_info":{"name":"Javier f","pic":"https:\/\/secure.gravatar.com\/avatar\/38f104112503b4b2d43a8972576238b0824db79ccc991f981595fcbc569b0601?s=96&d=mm&r=g"},"political_author":null,"tagline":"","_links":{"self":[{"href":"https:\/\/litci.org\/pt\/wp-json\/wp\/v2\/posts\/64815","targetHints":{"allow":["GET"]}}],"collection":[{"href":"https:\/\/litci.org\/pt\/wp-json\/wp\/v2\/posts"}],"about":[{"href":"https:\/\/litci.org\/pt\/wp-json\/wp\/v2\/types\/post"}],"author":[{"embeddable":true,"href":"https:\/\/litci.org\/pt\/wp-json\/wp\/v2\/users\/13"}],"replies":[{"embeddable":true,"href":"https:\/\/litci.org\/pt\/wp-json\/wp\/v2\/comments?post=64815"}],"version-history":[{"count":0,"href":"https:\/\/litci.org\/pt\/wp-json\/wp\/v2\/posts\/64815\/revisions"}],"wp:featuredmedia":[{"embeddable":true,"href":"https:\/\/litci.org\/pt\/wp-json\/wp\/v2\/media\/64816"}],"wp:attachment":[{"href":"https:\/\/litci.org\/pt\/wp-json\/wp\/v2\/media?parent=64815"}],"wp:term":[{"taxonomy":"category","embeddable":true,"href":"https:\/\/litci.org\/pt\/wp-json\/wp\/v2\/categories?post=64815"},{"taxonomy":"post_tag","embeddable":true,"href":"https:\/\/litci.org\/pt\/wp-json\/wp\/v2\/tags?post=64815"}],"curies":[{"name":"wp","href":"https:\/\/api.w.org\/{rel}","templated":true}]}}