{"id":64736,"date":"2021-08-31T13:53:49","date_gmt":"2021-08-31T16:53:49","guid":{"rendered":"https:\/\/litci.org\/pt\/?p=64736"},"modified":"2021-08-31T13:53:49","modified_gmt":"2021-08-31T16:53:49","slug":"ditadura-do-mpla-reprime-e-prende-jovens-que-lutam-por-democracia-em-angola","status":"publish","type":"post","link":"https:\/\/litci.org\/pt\/2021\/08\/31\/ditadura-do-mpla-reprime-e-prende-jovens-que-lutam-por-democracia-em-angola\/","title":{"rendered":"Ditadura do MPLA reprime e prende jovens que lutam por democracia em Angola"},"content":{"rendered":"<p><em>No dia de ontem algumas centenas de jovens se dirigiram a Assembleia Nacional de Angola, em Luanda, onde a ditadura do Movimento Popular de Liberta\u00e7\u00e3o de Angola (MPLA) tenta manter a fachada de um regime democr\u00e1tico.<\/em><\/p>\n<p><!--more--><\/p>\n<p>Por: Antonio Tonga<\/p>\n<p>Os manifestantes protestavam contra o que \u00e9 chamado \u201cdiploma eleitoral\u201d, projeto que tenta criar regras e condi\u00e7\u00f5es mais proibitivas para as elei\u00e7\u00f5es no pa\u00eds. Os manifestantes exigem condi\u00e7\u00f5es democr\u00e1ticas para participarem das elei\u00e7\u00f5es aut\u00e1rquicas que deveriam se realizar em 2022 (mas que est\u00e3o prometidas de se realizar h\u00e1 v\u00e1rios anos).<\/p>\n<p>Ao chegarem pr\u00f3ximo da Assembleia Nacional, os jovens manifestantes se depararam com um extenso efetivo da pol\u00edcia nacional que montou um cord\u00e3o em todo o per\u00edmetro e locais adjacentes, incluindo efetivos antidist\u00farbios, brigada de cavalaria e agentes \u00e0 paisana.<\/p>\n<p>Embora realizassem um protesto pac\u00edfico, os manifestantes foram duramente reprimidos com golpes de bast\u00f5es e cassetetes. Mais de 20 manifestantes foram presos.<\/p>\n<p>A repercuss\u00e3o dessa repress\u00e3o ditatorial do governo angolano foi imediata. Dentro e fora do pa\u00eds, v\u00e1rias organiza\u00e7\u00f5es politicas e ativistas da juventude repudiaram essa repress\u00e3o e prepararam uma grande campanha pela liberdade destes presos pol\u00edticos.<\/p>\n<p>Em Luanda j\u00e1 se estava convocando uma nova manifesta\u00e7\u00e3o ainda maior para frente da Assembleia Nacional. Frente a isso, a ditadura libertou todos os presos ainda no final do dia.<\/p>\n<p>B<strong>asta de ditadura! Basta de mis\u00e9ria!<\/strong><\/p>\n<p>A juventude angolana est\u00e1 cansada da mis\u00e9ria, do elevado custo de vida, e da repress\u00e3o e autoritarismo que tem aumentado em meio \u00e0 pandemia da COVID-19. Por isso t\u00eam crescido manifesta\u00e7\u00f5es no \u00faltimo per\u00edodo em v\u00e1rios pontos do pa\u00eds exigindo sa\u00edda do MPLA, elei\u00e7\u00f5es aut\u00e1rquicas livres, e contr\u00e1rias \u00e0 lei eleitoral e \u00e0s mudan\u00e7as na CNE (Comiss\u00e3o Nacional de Elei\u00e7\u00f5es).<\/p>\n<p>Os companheiros e companheiras da Liga Internacional dos Trabalhadores (LIT-QI) de Portugal e Brasil rapidamente manifestaram sua solidariedade inequ\u00edvoca a esta manifesta\u00e7\u00e3o da luta da juventude angolana e defenderam a liberdade dos presos pol\u00edticos contra a ditadura sanguin\u00e1ria do MPLA. N\u00e3o esquecemos os acontecimentos do in\u00edcio do ano em Cafunfo, onde a pol\u00edcia nacional chacinou mais de 20 membros do Protetorado Lunda Tchokwe.<\/p>\n<p><strong>Fora JLO! Fora MPLA!<\/strong><\/p>\n<p>31\/08\/21<\/p>\n<p>Assista ao v\u00eddeo direto sobre os protestos:<\/p>\n<p><a href=\"https:\/\/m.facebook.com\/story.php?story_fbid=517624469539171&amp;id=102870341395465\" target=\"_blank\" rel=\"noopener\">https:\/\/m.facebook.com\/story.php?story_fbid=517624469539171&amp;id=102870341395465<\/a><\/p>\n<p>&nbsp;<\/p>\n<p>&nbsp;<\/p>\n<p>&nbsp;<\/p>\n","protected":false},"excerpt":{"rendered":"<p>No dia de ontem algumas centenas de jovens se dirigiram a Assembleia Nacional de Angola, em Luanda, onde a ditadura do Movimento Popular de Liberta\u00e7\u00e3o de Angola (MPLA) tenta manter a fachada de um regime democr\u00e1tico.<\/p>\n","protected":false},"author":13,"featured_media":64757,"menu_order":0,"comment_status":"closed","ping_status":"closed","sticky":false,"template":"","format":"standard","meta":{"litci_post_political_author":"","footnotes":""},"categories":[1415],"tags":[2842,4220,3613,4221],"class_list":["post-64736","post","type-post","status-publish","format-standard","has-post-thumbnail","hentry","category-angola","tag-antonio-tonga","tag-diploma-eleitoral-angola","tag-mpla-movimento-popular-de-libertacao-de-angola","tag-protestos-angola"],"fimg_url":"https:\/\/litci.org\/pt\/wp-content\/uploads\/2021\/08\/Angola-1.jpg","categories_names":["Angola"],"author_info":{"name":"Javier f","pic":"https:\/\/secure.gravatar.com\/avatar\/38f104112503b4b2d43a8972576238b0824db79ccc991f981595fcbc569b0601?s=96&d=mm&r=g"},"political_author":null,"tagline":"","_links":{"self":[{"href":"https:\/\/litci.org\/pt\/wp-json\/wp\/v2\/posts\/64736","targetHints":{"allow":["GET"]}}],"collection":[{"href":"https:\/\/litci.org\/pt\/wp-json\/wp\/v2\/posts"}],"about":[{"href":"https:\/\/litci.org\/pt\/wp-json\/wp\/v2\/types\/post"}],"author":[{"embeddable":true,"href":"https:\/\/litci.org\/pt\/wp-json\/wp\/v2\/users\/13"}],"replies":[{"embeddable":true,"href":"https:\/\/litci.org\/pt\/wp-json\/wp\/v2\/comments?post=64736"}],"version-history":[{"count":0,"href":"https:\/\/litci.org\/pt\/wp-json\/wp\/v2\/posts\/64736\/revisions"}],"wp:featuredmedia":[{"embeddable":true,"href":"https:\/\/litci.org\/pt\/wp-json\/wp\/v2\/media\/64757"}],"wp:attachment":[{"href":"https:\/\/litci.org\/pt\/wp-json\/wp\/v2\/media?parent=64736"}],"wp:term":[{"taxonomy":"category","embeddable":true,"href":"https:\/\/litci.org\/pt\/wp-json\/wp\/v2\/categories?post=64736"},{"taxonomy":"post_tag","embeddable":true,"href":"https:\/\/litci.org\/pt\/wp-json\/wp\/v2\/tags?post=64736"}],"curies":[{"name":"wp","href":"https:\/\/api.w.org\/{rel}","templated":true}]}}