{"id":64502,"date":"2021-07-21T14:06:02","date_gmt":"2021-07-21T17:06:02","guid":{"rendered":"https:\/\/litci.org\/pt\/?p=64502"},"modified":"2021-07-21T14:06:02","modified_gmt":"2021-07-21T17:06:02","slug":"64502-2","status":"publish","type":"post","link":"https:\/\/litci.org\/pt\/2021\/07\/21\/64502-2\/","title":{"rendered":"Queremos tirar j\u00e1 Bolsonaro, mas tamb\u00e9m o fim da desigualdade social"},"content":{"rendered":"<p><em>A leva de den\u00fancias sobre o roubo nas vacinas mostra que o genoc\u00eddio promovido por Bolsonaro vai al\u00e9m do negacionismo criminoso, sendo impulsionado tamb\u00e9m pela corrup\u00e7\u00e3o.<\/em><\/p>\n<p><!--more--><\/p>\n<p>Por: PSTU Brasil<\/p>\n<p>Al\u00e9m da pandemia, o povo pobre enfrenta uma pol\u00edtica econ\u00f4mica que aprofunda o desemprego, a fome e a mis\u00e9ria. A infla\u00e7\u00e3o dos alimentos dispara, assim como as demiss\u00f5es, a informalidade e o trabalho prec\u00e1rio. Essa \u00e9 a trag\u00e9dia social que vivemos.<\/p>\n<p>A infla\u00e7\u00e3o nos \u00faltimos 12 meses est\u00e1 por volta de 9%, enquanto s\u00f3 a cesta b\u00e1sica aumentou entre 25% e 30%. Uma disparada dos pre\u00e7os que n\u00e3o vem acompanhada pelos sal\u00e1rios. Segundo o Departamento Intersindical de Estat\u00edstica e Estudos Socioecon\u00f4micos ( Dieese), 58% dos acordos salariais foram abaixo da infla\u00e7\u00e3o, e s\u00f3 14% contaram com aumento real.<\/p>\n<p>Segundo a Rede Brasileira de Pesquisa em Soberania e Seguran\u00e7a Alimentar e Nutricional (Rede Penssan), 118,6 milh\u00f5es de brasileiros viviam com algum grau de inseguran\u00e7a alimentar em dezembro passado. \u00c9 mais que a metade da popula\u00e7\u00e3o. Destes, 19 milh\u00f5es passavam fome.<\/p>\n<p><strong>Desigualdade vergonhosa<\/strong><\/p>\n<p>Enquanto isso, o lucro de 262 grandes empresas listadas na Bolsa de S\u00e3o Paulo no primeiro trimestre do ano foi de R$ 83,3 bilh\u00f5es, maior valor desde 2018. No mesmo per\u00edodo, os bancos lucraram quase R$ 80 bi, e ainda tiveram a cara de pau de demitir 13 mil banc\u00e1rios.<\/p>\n<p>J\u00e1 os 65 bilion\u00e1rios do Brasil concentram uma fortuna de US$ 219 bilh\u00f5es (R$ 1 trilh\u00e3o e 226 bilh\u00f5es de reais), o que daria para pagar um aux\u00edlio-emergencial de um sal\u00e1rio m\u00ednimo a 65 milh\u00f5es de brasileiros por um ano e meio. Isso \u00e9 mais do que 12 or\u00e7amentos anuais do Bolsa Fam\u00edlia, ou 6 ou 7 vezes o Or\u00e7amento da Uni\u00e3o para a sa\u00fade em 2020. Para se ter uma ideia, 1% da popula\u00e7\u00e3o de 212 milh\u00f5es concentram 28,3% de toda a renda, segundo o Banco Cr\u00e9dit Suisse.<\/p>\n<p><img loading=\"lazy\" decoding=\"async\" class=\"alignnone size-full wp-image-64504\" src=\"http:\/\/litci.org\/pt\/wp-content\/uploads\/2021\/07\/PSTU.jpg\" alt=\"\" width=\"1536\" height=\"1024\" srcset=\"https:\/\/litci.org\/pt\/wp-content\/uploads\/2021\/07\/PSTU.jpg 1536w, https:\/\/litci.org\/pt\/wp-content\/uploads\/2021\/07\/PSTU-300x200.jpg 300w, https:\/\/litci.org\/pt\/wp-content\/uploads\/2021\/07\/PSTU-1024x683.jpg 1024w, https:\/\/litci.org\/pt\/wp-content\/uploads\/2021\/07\/PSTU-768x512.jpg 768w, https:\/\/litci.org\/pt\/wp-content\/uploads\/2021\/07\/PSTU-150x100.jpg 150w, https:\/\/litci.org\/pt\/wp-content\/uploads\/2021\/07\/PSTU-696x464.jpg 696w, https:\/\/litci.org\/pt\/wp-content\/uploads\/2021\/07\/PSTU-1068x712.jpg 1068w\" sizes=\"auto, (max-width: 1536px) 100vw, 1536px\" \/><\/p>\n<p><strong>Fora Bolsonaro e Mour\u00e3o, j\u00e1<\/strong><\/p>\n<p>Neste contexto, Bolsonaro aprofunda a subordina\u00e7\u00e3o do pa\u00eds e seu processo de recoloniza\u00e7\u00e3o pelo imperialismo. Esse governo tem um projeto de entrega do pa\u00eds, de aumento da explora\u00e7\u00e3o e, ainda por cima, autorit\u00e1rio, junto com a c\u00fapula das For\u00e7as Armadas. A tarefa mais imediata hoje \u00e9 botar para fora Bolsonaro e seu governo, j\u00e1, n\u00e3o esperar 2022. E para isso, temos que unir todos que se coloquem a favor desta luta, como fizemos nas Diretas J\u00e1. Mas \u00e9 preciso ir al\u00e9m.<\/p>\n<p><strong>Acabar com desigualdades e enfrentar os superricos<\/strong><\/p>\n<p>Se para tirar Bolsonaro \u00e9 preciso da mais ampla unidade, na discuss\u00e3o do que colocar no lugar, a conversa \u00e9 outra. Precisamos de uma mudan\u00e7a estrutural do pa\u00eds, e isso exige enfrentar os superricos e as 262 grandes empresas que controlam 70% da economia, n\u00e3o governar com eles como prop\u00f5e o PT (apoiado pela maioria da dire\u00e7\u00e3o do PSOL). Nenhum governo capitalista vai fazer isso, nem Doria ou Ciro, nem Lula com a burguesia.<\/p>\n<p>Precisamos de vacina para todos, com a quebra das patentes; pleno emprego e sal\u00e1rio digno com direitos, com a redu\u00e7\u00e3o da jornada sem redu\u00e7\u00e3o dos sal\u00e1rios. Parte disso, um plano de obras p\u00fablicas que gere empregos, al\u00e9m de moradia popular, educa\u00e7\u00e3o e sa\u00fade p\u00fablicas, gratuitas e estatais, sob controle da popula\u00e7\u00e3o.<\/p>\n<p>Temos que lutar pela revoga\u00e7\u00e3o das reformas trabalhista e da Previd\u00eancia; pelos direitos trabalhistas, previdenci\u00e1rios e de organiza\u00e7\u00e3o dos trabalhadores de aplicativos. Impedir a privatiza\u00e7\u00e3o dos Correios, da Eletrobr\u00e1s, reestatizando as empresas privatizadas, incluindo parte da Petrobras entregue ao capital privado, sob controle dos trabalhadores e da popula\u00e7\u00e3o.<\/p>\n<p>Um programa da classe trabalhadora tamb\u00e9m precisa lutar contra o racismo, o machismo e a LGBTIfobia, garantindo direitos aos imigrantes superexplorados no Brasil. Precisa ainda defender os direitos dos povos ind\u00edgenas e os povos da Floresta,\u00a0 lutando pela demarca\u00e7\u00e3o das terras ind\u00edgenas e quilombolas.<\/p>\n<p>Tudo isso \u00e9 poss\u00edvel de garantir num pa\u00eds t\u00e3o rico como o Brasil, desde que lutemos contra a rapina do imperialismo e os superricos. Para come\u00e7ar, \u00e9 preciso parar o neg\u00f3cio fraudulento da d\u00edvida p\u00fablica e suspender o seu pagamento aos grandes investidores, realizando uma auditoria.<\/p>\n<p>Precisamos ainda taxar em 40% as grandes fortunas dos 65 bilion\u00e1rios, al\u00e9m de um imposto fortemente progressivo sobre o capital. Reformular o Imposto de Renda desonerando o trabalhador e a classe m\u00e9dia e taxando os ricos. E taxar em 50% os lucros e dividendos das 262 empresas que controlam juntas 70% da economia.<\/p>\n<p><strong>Alternativa revolucion\u00e1ria e socialista<\/strong><\/p>\n<p><img loading=\"lazy\" decoding=\"async\" class=\"size-full wp-image-64505 alignleft\" src=\"http:\/\/litci.org\/pt\/wp-content\/uploads\/2021\/07\/PSTU-1.jpg\" alt=\"\" width=\"280\" height=\"420\" srcset=\"https:\/\/litci.org\/pt\/wp-content\/uploads\/2021\/07\/PSTU-1.jpg 280w, https:\/\/litci.org\/pt\/wp-content\/uploads\/2021\/07\/PSTU-1-200x300.jpg 200w, https:\/\/litci.org\/pt\/wp-content\/uploads\/2021\/07\/PSTU-1-150x225.jpg 150w\" sizes=\"auto, (max-width: 280px) 100vw, 280px\" \/><\/p>\n<p>N\u00e3o vamos conseguir mudar nada disso atrav\u00e9s de elei\u00e7\u00f5es controladas pelo poder econ\u00f4mico e muito menos atrav\u00e9s de governos que mantenham os capitalistas lucrando. O Brasil precisa de um governo socialista dos trabalhadores, que governe atrav\u00e9s de conselhos populares que decidam tudo, organizados nos bairros, nas f\u00e1bricas, nas escolas. Para isso, precisamos avan\u00e7ar na luta, na consci\u00eancia e organiza\u00e7\u00e3o independente da classe trabalhadora e dos setores populares, e n\u00e3o as colocar a reboque de frentes com a burguesia.<\/p>\n<p>Para isso, e para derrotar Bolsonaro, precisamos arrega\u00e7ar as mangas para construir um polo por uma alternativa revolucion\u00e1ria e socialista, que possa avan\u00e7ar na luta pelo Brasil que queremos e precisamos. Vamos avan\u00e7ar em mobiliza\u00e7\u00e3o, consci\u00eancia e organiza\u00e7\u00e3o se construirmos esse polo para atuar nas lutas e nas elei\u00e7\u00f5es, tendo, por\u00e9m, como prioridade a a\u00e7\u00e3o direta para a transforma\u00e7\u00e3o socialista do pa\u00eds e do mundo.<\/p>\n<p>&nbsp;<\/p>\n","protected":false},"excerpt":{"rendered":"<p>A leva de den\u00fancias sobre o roubo nas vacinas mostra que o genoc\u00eddio promovido por Bolsonaro vai al\u00e9m do negacionismo criminoso, sendo impulsionado tamb\u00e9m pela corrup\u00e7\u00e3o.<\/p>\n","protected":false},"author":13,"featured_media":64503,"menu_order":0,"comment_status":"closed","ping_status":"closed","sticky":false,"template":"","format":"standard","meta":{"litci_post_political_author":"","footnotes":""},"categories":[121],"tags":[3659,190],"class_list":["post-64502","post","type-post","status-publish","format-standard","has-post-thumbnail","hentry","category-brasil","tag-fora-bolsonaro-e-mourao","tag-pstu-brasil"],"fimg_url":"https:\/\/litci.org\/pt\/wp-content\/uploads\/2021\/07\/Desta.jpeg","categories_names":["Brasil"],"author_info":{"name":"Javier f","pic":"https:\/\/secure.gravatar.com\/avatar\/38f104112503b4b2d43a8972576238b0824db79ccc991f981595fcbc569b0601?s=96&d=mm&r=g"},"political_author":null,"tagline":"","_links":{"self":[{"href":"https:\/\/litci.org\/pt\/wp-json\/wp\/v2\/posts\/64502","targetHints":{"allow":["GET"]}}],"collection":[{"href":"https:\/\/litci.org\/pt\/wp-json\/wp\/v2\/posts"}],"about":[{"href":"https:\/\/litci.org\/pt\/wp-json\/wp\/v2\/types\/post"}],"author":[{"embeddable":true,"href":"https:\/\/litci.org\/pt\/wp-json\/wp\/v2\/users\/13"}],"replies":[{"embeddable":true,"href":"https:\/\/litci.org\/pt\/wp-json\/wp\/v2\/comments?post=64502"}],"version-history":[{"count":0,"href":"https:\/\/litci.org\/pt\/wp-json\/wp\/v2\/posts\/64502\/revisions"}],"wp:featuredmedia":[{"embeddable":true,"href":"https:\/\/litci.org\/pt\/wp-json\/wp\/v2\/media\/64503"}],"wp:attachment":[{"href":"https:\/\/litci.org\/pt\/wp-json\/wp\/v2\/media?parent=64502"}],"wp:term":[{"taxonomy":"category","embeddable":true,"href":"https:\/\/litci.org\/pt\/wp-json\/wp\/v2\/categories?post=64502"},{"taxonomy":"post_tag","embeddable":true,"href":"https:\/\/litci.org\/pt\/wp-json\/wp\/v2\/tags?post=64502"}],"curies":[{"name":"wp","href":"https:\/\/api.w.org\/{rel}","templated":true}]}}