{"id":64398,"date":"2021-07-08T12:16:01","date_gmt":"2021-07-08T15:16:01","guid":{"rendered":"https:\/\/litci.org\/pt\/?p=64398"},"modified":"2021-07-08T12:16:01","modified_gmt":"2021-07-08T15:16:01","slug":"as-primeiras-nacoes-exigem-a-verdade-chega-de-genocidio-indigena-no-canada","status":"publish","type":"post","link":"https:\/\/litci.org\/pt\/2021\/07\/08\/as-primeiras-nacoes-exigem-a-verdade-chega-de-genocidio-indigena-no-canada\/","title":{"rendered":"As Primeiras Na\u00e7\u00f5es exigem a verdade: chega de genoc\u00eddio ind\u00edgena no Canad\u00e1!"},"content":{"rendered":"<p><em>O Canad\u00e1 voltou a ser not\u00edcia no mundo inteiro recentemente. Dezenas de igrejas cat\u00f3licas est\u00e3o sendo atacadas, e pelo menos 8 j\u00e1 foram incendiadas. Os respons\u00e1veis s\u00e3o desconhecidos no momento, mas esse processo para ter rela\u00e7\u00e3o com a outra not\u00edcia de impacto do pa\u00eds &#8211; as descobertas terr\u00edveis, desde maio, de 215 t\u00famulos ocultos de crian\u00e7as ind\u00edgenas em internato cat\u00f3lico\/governamental fechado desde a d\u00e9cada de 1970 localizado na cidade de Kamloops, na prov\u00edncia de British Columbia, na costa oeste do pa\u00eds. At\u00e9 o momento em que esse texto foi fechado, foram descobertas quase 1500 t\u00famulos em outras escolas, com restos mortais de crian\u00e7as de a partir de 3 anos de idade.<\/em><\/p>\n<p><!--more--><\/p>\n<p>Por: Miki Sayoko<\/p>\n<p>As fam\u00edlias est\u00e3o encontrando provas, da pior forma poss\u00edvel, do que h\u00e1 muito j\u00e1 se sabia sobre o destino de irm\u00e3os, tias, filhas e primos desaparecidos. Essa seria uma not\u00edcia terr\u00edvel em qualquer \u00e9poca e qualquer contexto, mas fica ainda pior porque, por amarga ironia, junho \u00e9, desde 2009, o M\u00eas Nacional da Hist\u00f3ria Ind\u00edgena no Canad\u00e1. E considerando que a Igreja Cat\u00f3lica ainda n\u00e3o pediu desculpas formalmente pelo papel dirigente que cumpriu nesse massacre, e suas organiza\u00e7\u00f5es se recusam a abrir seus arquivos para ajudar nas investiga\u00e7\u00f5es, parece prov\u00e1vel que a juventude das Primeiras Na\u00e7\u00f5es esteja tomando a quest\u00e3o em suas pr\u00f3prias m\u00e3os &#8211; 8 das igrejas incendiadas est\u00e3o localizadas em territ\u00f3rio ind\u00edgena, afinal.<\/p>\n<p>Lamentamos profundamente a dor daqueles que perderam entes queridos, especialmente a na\u00e7\u00e3o Tk&#8217;eml\u00faps te Secw\u00e9penc, em cujas terras est\u00e1 a cidade de Kamloops, e nos solidarizamos com sua luta, que foi o que possibilitou encontrar a cova coletiva apesar dos esfor\u00e7os do governo canadense para esconder o passado. O que devem estar sentindo \u00e9 inimagin\u00e1vel. No entanto, humildemente acreditamos que essa trag\u00e9dia encerra uma s\u00e9rie de li\u00e7\u00f5es importantes para que os povos origin\u00e1rios em todo o mundo, assim como a classe trabalhadora e os demais setores oprimidos, possam impedir que ela se repita.<\/p>\n<p>Para a maior parte do mundo, o Canad\u00e1 passa uma imagem, no geral, bastante positiva. Com um \u00edndice de desenvolvimento humano elevado, uma das maiores economias industriais do mundo, v\u00e1rias pol\u00edticas de bem-estar social muito significativas e o primeiro lugar no mundo em n\u00famero de adultos com educa\u00e7\u00e3o superior, o enorme pa\u00eds da Am\u00e9rica do Norte dificilmente ocupa o notici\u00e1rio de outros pa\u00edses com not\u00edcias horrendas como essa. Ao contr\u00e1rio: o estere\u00f3tipo do canadense na m\u00eddia \u00e9 de uma pessoa am\u00e1vel, educada e pac\u00edfica, cidad\u00e3o de um pa\u00eds de tradi\u00e7\u00e3o democr\u00e1tica e multicultural.<\/p>\n<p>A realidade, como sempre, \u00e9 mais complexa que isso. Na pol\u00edtica externa, o Canad\u00e1 \u00e9 uma na\u00e7\u00e3o t\u00e3o imperialista quanto seu primo mais agressivo no sul. O pa\u00eds esteve ao lado dos EUA na Guerra da Cor\u00e9ia, foi parte da coaliz\u00e3o que invadiu o Iraque na primeira guerra do Golfo, ajudou a invadir o Afeganist\u00e3o (embora n\u00e3o tenha participado da segunda invas\u00e3o do Iraque) e bombardear a L\u00edbia, e foi parte das tropas de &#8220;paz&#8221; da ONU, ocupando a antiga Iugosl\u00e1via, a Som\u00e1lia. e Ruanda, entre outras. Multinacionais canadenses, particularmente mineradoras, exploram pa\u00edses semicoloniais como a Nam\u00edbia, o Chile, o Brasil e as Filipinas.<\/p>\n<p>Internamente, o Canad\u00e1 tamb\u00e9m n\u00e3o \u00e9 a utopia que costuma ser pintada. A educa\u00e7\u00e3o p\u00fablica superior \u00e9 paga com alt\u00edssimas mensalidades, e h\u00e1 uma d\u00edvida acumulada estudantil de mais de 15 bilh\u00f5es de d\u00f3lares. A taxa de desemprego oficial \u00e9 de cerca de 8,1%, e a real \u00e9 significativamente maior, cerca de 20%, j\u00e1 que h\u00e1 diversas modalidades de trabalho tempor\u00e1rio, precarizado e sem prote\u00e7\u00e3o. Antes da pandemia de Covid-19, oficialmente cerca de 10% da popula\u00e7\u00e3o vivia abaixo da linha de pobreza, o que certamente aumentou muito. A ind\u00fastria canadense \u00e9 baseada no extrativismo, e enormes corpora\u00e7\u00f5es madeireiras, mineradoras e petroleiras causam enormes estragos ao meio ambiente e aos territ\u00f3rios dos povos origin\u00e1rios.<\/p>\n<p>A pol\u00edtica &#8220;multicultural&#8221; oficial do governo do Canad\u00e1, que atrai centenas de milhares de imigrantes todos os anos, tamb\u00e9m n\u00e3o \u00e9 bem o que parece. Apenas cerca de 28% dos imigrantes s\u00e3o considerados residentes permanentes, com todos os direitos dos demais cidad\u00e3os canadenses; a maioria s\u00e3o &#8220;residentes tempor\u00e1rios&#8221;, sem garantia de perman\u00eancia por muito tempo e com v\u00e1rias restri\u00e7\u00f5es. Os imigrantes tem os empregos mais prec\u00e1rios e os piores sal\u00e1rios, o que \u00e9 piorado pelo fato do governo n\u00e3o reconhecer praticamente nenhum diploma estrangeiro, estimulando uma esp\u00e9cie de &#8220;ind\u00fastria do diploma&#8221; em que os migrantes s\u00e3o obrigados a voltar \u00e0s universidades locais (pagando mensalidades alt\u00edssimas, naturalmente) para poder exercer fun\u00e7\u00f5es para as quais j\u00e1 tem anos de forma\u00e7\u00e3o e experi\u00eancia em seus pa\u00edses de origem. H\u00e1 diversos casos de xenofobia, inclusive violenta, contra migrantes.<\/p>\n<p>Em nenhum aspecto, no entanto, a contradi\u00e7\u00e3o entre a imagem paradis\u00edaca do Canad\u00e1 e sua realidade \u00e9 t\u00e3o gritante quanto na rela\u00e7\u00e3o genocida do Estado canadense branco com os povos origin\u00e1rios do pa\u00eds. Os ind\u00edgenas sofrem de taxas de encarceramento desproporcionais, suas regi\u00f5es s\u00e3o as mais empobrecidas do pa\u00eds, e suas mulheres s\u00e3o as principais v\u00edtimas de assassinatos, estupros e desaparecimentos (e os casos raramente s\u00e3o resolvidos ou sequer propriamente investigados pela pol\u00edcia). Um jovem das Primeiras Na\u00e7\u00f5es, Inuit ou M\u00e9tis (os tr\u00eas grandes grupos de ind\u00edgenas canadenses) tem 3 vezes mais chances de se suicidar que um jovem branco, com taxas de suic\u00eddio entre as mais altas do mundo. E, como mostra a recente descoberta em Kamloops, essa \u00e9 uma quest\u00e3o estrutural, profundamente entranhada na hist\u00f3ria do pa\u00eds. Como disseram v\u00e1rios posts em redes sociais nos \u00faltimos dias: &#8220;Parem de dizer que esse \u00e9 um cap\u00edtulo sombrio da hist\u00f3ria do Canad\u00e1! Todo o enredo do Canad\u00e1 sempre foi o genoc\u00eddio ind\u00edgena!&#8221;<\/p>\n<p>Os detalhes s\u00e3o controversos, mas a maioria dos acad\u00eamicos concorda que os primeiros seres humanos chegaram ao norte do continente americano h\u00e1 pelo menos 20000 anos atr\u00e1s, desceram a 14000 anos \u00e0 regi\u00e3o que hoje \u00e9 o Canad\u00e1, e ali constitu\u00edram centenas, talvez milhares de culturas diferentes. Houve contatos anteriores, mas a rela\u00e7\u00e3o com a Europa se torna uma constante com a onda de explora\u00e7\u00e3o e coloniza\u00e7\u00e3o do s\u00e9culo XV e diante, que foi bastante sangrenta. Embora tenha sido menos violento do que a rela\u00e7\u00e3o entre os colonizadores dos atuais EUA com seus povos origin\u00e1rios, dos espanh\u00f3is com os Astecas, ou dos portugueses com os \u00edndios brasileiros, \u00e9 bastante ilustrativo o fato de que, das cerca de 600 l\u00ednguas que existiam no territ\u00f3rio, hoje restem por volta de 70, dos quais apenas 3 (Cree, Ojibwa e Inuktitut) tenham falantes fluentes em quantidade suficiente para sobreviverem. Da mesma forma, haviam entre 200.000 e 2.500.000 ind\u00edgenas antes da chegada dos europeus; estima-se uma redu\u00e7\u00e3o entre 40% e 80% da popula\u00e7\u00e3o origin\u00e1ria nos primeiros cem anos. No censo de 2016, haviam 1.673.785 canadenses autodeclarados ind\u00edgenas, apenas 4,9% do total de habitantes do pa\u00eds.<\/p>\n<p>Essa mortandade ocorreu de v\u00e1rias formas. Para al\u00e9m de repetidos surtos de doen\u00e7as europeias para as quais os ind\u00edgenas n\u00e3o tinham imunidade, como sarampo e var\u00edola, houve tamb\u00e9m um processo de escraviza\u00e7\u00e3o (2\/3 dos escravizados no Canad\u00e1 eram ind\u00edgenas) e diversas guerras, seja entre os pr\u00f3prios povos ind\u00edgenas, seja contra franceses, brit\u00e2nicos e estadunidenses, seja aliados a um grupo de colonizadores contra outro.<\/p>\n<p>E houve tamb\u00e9m um amplo e longo processo de assimila\u00e7\u00e3o for\u00e7ada e genoc\u00eddio cultural, apoiado em diversas leis e institui\u00e7\u00f5es, estatais ou n\u00e3o. Os povos origin\u00e1rios tiveram suas l\u00ednguas, costumes e religi\u00f5es perseguidos, seus la\u00e7os familiares cortados e suas atividades de sustento tradicionais dificultadas, e com isso foram aos poucos sendo absorvidos pela etnia dominante, num processo que lembra muito o &#8220;branqueamento&#8221; do Brasil ou Argentina, ou o que ocorreu com os Ainus no Jap\u00e3o, ou os S\u00e1pmi no norte da Europa. Esse processo tinha como lema a frase &#8220;matar o \u00edndio na crian\u00e7a&#8221; e teve muitas express\u00f5es, das quais os &#8220;internatos ind\u00edgenas&#8221; n\u00e3o s\u00e3o a \u00fanica, mas s\u00e3o a mais conhecida e possivelmente a mais cruel.<\/p>\n<p>Desde o in\u00edcio da coloniza\u00e7\u00e3o europeia houve tentativas de &#8220;civilizar&#8221; os povos origin\u00e1rios atrav\u00e9s de escolas, geralmente organizadas por igrejas, mas foi ap\u00f3s a Guerra de 1812 que esse processo acelerou, com um grande salto dado a partir da aprova\u00e7\u00e3o, em 1876, do &#8220;Ato dos \u00cdndios&#8221;, uma ampl\u00edssima lei que que estabelecia a compet\u00eancia exclusiva do governo federal do Canad\u00e1 para legislar sobre os povos origin\u00e1rios, seus territ\u00f3rios, suas vidas, seu sistema de sa\u00fade e educa\u00e7\u00e3o e muito mais, al\u00e9m de estabelecer quem \u00e9 considerado &#8220;\u00edndio&#8221;, seus direitos e deveres. Essa lei continua em vigor e ainda gera muitas pol\u00eamicas, como o fato de se aplicar exclusivamente aos ind\u00edgenas das Primeiras Na\u00e7\u00f5es e excluir os M\u00e9tis, Inuits e outros povos. No entanto, foi muito emendada e alguns dos trechos mais grotescos foram retirados, como a obrigatoriedade, a partir de 1894, de que todas as crian\u00e7as ind\u00edgenas frequentassem os &#8220;internatos&#8221;.<\/p>\n<p>Essas escolas eram verdadeiros campos de concentra\u00e7\u00e3o infantis, financiados pelo governo e dirigidos por v\u00e1rias denomina\u00e7\u00f5es crist\u00e3s, especialmente a Igreja Cat\u00f3lica. Os estudantes sofriam todo tipo de abuso por parte de professores e diretores, de viol\u00eancia f\u00edsica \u00e0 agress\u00e3o sexual, passando por ser usadas como cobaias em experi\u00eancias &#8220;cient\u00edficas&#8221; sem saber, no estilo Alemanha nazista. As condi\u00e7\u00f5es sanit\u00e1rias e de alimenta\u00e7\u00e3o eram terr\u00edveis, e surtos de gripe e de tuberculose eram comuns, com altas taxas de fatalidade. Como a verba do governo era muito pequena, muitas escolas dependiam de trabalho for\u00e7ado (e n\u00e3o remunerado) dos estudantes para se bancarem. O governo chegou ao ponto de fazer experimentos cient\u00edficos com as crian\u00e7as aprisionadas. Boa parte dos registros foi destru\u00eddo pelas autoridades, mas h\u00e1 pelo menos 3.201 mortes conhecidas, e o n\u00famero pode chegar a mais de 6.000 &#8211; uma taxa de mortalidade de pelo menos 1\/50, compar\u00e1vel \u00e0 de prisioneiros de guerra sob o regime de Hitler.<\/p>\n<p>N\u00e3o bastasse a viol\u00eancia f\u00edsica, as crian\u00e7as eram tamb\u00e9m atacadas por uma intensa viol\u00eancia \u00e9tnico-cultural. Eram proibidas de usar seus idiomas (inclusive fora da aula), obrigadas a participar de cerim\u00f4nias religiosas crist\u00e3s, e recebiam uma educa\u00e7\u00e3o de baix\u00edssima qualidade, voltada basicamente para o trabalho bra\u00e7al. O governo impunha todo tipo de obst\u00e1culo \u00e0 visita\u00e7\u00e3o por parte das fam\u00edlias, que frequentemente ficavam meses e at\u00e9 anos sem conseguir ver seus filhos e netos. Muitos n\u00e3o conseguiam se reintegrar a seus povos nem conseguiam ser assimilados \u00e0 sociedade branca, ficando cronicamente desempregados.<\/p>\n<p>Houve muita resist\u00eancia desde sempre, com muitas das fam\u00edlias se recusando a entregar suas crian\u00e7as (e frequentemente sendo obrigadas por policiais a faz\u00ea-lo), mas a luta contra essa pol\u00edtica genocida d\u00e1 um salto no final dos anos 60, quando diversas na\u00e7\u00f5es ind\u00edgenas, usando m\u00e9todos radicalizados como piquetes, fechamento de estradas e ocupa\u00e7\u00f5es de terra e das escolas, foram tomando o controle delas. Algumas, como a primeira, Blue Quills, viraram universidades ind\u00edgenas que ainda hoje existem, mas a enorme maioria foi fechada; a \u00faltima, na prov\u00edncia de Saskatchewan, fechou as portas e foi demolida apenas em 1996. Em 1969, o governo de Pierre Trudeau (pai do atual primeiro-ministro, Justin Trudeau) divulgou um documento escandaloso conhecido como &#8220;Livro Branco&#8221;, em que propunha abolir todas as legisla\u00e7\u00f5es existentes sobre as Primeiras Na\u00e7\u00f5es para assimilar os ind\u00edgenas como cidad\u00e3os &#8220;iguais&#8221; aos do restante do Canad\u00e1, destruindo as reservas ind\u00edgenas e convertendo suas terras em propriedade privada, entre outros absurdos. O Livro Branco causou um enorme ultraje e foi abandonado em 1972, embora muitos no pa\u00eds considerem que a pol\u00edtica expressa nele continua a ser aplicada, e que a assimila\u00e7\u00e3o \u00e9 o projeto de longo prazo do governo do pa\u00eds.<\/p>\n<p>Nos anos seguintes, pressionados pela crescente luta dos povos origin\u00e1rios, algumas das institui\u00e7\u00f5es respons\u00e1veis foram for\u00e7adas a, embora da maneira muito parcial, reconhecer e reparar os danos causados \u00e0s na\u00e7\u00f5es ind\u00edgenas. A iniciativa mais importante provavelmente foi a Comiss\u00e3o da Verdade e Reconcilia\u00e7\u00e3o estabelecida pelo governo do Canad\u00e1, que durou entre 2008 e 2015 e reconheceu que o governo canadense cometeu genoc\u00eddio cultural, mas n\u00e3o &#8220;conseguiu&#8221; comprovar que houve genoc\u00eddio f\u00edsico e biol\u00f3gico.<\/p>\n<p>A descoberta dos 215 t\u00famulos em Kamloops em 28 de maio desmascarou esse discurso mentiroso e desencadeou uma avalanche de descobertas semelhantes Apenas seis dias depois, em 4 de junho, pesquisadores e a na\u00e7\u00e3o Sioux Valley Dakota anunciaram a descoberta de mais cerca de 100 t\u00famulos na escola Brandon, na prov\u00edncia de Manitoba, e em 25 de junho, o povo Cowessess encontrou, usando a mesma tecnologia que os Secw\u00e9penc, mais 751 t\u00famulos ocultos na escola de Marieval, na prov\u00edncia de Saskatchewan. H\u00e1 pelo menos mais tr\u00eas antigas escolas sendo investigadas neste momento, e tudo indica que muitas mais surgir\u00e3o.<\/p>\n<p>A situa\u00e7\u00e3o comoveu o pa\u00eds. Houve dezenas de manifesta\u00e7\u00f5es por todo o Canad\u00e1, que foram de colocar centenas de pares de sapatos (um para crian\u00e7a encontrada em Kamloops) em frente a pr\u00e9dios p\u00fablicos e igrejas, a ataques a monumentos de figuras dirigentes do sistema escolar genocida, como John McDonald e Egerton Ryerson, cuja est\u00e1tua em frente \u00e0 universidade que leva seu nome, em Toronto, foi derrubada e decapitada (a cabe\u00e7a foi posteriormente espetada em uma lan\u00e7a em uma terra que est\u00e1 sendo disputada entre um grupo ind\u00edgena conhecido como Seis Na\u00e7\u00f5es e o governo). No Dia do Canad\u00e1, anivers\u00e1rio da unifica\u00e7\u00e3o dos territ\u00f3rios brit\u00e2nicos na regi\u00e3o e principal feriado do pa\u00eds, foram destru\u00eddas est\u00e1tuas das rainhas Vit\u00f3ria e Elizabeth II. Houve tamb\u00e9m a retirada de nomes de outros arquitetos do sistema em v\u00e1rias cidades do pa\u00eds e dezenas de passeatas e carreatas, al\u00e9m, \u00e9 claro, dos inc\u00eandios nas igrejas.<\/p>\n<p>O capitalismo \u00e9 incapaz de existir sem praticar genoc\u00eddios. Dos Yanomami no Brasil aos Rohingya em Myanmar, dos Uigures na China aos Romani em boa parte da Europa, dos mu\u00e7ulmanos na \u00cdndia aos palestinos no Oriente M\u00e9dio, a burguesia precisa, para sobreviver enquanto classe, exterminar povos e destruir suas l\u00ednguas e culturas na busca intermin\u00e1vel pela extra\u00e7\u00e3o de cada vez mais mais-valia. Em nome do &#8220;progresso&#8221; &#8211; na verdade, da expropria\u00e7\u00e3o dos recursos naturais e de for\u00e7ar a divis\u00e3o entre os oprimidos -,verdadeiros massacres foram e s\u00e3o realizados pela classe dominante de todos os pa\u00edses, se n\u00e3o em seu pr\u00f3prio territ\u00f3rio, em algum pa\u00eds semicolonial que dominam.<\/p>\n<p>O Canad\u00e1 de Justin Trudeau, malgrado sua imagem &#8220;pac\u00edfica&#8221; e &#8220;inofensiva&#8221;, \u00e9 parte integrante disso. N\u00e3o haver\u00e1 fim ao genoc\u00eddio, das Primeiras Na\u00e7\u00f5es, dos Inuit e dos M\u00e9tis, seja aberto ou velado, enquanto esse sistema n\u00e3o for abolido em todo o mundo por uma revolu\u00e7\u00e3o da classe trabalhadora e seus aliados, com as nacionalidades oprimidas na vanguarda, e uma nova sociedade socialista, controlada pelos de baixo, erigida em seu lugar.<\/p>\n<p>Refer\u00eancias:<\/p>\n<p>https:\/\/www.thestar.com\/opinion\/contributors\/2021\/02\/17\/the-polite-xenophobia-compelling-canadas-ever-tighter-travel-restrictions.html<\/p>\n<blockquote class=\"wp-embedded-content\" data-secret=\"VafX8Cm38P\"><p><a href=\"https:\/\/hillnotes.ca\/2020\/12\/01\/understanding-precarious-work-in-canada\/\" target=\"_blank\" rel=\"noopener\">Understanding Precarious Work in Canada<\/a><\/p><\/blockquote>\n<p><iframe loading=\"lazy\" class=\"wp-embedded-content\" sandbox=\"allow-scripts\" security=\"restricted\" style=\"position: absolute; visibility: hidden;\" title=\"&#8220;Understanding Precarious Work in Canada&#8221; &#8212; HillNotes\" src=\"https:\/\/hillnotes.ca\/2020\/12\/01\/understanding-precarious-work-in-canada\/embed\/#?secret=Kojoh2SZiH#?secret=VafX8Cm38P\" data-secret=\"VafX8Cm38P\" width=\"500\" height=\"282\" frameborder=\"0\" marginwidth=\"0\" marginheight=\"0\" scrolling=\"no\"><\/iframe><\/p>\n<p>https:\/\/www.tamarackcommunity.ca\/latest\/updates-to-canadas-official-poverty-line-and-the-dimensions-of-poverty-hub<\/p>\n<p>CANADIAN FEDERATION OF STUDENTS, Student Debt in Canada: Education shouldn\u2019t be a debt sentence. https:\/\/cfs-fcee.ca\/wp-content\/uploads\/2018\/10\/Factsheet-2015-05-Student-Debt-EN.pdf<\/p>\n<p>https:\/\/www.channelnewsasia.com\/news\/world\/fires-destroy-two-more-churches-in-canada-indigenous-communities-15101228<\/p>\n","protected":false},"excerpt":{"rendered":"<p>O Canad\u00e1 voltou a ser not\u00edcia no mundo inteiro recentemente. Dezenas de igrejas cat\u00f3licas est\u00e3o sendo atacadas, e pelo menos 8 j\u00e1 foram incendiadas. Os respons\u00e1veis s\u00e3o desconhecidos no momento, mas esse processo para ter rela\u00e7\u00e3o com a outra not\u00edcia de impacto do pa\u00eds &#8211; as descobertas terr\u00edveis, desde maio, de 215 t\u00famulos ocultos de [&hellip;]<\/p>\n","protected":false},"author":13,"featured_media":64399,"menu_order":0,"comment_status":"closed","ping_status":"closed","sticky":false,"template":"","format":"standard","meta":{"litci_post_political_author":"","footnotes":""},"categories":[4103],"tags":[4104,2729],"class_list":["post-64398","post","type-post","status-publish","format-standard","has-post-thumbnail","hentry","category-canada","tag-genocidio-indigena-canada","tag-miki-sayoko"],"fimg_url":"https:\/\/litci.org\/pt\/wp-content\/uploads\/2021\/07\/Igreja.jpg","categories_names":["Canad\u00e1"],"author_info":{"name":"Javier f","pic":"https:\/\/secure.gravatar.com\/avatar\/38f104112503b4b2d43a8972576238b0824db79ccc991f981595fcbc569b0601?s=96&d=mm&r=g"},"political_author":null,"tagline":"","_links":{"self":[{"href":"https:\/\/litci.org\/pt\/wp-json\/wp\/v2\/posts\/64398","targetHints":{"allow":["GET"]}}],"collection":[{"href":"https:\/\/litci.org\/pt\/wp-json\/wp\/v2\/posts"}],"about":[{"href":"https:\/\/litci.org\/pt\/wp-json\/wp\/v2\/types\/post"}],"author":[{"embeddable":true,"href":"https:\/\/litci.org\/pt\/wp-json\/wp\/v2\/users\/13"}],"replies":[{"embeddable":true,"href":"https:\/\/litci.org\/pt\/wp-json\/wp\/v2\/comments?post=64398"}],"version-history":[{"count":0,"href":"https:\/\/litci.org\/pt\/wp-json\/wp\/v2\/posts\/64398\/revisions"}],"wp:featuredmedia":[{"embeddable":true,"href":"https:\/\/litci.org\/pt\/wp-json\/wp\/v2\/media\/64399"}],"wp:attachment":[{"href":"https:\/\/litci.org\/pt\/wp-json\/wp\/v2\/media?parent=64398"}],"wp:term":[{"taxonomy":"category","embeddable":true,"href":"https:\/\/litci.org\/pt\/wp-json\/wp\/v2\/categories?post=64398"},{"taxonomy":"post_tag","embeddable":true,"href":"https:\/\/litci.org\/pt\/wp-json\/wp\/v2\/tags?post=64398"}],"curies":[{"name":"wp","href":"https:\/\/api.w.org\/{rel}","templated":true}]}}