{"id":63801,"date":"2021-05-07T17:09:37","date_gmt":"2021-05-07T20:09:37","guid":{"rendered":"https:\/\/litci.org\/pt\/?p=63801"},"modified":"2021-05-07T17:09:37","modified_gmt":"2021-05-07T20:09:37","slug":"fora-duque-assassino-nada-justifica-este-massacre","status":"publish","type":"post","link":"https:\/\/litci.org\/pt\/2021\/05\/07\/fora-duque-assassino-nada-justifica-este-massacre\/","title":{"rendered":"Fora Duque, assassino: Nada justifica este massacre"},"content":{"rendered":"<p><em>No momento em que escrevemos este artigo, chegamos a 7 dias de paralisa\u00e7\u00e3o nacional. Apesar de que os organizadores chamaram para a paralisa\u00e7\u00e3o de um dia, o povo continua nas ruas e novos setores se juntam. Isso demonstra que a burocracia n\u00e3o interpreta o sentimento da classe trabalhadora, da juventude precarizada, dos camponeses, dos setores populares, que no momento j\u00e1 computam mais de 70 mil mortos por Covid-19. E desafiando a pandemia, continuam no protesto, agora sofrendo as mortes no enfrentamento com a brutalidade policial. Estes mortos s\u00e3o responsabilidade de Duque. Todos, os da pandemia e os da paralisa\u00e7\u00e3o. Como diz a consigna agitada nas ruas: \u201c\u00a1s\u00ed, se\u00f1or, c\u00f3mo no, el gobierno los mat\u00f3!\u201d (sim senhor, como n\u00e3o? o governo os matou!)<\/em><\/p>\n<p><!--more--><\/p>\n<p>Por: Comit\u00ea Executivo \u2013 PST Col\u00f4mbia<\/p>\n<p><strong>O regime antidemocr\u00e1tico e repressivo ficou vis\u00edvel<\/strong><\/p>\n<p>Os n\u00fameros oficiais reconhecem apenas 25 mortos e cerca de 100 desaparecidos. Os n\u00fameros reais s\u00e3o superiores. Dos desaparecidos certamente muitos est\u00e3o mortos porque a pol\u00edcia est\u00e1 levando os feridos em caminh\u00f5es. Centenas de detidos, que s\u00e3o espancados brutalmente nos Comandos de Aten\u00e7\u00e3o Imediata (CAI), delegacias de pol\u00edcia e delegacias de Transmilenio e mulheres agredidas sexualmente porque treinam a tropa assim, aprendendo que estupra-las \u00e9 um trof\u00e9u de guerra. N\u00e3o se sabe os n\u00fameros exatos de mortos, feridos, lesionados e detidos porque a m\u00eddia e os organismos estatais de controle ocultam a verdade e se unem ao governo e ex -presidentes para jogar \u00e1gua fria no protesto ou semear o medo.<\/p>\n<p>As redes sociais se converteram no meio de comunica\u00e7\u00e3o e difus\u00e3o das massas mobilizadas. Atrav\u00e9s delas circulam milhares de v\u00eddeos, \u00e1udios, comunicados, cartazes, denunciando que s\u00f3 em Cali h\u00e1 24 mortos \u2013 os c\u00e1lculos ultrapassam os 50 assassinados no pa\u00eds. Denunciam os abusos , mostrando como a pol\u00edcia e o ex\u00e9rcito disparam suas armas contra a popula\u00e7\u00e3o desarmada, inclusive contra funcion\u00e1rios da defensoria do povo, a procuradoria, defensores de direitos humanos e delegados da ONU que v\u00e3o supervisar o respeito aos direitos humanos dos detidos, como ocorreu na noite de segunda-feira 3 de maio em Cali.<\/p>\n<p><img loading=\"lazy\" decoding=\"async\" class=\"alignnone size-full wp-image-63804\" src=\"http:\/\/litci.org\/pt\/wp-content\/uploads\/2021\/05\/Colombia-3-1.jpg\" alt=\"\" width=\"980\" height=\"529\" srcset=\"https:\/\/litci.org\/pt\/wp-content\/uploads\/2021\/05\/Colombia-3-1.jpg 980w, https:\/\/litci.org\/pt\/wp-content\/uploads\/2021\/05\/Colombia-3-1-300x162.jpg 300w, https:\/\/litci.org\/pt\/wp-content\/uploads\/2021\/05\/Colombia-3-1-768x415.jpg 768w, https:\/\/litci.org\/pt\/wp-content\/uploads\/2021\/05\/Colombia-3-1-150x81.jpg 150w, https:\/\/litci.org\/pt\/wp-content\/uploads\/2021\/05\/Colombia-3-1-696x376.jpg 696w\" sizes=\"auto, (max-width: 980px) 100vw, 980px\" \/><\/p>\n<p><strong>Tr\u00eas maneiras de atacar a mobiliza\u00e7\u00e3o e conter o protesto<\/strong><\/p>\n<p>Esta \u00e9 a primeira forma, a repress\u00e3o brutal para semear o terror e para dissolver as manifesta\u00e7\u00f5es. Enquanto isso a m\u00eddia se encarrega de fazer uma campanha camuflada contra o protesto, mostrando como ele se converteu em um caos de viol\u00eancia.<\/p>\n<p>Analistas pagos se encarregam de confundir as pessoas utilizando suas velhas t\u00e9cnicas de psicologia de massas com o objetivo de dividir e gerar desconfian\u00e7a entre os que lutam, para que a irmandade e a solidariedade por ideais comuns que esta gera, sejam destru\u00eddas, e cada um atue pensando que quem est\u00e1 a seu lado pode ser um inimigo.\u00a0 Apontam com toda a inten\u00e7\u00e3o, que h\u00e1 gente honesta que protesta pacificamente e que h\u00e1 outros infiltrados que s\u00e3o v\u00e2ndalos enviados pelas dissid\u00eancias armadas, as m\u00e1fias de narcotraficantes ou gangues de desajustados que procuram saquear e queimar. Frente a este argumento, \u00e9 inevit\u00e1vel questionar a efici\u00eancia inusitada da intelig\u00eancia do regime que conseguiu detectar em 6 dias a localiza\u00e7\u00e3o destas organiza\u00e7\u00f5es, mas foi incapaz em d\u00e9cadas de acabar com as organiza\u00e7\u00f5es armadas que traficam coca\u00edna, assassinam dirigentes sociais, dirigentes sindicais e defensores de comunidades que lutam pelos seus territ\u00f3rios.<\/p>\n<p>\u00c9 poss\u00edvel que as dissid\u00eancias aproveitem a conjuntura, mas o que fica evidente para n\u00f3s, \u00e9 que o governo utiliza esta realidade para gerar medo e dividir o protesto. Lembra o mesmo m\u00e9todo utilizado na paralisa\u00e7\u00e3o de novembro de 2019 quando o mesmo governo de Duque e a m\u00eddia disseram que nossas casas iriam ser atacadas por hordas de v\u00e2ndalos armados e ficou evidente \u2013 pelos v\u00eddeos da popula\u00e7\u00e3o que circularam pelas redes- que era a pr\u00f3pria pol\u00edcia que os organizava. Essa experi\u00eancia mostrou, como j\u00e1 ficou demonstrado na hist\u00f3ria da luta de classes, que os infiltrados s\u00e3o os pr\u00f3prios policiais disfar\u00e7ados de civis ou suas gangues de informantes e civis armados (paramilitares). Ou o l\u00fampen que a mis\u00e9ria capitalista gera, presa f\u00e1cil dos \u00f3rg\u00e3os de seguran\u00e7a do Estado, pois carece da mais m\u00ednima consci\u00eancia de classe. Eles pr\u00f3prios colocam bombas, incendeiam e destroem para gerar caos e justificar a repress\u00e3o.<\/p>\n<p>Que n\u00e3o nos digam que derrubar est\u00e1tuas dos her\u00f3is dos opressores e colonizadores, pichar os muros ou defender-se das bombas e das balas dos aparatos repressivos do Estado \u00e9 vandalismo. Que n\u00e3o nos digam que atacar os \u00edcones de um regime profundamente repressivo, corrupto e explorador, \u00e9 vandalismo. Jamais poder\u00e1 ser comparada a viol\u00eancia dos opressores que durante s\u00e9culos roubaram, enganaram, exploraram e oprimiram o povo trabalhador com as explos\u00f5es de leg\u00edtimo \u00f3dio da classe dos oprimidos quando veem que j\u00e1 n\u00e3o t\u00eam mais nada a perder, a n\u00e3o ser a pr\u00f3pria vida. Os verdadeiros v\u00e2ndalos s\u00e3o os que est\u00e3o no poder.<\/p>\n<p>Tamb\u00e9m n\u00e3o podemos acreditar nos chamados que o governo, agora, est\u00e1 fazendo para di\u00e1logos, inclusive com os dirigentes das manifesta\u00e7\u00f5es. N\u00e3o conseguiu com a repress\u00e3o, n\u00e3o conseguiu com o engano e o temor, agora tenta conseguir consensos. Isto mostra que o protesto nacional da classe trabalhadora e todos os setores explorados \u00e9 muito forte, e dia 5 as ruas novamente voltar\u00e3o a se encher, com manifesta\u00e7\u00f5es contra a repress\u00e3o e os assassinatos. Duque tem que sair, este governo n\u00e3o tem apoio do povo colombiano, a paralisa\u00e7\u00e3o deve se converter em uma paralisa\u00e7\u00e3o da produ\u00e7\u00e3o at\u00e9 derrubar os assassinos do povo.<\/p>\n<p>Precisamos organizar a luta de forma bem consciente e democr\u00e1tica para que possamos resistir. Estas s\u00e3o nossas propostas:<\/p>\n<ol>\n<li>Organizar comit\u00eas de paralisa\u00e7\u00e3o em cada bairro, em cada quadra, em cada empresa, em cada rua, em cada sindicato, em cada col\u00e9gio e universidade;<\/li>\n<li>Organizar as guardas, seguindo o exemplo dos ind\u00edgenas e das comunidades afro, que nos permitam uma defesa organizada das mobiliza\u00e7\u00f5es e da repress\u00e3o;<\/li>\n<li>Fazer um chamado \u00e0 base da pol\u00edcia para que se negue a obedecer ordens de disparar ou de atacar a mobiliza\u00e7\u00e3o leg\u00edtima do povo;<\/li>\n<li>Organizar comit\u00eas de familiares de policiais nos bairros, para que os chamem a apoiar o povo ao qual pertencem e a persuadir a que n\u00e3o reprimam sua mobiliza\u00e7\u00e3o. Apoiamos os policiais que se neguem a reprimir e nos opomos a qualquer puni\u00e7\u00e3o;<\/li>\n<li>Desmonte imediato do Esquadr\u00e3o M\u00f3vel Antidist\u00farbios (ESMAD);<\/li>\n<li>Desmonte imediato de toda a rede de informantes civis, desmonte das guangues paramilitares;<\/li>\n<li>Julgamento e puni\u00e7\u00e3o dos comandantes que deram a ordem de disparar, julgamento e puni\u00e7\u00e3o daqueles que executaram as ordens e s\u00e3o respons\u00e1veis pelos assassinatos, deten\u00e7\u00f5es arbitrarias, abusos e estupro de mulheres;<\/li>\n<li>Encontro Nacional Emergencial das organiza\u00e7\u00f5es que est\u00e3o na paralisa\u00e7\u00e3o e assumiram a luta, para decidir democraticamente a continuidade da luta.<\/li>\n<\/ol>\n<p><strong>Abaixo o governo assassino de Duque!<\/strong><\/p>\n<p><strong>Abaixo o regime repressivo e antidemocr\u00e1tico!<\/strong><\/p>\n<p>Julgamento de Uribe e daqueles que instigaram a base da pol\u00edcia e ex\u00e9rcito a usar suas armas contra a popula\u00e7\u00e3o e convocaram de fato gangues de civis armados para faz\u00ea-lo tamb\u00e9m.<\/p>\n<p>Viva a paralisa\u00e7\u00e3o nacional por tempo indeterminado!<\/p>\n<p>Tradu\u00e7\u00e3o: Lilian Enck<\/p>\n","protected":false},"excerpt":{"rendered":"<p>No momento em que escrevemos este artigo, chegamos a 7 dias de paralisa\u00e7\u00e3o nacional. Apesar de que os organizadores chamaram para a paralisa\u00e7\u00e3o de um dia, o povo continua nas ruas e novos setores se juntam. Isso demonstra que a burocracia n\u00e3o interpreta o sentimento da classe trabalhadora, da juventude precarizada, dos camponeses, dos setores [&hellip;]<\/p>\n","protected":false},"author":13,"featured_media":70330,"menu_order":0,"comment_status":"closed","ping_status":"closed","sticky":false,"template":"","format":"standard","meta":{"litci_post_political_author":"","footnotes":""},"categories":[12,30],"tags":[3700,3817,1823,3896],"class_list":["post-63801","post","type-post","status-publish","format-standard","has-post-thumbnail","hentry","category-colombia","category-coronavirus","tag-ivan-duque","tag-protestos-colombia","tag-pst-colombia","tag-sos-colombia"],"fimg_url":"https:\/\/litci.org\/pt\/wp-content\/uploads\/2021\/05\/Colombia-2.jpeg","categories_names":["Col\u00f4mbia","Pandemia"],"author_info":{"name":"Javier f","pic":"https:\/\/secure.gravatar.com\/avatar\/38f104112503b4b2d43a8972576238b0824db79ccc991f981595fcbc569b0601?s=96&d=mm&r=g"},"political_author":null,"tagline":"","_links":{"self":[{"href":"https:\/\/litci.org\/pt\/wp-json\/wp\/v2\/posts\/63801","targetHints":{"allow":["GET"]}}],"collection":[{"href":"https:\/\/litci.org\/pt\/wp-json\/wp\/v2\/posts"}],"about":[{"href":"https:\/\/litci.org\/pt\/wp-json\/wp\/v2\/types\/post"}],"author":[{"embeddable":true,"href":"https:\/\/litci.org\/pt\/wp-json\/wp\/v2\/users\/13"}],"replies":[{"embeddable":true,"href":"https:\/\/litci.org\/pt\/wp-json\/wp\/v2\/comments?post=63801"}],"version-history":[{"count":0,"href":"https:\/\/litci.org\/pt\/wp-json\/wp\/v2\/posts\/63801\/revisions"}],"wp:featuredmedia":[{"embeddable":true,"href":"https:\/\/litci.org\/pt\/wp-json\/wp\/v2\/media\/70330"}],"wp:attachment":[{"href":"https:\/\/litci.org\/pt\/wp-json\/wp\/v2\/media?parent=63801"}],"wp:term":[{"taxonomy":"category","embeddable":true,"href":"https:\/\/litci.org\/pt\/wp-json\/wp\/v2\/categories?post=63801"},{"taxonomy":"post_tag","embeddable":true,"href":"https:\/\/litci.org\/pt\/wp-json\/wp\/v2\/tags?post=63801"}],"curies":[{"name":"wp","href":"https:\/\/api.w.org\/{rel}","templated":true}]}}