{"id":61790,"date":"2020-10-02T17:53:14","date_gmt":"2020-10-02T20:53:14","guid":{"rendered":"https:\/\/litci.org\/pt\/?p=61790"},"modified":"2020-10-02T17:53:14","modified_gmt":"2020-10-02T20:53:14","slug":"chile-chega-de-feminicidios-nem-no-interior-das-forcas-repressivas-nem-em-nenhum-outro-lugar","status":"publish","type":"post","link":"https:\/\/litci.org\/pt\/2020\/10\/02\/chile-chega-de-feminicidios-nem-no-interior-das-forcas-repressivas-nem-em-nenhum-outro-lugar\/","title":{"rendered":"Chile&#124; Chega de Feminic\u00eddios, nem no interior das For\u00e7as Repressivas nem em nenhum outro lugar"},"content":{"rendered":"<p><em>Diante do caso de Antonia e de \u00c1mbar, tem estado novamente em discuss\u00e3o o abuso e posterior feminic\u00eddio de Norma V\u00e1squez, cabo de Carabineros*. A mesma j\u00e1 tinha denunciado por estupro em julho deste ano, a seu assassino Gary Valenzuela, pertencente \u00e0 oficialidade da mesma institui\u00e7\u00e3o e que j\u00e1 carregava v\u00e1rias den\u00fancias e inclusive est\u00e1 vinculado com o assassinato de Alex N\u00fa\u00f1ez. Este assassino de lutadores e feminicida, n\u00e3o merece outro lugar que n\u00e3o seja a pris\u00e3o.<\/em><br \/>\n<!--more--><br \/>\nPor: MIT-Chile<br \/>\nNorma n\u00e3o foi assassinada por seu trabalho repressivo \u2013 que \u00e9 completamente detest\u00e1vel e que sabemos que s\u00f3 serve para garantir o lucro dos ricos. Diferente teria sido o contexto do assassinato em legitima autodefesa diante da repress\u00e3o em um levante ou manifesta\u00e7\u00e3o. Mas n\u00e3o \u00e9 o caso, e justifica toda a raiva e repudio que gerou o assassinato de uma mulher s\u00f3 pelo fato de ser mulher.<br \/>\nSe bem sabemos que as for\u00e7as repressivas s\u00e3o o bra\u00e7o armado dos ricos para defender seus interesses econ\u00f4micos, existem em seu interior profundas diferen\u00e7as hier\u00e1rquicas e de classe que n\u00e3o est\u00e3o alheias \u00e0 ideologia machista que utiliza a burguesia para oprimir dentro do sistema capitalista. Se extrapolarmos isso ao que sucedeu com a Carabinera cabe perguntar: Teria sido diferente se Norma al\u00e9m de ser mulher fosse parte da oficialidade de Carabineros e seu agressor simplesmente um cabo? Sua den\u00fancia seria levada realmente a s\u00e9rio? Provavelmente teria sido diferente, teria tido um melhor resguardo que n\u00e3o permitisse ao agressor se aproximar, mas tamb\u00e9m n\u00e3o garantiria totalmente que Norma continuaria com vida. Gary a assassinou, em que pese tivesse uma ordem de distanciamento e a isso se soma a opress\u00e3o como mais uma contradi\u00e7\u00e3o \u00e0s j\u00e1 existentes no interior das for\u00e7as repressivas.<br \/>\nEnt\u00e3o apelar apenas \u00e0 democratiza\u00e7\u00e3o das for\u00e7as repressivas como o faz a Frente Ampla ou apelar a uma m\u00e1gica dissolu\u00e7\u00e3o como fazem as correntes centristas, \u00e9 colocar o bal\u00e3o no lado equivocado da quadra. D\u00e1 a entender por um lado que existe uma possibilidade que s\u00f3 ampliando a democracia sob o sistema capitalista as FFEE deixaram de reprimir para assegurar os lucros da burguesia e por outro apelar \u00e0 m\u00e1gica dissolu\u00e7\u00e3o sem ter um projeto para que isto realmente aconte\u00e7a. \u00c9 preciso estender o chamado \u00e0 base das for\u00e7as repressivas para que mudem de lado, a que lutem contra a opress\u00e3o e pelas demandas da classe trabalhadora do lado da revolu\u00e7\u00e3o, assim enfraquecemos os de cima e se prepara melhor a autodefesa.<br \/>\nPor outro lado, devemos desmascarar o chamado hip\u00f3crita da ministra da mulher por justi\u00e7a via mensagens em redes sociais que s\u00f3 tentam lavar a imagem deste governo genocida. Enquanto nada fizeram para garantir que n\u00e3o continuem havendo mortes de mulheres pelas m\u00e3os de feminicidas. N\u00e3o haver\u00e1 justi\u00e7a real para todas as mulheres assassinadas dentro deste sistema onde a justi\u00e7a \u00e9 s\u00f3 para as ricas e isso ocorre tamb\u00e9m para os altos cargos dentro das for\u00e7as repressivas.<br \/>\nMais do que nunca as mulheres das baixas patentes das for\u00e7as repressivas devem romper com a oficialidade que encoberta a corrup\u00e7\u00e3o, estupros e agress\u00f5es sexuais. Devem deixar de atirar e reprimir o povo, destruir estas for\u00e7as repressivas e sua hierarquia que reproduz o machismo, para lutar junto da classe trabalhadora \u2013 na trincheira oposta a de Pi\u00f1era, a matriarca Luksic e todos os ricos que roubam cada dia at\u00e9 a \u00faltimas gota de suor da classe trabalhadora. Contra o machismo e por todas as demandas que tem imposto a revolu\u00e7\u00e3o, para derrubar o governo de Pi\u00f1era, por uma nova constitui\u00e7\u00e3o atrav\u00e9s de uma assembleia constituinte, sem Pi\u00f1era no poder, sem presos por lutar e por recuperar o que os ricos deste pa\u00eds tem roubado dos trabalhadores por mais de 30 anos.<br \/>\nEm \u00faltima instancia, para lutar pela destrui\u00e7\u00e3o do sistema capitalista e instaurar um governo das e dos trabalhadores que assente as bases para acabar com todo tipo de opress\u00e3o e explora\u00e7\u00e3o.<br \/>\nTradu\u00e7\u00e3o: Am\u00e9rica Riveros<\/p>\n","protected":false},"excerpt":{"rendered":"<p>Diante do caso de Antonia e de \u00c1mbar, tem estado novamente em discuss\u00e3o o abuso e posterior feminic\u00eddio de Norma V\u00e1squez, cabo de Carabineros*. A mesma j\u00e1 tinha denunciado por estupro em julho deste ano, a seu assassino Gary Valenzuela, pertencente \u00e0 oficialidade da mesma institui\u00e7\u00e3o e que j\u00e1 carregava v\u00e1rias den\u00fancias e inclusive est\u00e1 [&hellip;]<\/p>\n","protected":false},"author":13,"featured_media":70758,"menu_order":0,"comment_status":"open","ping_status":"open","sticky":false,"template":"","format":"standard","meta":{"litci_post_political_author":"","footnotes":""},"categories":[145,3493],"tags":[5838,5839,2400,5840],"class_list":["post-61790","post","type-post","status-publish","format-standard","has-post-thumbnail","hentry","category-chile","category-mulheres","tag-femiciidio","tag-forcas-repressivas-e-opressao","tag-mit-chile","tag-norma-vasquez"],"fimg_url":"https:\/\/litci.org\/pt\/wp-content\/uploads\/2020\/10\/Chile-1.jpg","categories_names":["Chile","Mulheres"],"author_info":{"name":"Javier f","pic":"https:\/\/secure.gravatar.com\/avatar\/38f104112503b4b2d43a8972576238b0824db79ccc991f981595fcbc569b0601?s=96&d=mm&r=g"},"political_author":null,"tagline":"","_links":{"self":[{"href":"https:\/\/litci.org\/pt\/wp-json\/wp\/v2\/posts\/61790","targetHints":{"allow":["GET"]}}],"collection":[{"href":"https:\/\/litci.org\/pt\/wp-json\/wp\/v2\/posts"}],"about":[{"href":"https:\/\/litci.org\/pt\/wp-json\/wp\/v2\/types\/post"}],"author":[{"embeddable":true,"href":"https:\/\/litci.org\/pt\/wp-json\/wp\/v2\/users\/13"}],"replies":[{"embeddable":true,"href":"https:\/\/litci.org\/pt\/wp-json\/wp\/v2\/comments?post=61790"}],"version-history":[{"count":0,"href":"https:\/\/litci.org\/pt\/wp-json\/wp\/v2\/posts\/61790\/revisions"}],"wp:featuredmedia":[{"embeddable":true,"href":"https:\/\/litci.org\/pt\/wp-json\/wp\/v2\/media\/70758"}],"wp:attachment":[{"href":"https:\/\/litci.org\/pt\/wp-json\/wp\/v2\/media?parent=61790"}],"wp:term":[{"taxonomy":"category","embeddable":true,"href":"https:\/\/litci.org\/pt\/wp-json\/wp\/v2\/categories?post=61790"},{"taxonomy":"post_tag","embeddable":true,"href":"https:\/\/litci.org\/pt\/wp-json\/wp\/v2\/tags?post=61790"}],"curies":[{"name":"wp","href":"https:\/\/api.w.org\/{rel}","templated":true}]}}