{"id":61538,"date":"2020-08-24T09:34:50","date_gmt":"2020-08-24T11:34:50","guid":{"rendered":"https:\/\/litci.org\/pt\/?p=61538"},"modified":"2020-08-24T09:34:50","modified_gmt":"2020-08-24T11:34:50","slug":"bolivia-a-fome-e-a-indignacao-contra-o-governo-explode-em-mobilizacao","status":"publish","type":"post","link":"https:\/\/litci.org\/pt\/2020\/08\/24\/bolivia-a-fome-e-a-indignacao-contra-o-governo-explode-em-mobilizacao\/","title":{"rendered":"Bol\u00edvia &#124; A fome e a indigna\u00e7\u00e3o contra o governo explode em mobiliza\u00e7\u00e3o"},"content":{"rendered":"<p><em>O governo golpista aplica uma pol\u00edtica genocida ante o Covid 19. <\/em><em>Hospitais p\u00fablicos em colapso, escassez e superfaturamento de medicamentos essenciais, demiss\u00f5es em massa e desemprego, congelamento e redu\u00e7\u00e3o de sal\u00e1rios, viola\u00e7\u00e3o do direito \u00e0 educa\u00e7\u00e3o com a declara\u00e7\u00e3o de encerramento do ano escolar. A Bol\u00edvia vive uma situa\u00e7\u00e3o de desastre por efeito da pol\u00edtica do governo golpista de Yanine A\u00f1ez, que condena ao genoc\u00eddio as maiorias empobrecidas devido \u00e0 absoluta desprote\u00e7\u00e3o diante da pandemia do Covid 19. A Bol\u00edvia ocupa o oitavo lugar de cont\u00e1gios e mortes na regi\u00e3o, com uma elevada concentra\u00e7\u00e3o nos setores sociais empobrecidos.<\/em><br \/>\n<!--more--><br \/>\nPor: Luta Socialista<br \/>\nAs medidas at\u00e9 agora aplicadas t\u00eam favorecido os lucros dos empres\u00e1rios importadores de medicamentos e equipamentos m\u00e9dicos, dos propriet\u00e1rios de cl\u00ednicas privadas e se esfor\u00e7a para proteger os interesses dos bancos e de grandes latif\u00fandios. A isso deve ser acrescentada a corrup\u00e7\u00e3o aberta retratada no esc\u00e2ndalo da compra de respiradores superfaturados, que at\u00e9 hoje n\u00e3o funcionam.<br \/>\nA burguesia reacion\u00e1ria e racista de Santa Cruz, que apoia este governo, pretende estender seu mandato o m\u00e1ximo poss\u00edvel, a fim de garantir o assalto aos recursos do Estado, por isso se pronunciou e pressiona abertamente pela suspens\u00e3o das elei\u00e7\u00f5es nacionais, com o argumento de cuidar da sa\u00fade da popula\u00e7\u00e3o, at\u00e9 que se encontre a cura para a Covid 19, ou seja, manter esse governo at\u00e9 meados de 2021. Esse argumento se demonstra falso, quando \u00a0se v\u00ea nos fatos que o cont\u00e1gio massivo \u00e9 uma pol\u00edtica consciente do governo, que implementou uma &#8220;quarentena din\u00e2mica&#8221;. Esta serviu apenas como justificativa para a repress\u00e3o, pois no dia a dia existem grandes filas e aglomera\u00e7\u00f5es de pessoas, evidentes fontes de cont\u00e1gio, para conseguir alimentos, rem\u00e9dios, filas no transporte p\u00fablico para ir ao trabalho e a grande maioria das pessoas n\u00e3o t\u00eam condi\u00e7\u00f5es de contar com medidas de biosseguran\u00e7a.<br \/>\nA incapacidade do governo, a corrup\u00e7\u00e3o, a repress\u00e3o e o atropelo aos direitos, durante estes nove meses no poder, causaram profunda raiva e indigna\u00e7\u00e3o nas bases e setores empobrecidos, que se expressaram nos v\u00e1rios protestos que diversos setores t\u00eam feito isoladamente.<br \/>\n&nbsp;<br \/>\n<strong>A mobiliza\u00e7\u00e3o e bloqueio de estradas em agosto, express\u00e3o da indigna\u00e7\u00e3o contra o governo.<\/strong><br \/>\nDepois que a press\u00e3o da burguesia e do governo conseguiu aprazar novamente as elei\u00e7\u00f5es, marcadas para 6 de setembro, adiando para 18 de outubro e com pedidos de avalia\u00e7\u00e3o de sua realiza\u00e7\u00e3o de acordo com a curva da pandemia, o mal estar\u00a0 acumulado contra o governo foi aproveitado pelo MAS por meio das lideran\u00e7as da Central Oper\u00e1ria Boliviana (COB) e das organiza\u00e7\u00f5es do Pacto de Unidade, para convocar greve e bloqueio de estradas com o \u00fanico prop\u00f3sito de pedir que a data das elei\u00e7\u00f5es sejam mantidas no dia 6 de setembro.<br \/>\nEssa demanda, embora coincidisse com o sentimento de rep\u00fadio ao governo, da maioria e, portanto, com a vontade de retir\u00e1-lo do poder o mais r\u00e1pido poss\u00edvel, foi usado pelo MAS para levantar a falsa ilus\u00e3o de que com as elei\u00e7\u00f5es e com o triunfo de seu \u00a0candidato, os problemas dos trabalhadores e do povo pobre ser\u00e3o resolvidos. No entanto grande parte da crise atual teve origem nos 14 anos de governo em que eles favoreceram aos empres\u00e1rios e latifundi\u00e1rios que executaram o golpe de estado.<br \/>\nA maior trai\u00e7\u00e3o da lideran\u00e7a da COB foi que atuaram como simples operadores do MAS e n\u00e3o canalizaram a raiva e a vontade de lutar em uma mobiliza\u00e7\u00e3o unit\u00e1ria para impor um programa de emerg\u00eancia oper\u00e1rio, campon\u00eas e popular contra a Covid 19, defendendo sa\u00fade, trabalho e educa\u00e7\u00e3o e pela ren\u00fancia do governo de A\u00f1ez. O car\u00e1ter puramente eleitoral serviu de pretexto para que outras dire\u00e7\u00f5es e setores sociais n\u00e3o fossem \u00e0 luta, como oper\u00e1rios, professores, estudantes secundaristas e universit\u00e1rios, entre outros.<br \/>\nApesar da atitude oportunista e traidora da lideran\u00e7a da COB e do MAS, a raiva contra o governo teve for\u00e7a para impor uma mobiliza\u00e7\u00e3o nacional que at\u00e9 o dia 13 de agosto chegou a organizar mais de 170 pontos de bloqueio e que progressivamente se tornaram massivos e se radicalizaram com a participa\u00e7\u00e3o ativa das bases da cidade de El Alto. A for\u00e7a do movimento tamb\u00e9m se expressou na organiza\u00e7\u00e3o de comit\u00eas de autodefesa para enfrentar as agress\u00f5es de grupos semi fascistas (Resist\u00eancia Kochala, Uni\u00f3n Juvenil Cruce\u00f1ista, etc.) promovido e financiado pelo governo e setores empresariais que com m\u00e9todos violentos e prote\u00e7\u00e3o policial tentaram romper os bloqueios. Assim como fizeram durante o golpe de novembro de 2019, no entanto, nesta ocasi\u00e3o suas a\u00e7\u00f5es encontraram uma resposta organizada a partir de movimentos sociais.<br \/>\n<strong>Enquanto as bases diziam Fora A\u00f1ez e seus ministros! O MAS correu para pactuar com a direita golpista.<\/strong><br \/>\nLonge de unificar as lutas, a burocracia da COB e do Pacto de Unidade seguindo as instru\u00e7\u00f5es do MAS, colocaram a mobiliza\u00e7\u00e3o em um beco sem sa\u00edda, pedindo apenas elei\u00e7\u00f5es no dia 6 de setembro, enquanto os parlamentares do MAS, pelas costas da mobiliza\u00e7\u00e3o, negociavam com os partidos de direita a aprova\u00e7\u00e3o de uma Lei de aceita\u00e7\u00e3o de 18 de outubro como a data das elei\u00e7\u00f5es.<br \/>\nPoucos dias ap\u00f3s o in\u00edcio dos bloqueios e conforme se estendiam, as bases em luta come\u00e7aram a reivindicar que a mobiliza\u00e7\u00e3o j\u00e1 n\u00e3o era s\u00f3 pela data das elei\u00e7\u00f5es, mas pela ren\u00fancia de A\u00f1ez e seus ministros, era pelo direito \u00e0 sa\u00fade, \u00e0 educa\u00e7\u00e3o e ao trabalho.\u00a0\u00a0 Neste momento, o governo, a direita e o MAS come\u00e7aram a se preocupar, o pr\u00f3prio Evo Morales da Argentina come\u00e7ou a pedir aos mobilizados que aceitassem o dia 18 de outubro como data e n\u00e3o pedissem a ren\u00fancia de A\u00f1ez, alegando que o governo deve ser deposto pelo voto e n\u00e3o pela mobiliza\u00e7\u00e3o.<br \/>\nEsta postura foi concretizada em 13 de agosto com a aprova\u00e7\u00e3o e promulga\u00e7\u00e3o da Lei pactuada com o governo e outros partidos de direita, que estabelece 18 de outubro como a data definitiva das elei\u00e7\u00f5es nacionais. Novamente Evo e os dirigentes do MAS chamaram os mobilizados a suspender os bloqueios garantindo que a lei aprovada era suficiente.<br \/>\nNo entanto, a sensa\u00e7\u00e3o nas bases mobilizadas era a de trai\u00e7\u00e3o e uso descarado das lideran\u00e7as sindicais para os fins eleitorais do MAS, este sentimento na base obrigou a burocracia da COB e do Pacto de Unidade a pronunciar-se rejeitando a Lei, declarando-se tra\u00eddos pelos parlamentares do MAS, mas no final chamando a suspender a luta.<br \/>\nAs bases de El Alto foram muito mais contundentes. Reunidas em um massiva assembleia em 14 de agosto, determinaram que n\u00e3o iriam suspender os bloqueios nem a luta at\u00e9 a ren\u00fancia do governo de A\u00f1ez e exigiram o direito \u00e0 sa\u00fade, \u00e0 educa\u00e7\u00e3o e ao trabalho,\u00a0 o fim da persegui\u00e7\u00e3o judicial dos dirigentes e de toda e qualquer pessoa presa por lutar. \u00c9 prov\u00e1vel que pela situa\u00e7\u00e3o de isolamento e cansa\u00e7o, mas acima de tudo<br \/>\npelo papel das lideran\u00e7as MASsitas, seja dif\u00edcil para as bases de El Alto manter a luta, mas sem d\u00favida, mais uma vez, definiram com clareza e determina\u00e7\u00e3o o caminho para a independ\u00eancia de classe e para n\u00e3o confiar nas ilus\u00f5es eleitoralistas.<br \/>\n&nbsp;<br \/>\n<strong>Por um programa de emerg\u00eancia oper\u00e1rio, campon\u00eas e da juventude contra a pandemia e a crise econ\u00f4mica<\/strong><br \/>\nAs \u00faltimas mobiliza\u00e7\u00f5es deixaram evidente que as elei\u00e7\u00f5es n\u00e3o resolver\u00e3o os problemas que enfrentamos, que o pr\u00f3ximo governo que surja dessas elei\u00e7\u00f5es seja Mesa (CC), Arce (MAS) ou A\u00f1ez (JUNTOS) estar\u00e1 a servi\u00e7o dos interesses da burguesia e dos latifundi\u00e1rios. Que apesar de suas diferen\u00e7as, esses partidos n\u00e3o t\u00eam problemas em fazer pactos quando se trata de deter a luta independente do movimento oper\u00e1rio, campon\u00eas e popular.<br \/>\nPor isso, apoiados na enorme vontade de luta que se demonstrou, \u00e9 preciso avan\u00e7ar para recuperar a independ\u00eancia de classe das nossas organiza\u00e7\u00f5es, impulsionando um processo de reorganiza\u00e7\u00e3o sindical que desloque o utilitarismo oportunista dos dirigentes MASistas.<br \/>\nA crise econ\u00f3mica e as pol\u00edticas de genoc\u00eddio pelo Covid 19 n\u00e3o se resolver\u00e3o com as pr\u00f3ximas elei\u00e7\u00f5es, o atual governo ou o pr\u00f3ximo que saia das elei\u00e7\u00f5es, ter\u00e3o como objetivo que a crise seja paga pelos pobres. Por isso, \u00e9 urgente construir um programa de emerg\u00eancia contra a pandemia e a crise econ\u00f4mica que possa ser assumido pela COB e as organiza\u00e7\u00f5es sociais e nos unifique na luta. Sua necessidade foi demonstrada nesta \u00faltima mobiliza\u00e7\u00e3o que enfrentamos sem ter um programa claro.<br \/>\nEste programa deve responder \u00e0s necessidades imediatas de todos os setores, come\u00e7ando pela defesa das fontes de trabalho, a readmiss\u00e3o dos trabalhadores despedidos, a disponibiliza\u00e7\u00e3o de insumos de produ\u00e7\u00e3o e equipamentos de prote\u00e7\u00e3o, garantir o direito \u00e0 educa\u00e7\u00e3o, a expropria\u00e7\u00e3o das cl\u00ednicas privadas, a distribui\u00e7\u00e3o gratuita de medicamentos, a liberdade e o fim da persegui\u00e7\u00e3o judicial dos lutadores sociais, a investiga\u00e7\u00e3o e puni\u00e7\u00e3o dos respons\u00e1veis pelos massacres de Senkata e Sacaba.<br \/>\nMas ao mesmo tempo considerando que a pandemia e crise t\u00eam origem no sistema capitalista, este programa deve colocar abertamente a luta pelo Socialismo, enfrentando e derrubando os governos servis ao imperialismo, tanto da direita tradicional como do reformismo traidor como o MAS. N\u00f3s da\u00a0 Luta Socialista, nos colocamos \u00e0 disposi\u00e7\u00e3o desta grande tarefa.<br \/>\nNo encerramento da edi\u00e7\u00e3o deste artigo, foi divulgado o atentado com explosivos na sede da Central Oper\u00e1ria Boliviana. Responsabilizamos por estes atos criminosos os bandos da direita racista e antidemocr\u00e1tica do nosso pa\u00eds e a cumplicidade do governo golpista. Exigimos investiga\u00e7\u00e3o e puni\u00e7\u00e3o, n\u00e3o s\u00f3 dos respons\u00e1veis materiais que supostamente j\u00e1 foram detidos, mas dos poderosos que est\u00e3o por tr\u00e1s destes fatos.<br \/>\n<strong>&#8211; N\u00c3O \u00c0 CRIMINALIZA\u00c7\u00c3O DO PROTESTO, FIM DOS PROCESSOS JUDICIAIS CONTRA DIRIGENTES DAS ORGANIZA\u00c7\u00d5ES!<\/strong><br \/>\n<strong>&#8211; LIBERDADE A TODAS E A TODOS OS PRESOS POR LUTAR!<\/strong><br \/>\n<strong>&#8211; FORA GOVERNO GOLPISTA E CORRUPTO DE A\u00d1EZ!<\/strong><br \/>\nTradu\u00e7\u00e3o: Vitor Jambo<br \/>\n&nbsp;<\/p>\n","protected":false},"excerpt":{"rendered":"<p>O governo golpista aplica uma pol\u00edtica genocida ante o Covid 19. Hospitais p\u00fablicos em colapso, escassez e superfaturamento de medicamentos essenciais, demiss\u00f5es em massa e desemprego, congelamento e redu\u00e7\u00e3o de sal\u00e1rios, viola\u00e7\u00e3o do direito \u00e0 educa\u00e7\u00e3o com a declara\u00e7\u00e3o de encerramento do ano escolar. A Bol\u00edvia vive uma situa\u00e7\u00e3o de desastre por efeito da pol\u00edtica [&hellip;]<\/p>\n","protected":false},"author":13,"featured_media":70660,"menu_order":0,"comment_status":"open","ping_status":"open","sticky":false,"template":"","format":"standard","meta":{"litci_post_political_author":"","footnotes":""},"categories":[477,30],"tags":[5767,5768,5027,515,5769,5770,5771],"class_list":["post-61538","post","type-post","status-publish","format-standard","has-post-thumbnail","hentry","category-bolivia","category-coronavirus","tag-cob-bolivia","tag-coronavirus-bolivia","tag-eleicoes-bolivia","tag-especial-coronavirus","tag-luta-socialista","tag-mas-bolivia","tag-yanine-anez"],"fimg_url":"https:\/\/litci.org\/pt\/wp-content\/uploads\/2020\/08\/5f28217359bf5b056e4401ed-1.jpg","categories_names":["Bol\u00edvia","Pandemia"],"author_info":{"name":"Javier f","pic":"https:\/\/secure.gravatar.com\/avatar\/38f104112503b4b2d43a8972576238b0824db79ccc991f981595fcbc569b0601?s=96&d=mm&r=g"},"political_author":null,"tagline":"","_links":{"self":[{"href":"https:\/\/litci.org\/pt\/wp-json\/wp\/v2\/posts\/61538","targetHints":{"allow":["GET"]}}],"collection":[{"href":"https:\/\/litci.org\/pt\/wp-json\/wp\/v2\/posts"}],"about":[{"href":"https:\/\/litci.org\/pt\/wp-json\/wp\/v2\/types\/post"}],"author":[{"embeddable":true,"href":"https:\/\/litci.org\/pt\/wp-json\/wp\/v2\/users\/13"}],"replies":[{"embeddable":true,"href":"https:\/\/litci.org\/pt\/wp-json\/wp\/v2\/comments?post=61538"}],"version-history":[{"count":0,"href":"https:\/\/litci.org\/pt\/wp-json\/wp\/v2\/posts\/61538\/revisions"}],"wp:featuredmedia":[{"embeddable":true,"href":"https:\/\/litci.org\/pt\/wp-json\/wp\/v2\/media\/70660"}],"wp:attachment":[{"href":"https:\/\/litci.org\/pt\/wp-json\/wp\/v2\/media?parent=61538"}],"wp:term":[{"taxonomy":"category","embeddable":true,"href":"https:\/\/litci.org\/pt\/wp-json\/wp\/v2\/categories?post=61538"},{"taxonomy":"post_tag","embeddable":true,"href":"https:\/\/litci.org\/pt\/wp-json\/wp\/v2\/tags?post=61538"}],"curies":[{"name":"wp","href":"https:\/\/api.w.org\/{rel}","templated":true}]}}